{"id":68048,"date":"2025-09-16T16:30:29","date_gmt":"2025-09-16T14:30:29","guid":{"rendered":"https:\/\/imagazine.it\/home_desk\/?p=68048"},"modified":"2025-09-16T16:30:52","modified_gmt":"2025-09-16T14:30:52","slug":"andrea-le-yu-fior-atleta-dellanno","status":"publish","type":"post","link":"https:\/\/imagazine.it\/home_desk\/andrea-le-yu-fior-atleta-dellanno\/","title":{"rendered":"Andrea Le Yu Fior atleta dell&#8217;anno"},"content":{"rendered":"<p><span style=\"font-size: 10pt;\"><em>Da sinistra Comisso, Fior e Balducci (ph. Claudio Pizzin)<\/em><\/span><\/p>\n<p>CERVIGNANO DEL FRULI \u2013 Il Gran Gal\u00e0 delle Sport di Cervignano ha decretato <strong>Andrea Le Yu Fior<\/strong> atleta dell\u2019anno 2025 (<span style=\"text-decoration: underline;\"><a href=\"https:\/\/imagazine.it\/home_desk\/andrea-le-yu-fior-al-ritmo-dellacqua\/\">clicca qui per leggere la sua storia<\/a><\/span>).<\/p>\n<p>Al teatro Pasolini \u00e8 andato in scena il tradizionale evento promosso dalla sezione cittadine del Veterani dello Sport per omaggiare atleti, dirigenti e associazioni sportive che si sono contraddistinti dell\u2019ultimo anno.<\/p>\n<p>Presentati da <strong>Paolo Medeossi<\/strong> e <strong>Martina Delpiccolo<\/strong>, hanno portato i rispettivi saluti istituzionali il presidente dei Veterani sportivi, <strong>Giorgio Comisso<\/strong>, il sindaco di Cervignano, <strong>Andrea Balducci<\/strong>, il parroco <strong>don Sinuhe Marotta<\/strong> e l\u2019assessore regionale allo sport, <strong>Mario Anzil<\/strong>.<\/p>\n<p>Un riconoscimento speciale \u00e8 stato assegnato sia agli educatori del Campp Crse Nuove Opportunit\u00e0 Est di Cervignano (Luca Bennici, Sara Antonutti, Cristina Bianchi, Ilaria Cossar, Lorenzo Fumo, Michela Gonella e Veronica Zaiti) sia agli ospiti (Alessandro Arcuri, Monica Buchini, Michele Casasola, Beatrice Chiavotti, Giulio Coghetto Gregoris, Andrea Dentesano, Federico Dimastrodonato, Francesco Feresin, Francesco Marra, Lorenzo Menossi, Cristiana Missio, Sonia Pitta e Sonia Stroppolo)<\/p>\n<p>I veterani collaborano ormai da diversi anni con questa realt\u00e0 per promuovere attivit\u00e0 ludico-sportive quali il gioco delle bocce e della pallacanestro, ma anche organizzando tornei e manifestazioni.<\/p>\n<h3>Gli altri premiati<\/h3>\n<p>LORENZO BIVI<\/p>\n<p>Convocato con la Nazionale italiana under 12 baseball, campionato europeo a Hluboka, Repubblica Ceca luglio 2025.<\/p>\n<p>SARA FURLANUT e JULIA USOPIAZZA<\/p>\n<p>Convocate con la Nazionale italiana Under 13 softball, torneo internazionale EMRYT\u00a0Collecchio luglio 2025.<\/p>\n<p>RUBEN PAVIOTTI e THOMAS CHINELLO<\/p>\n<p>Hanno fatto parte di una squadra che, dopo aver vinto la fase europea a Praga, ad agosto hanno partecipato alla Pony World Series a Washington. \u00c8 stata la prima volta che una formazione italiana abbia fatto parte di una manifestazione di cos\u00ec alto livello!<\/p>\n<p>VALENTINA GRIECO<\/p>\n<p>Seria e infaticabile lavoratrice, in pochi anni ha riorganizzato in modo autorevole, intelligente e organico la parte logistica dell\u2019Asd Cervignano Baseball e Softball, chiamando a collaborare uno staff nuovo e motivato.<\/p>\n<p>FRANCESCO CIRINA\u2019<\/p>\n<p>Ci sono persone che per la loro capacit\u00e0 di incidere nella vita di un movimento ne diventano il simbolo, Francesco per la Juvenilia Rugby di Bagnaria Arsa \u00e8 sicuramente una di queste.<\/p>\n<p>Non \u00e8 solo un dirigente della Juvenilia, rivestendo anche importanti incarichi a livello nazionale, \u00e8 molto di pi\u00f9.<\/p>\n<p>Grazie al suo impegno costante e duraturo la Juvenilia Rugby di Bagnaria Arsa \u00e8 cresciuta moltissimo negli anni diventando ormai un punto di riferimento importante per il movimento del Rugby regionale e non solo.<\/p>\n<p>DARIO CECCOTTI<\/p>\n<p>Ha disputato diversi campionati nel ruolo di portiere con l\u2019ASD Strassoldo, con la squadra Juniores della Pro Cervignano e con diverse squadre amatoriali.<\/p>\n<p>Attualmente \u00e8 il viceallenatore dell\u2019ASD Strassoldo ma soprattutto un eccellente collaboratore.<\/p>\n<p>Dario \u00e8 una di quelle persone che non si tirano mai indietro, pronte a dare una mano in ogni situazione. La sua dedizione, il senso di responsabilit\u00e0 e la costanza rappresentano un esempio prezioso e dimostrano quanto sia importante, per una societ\u00e0 sportiva, avere persone di questo spessore umano.<\/p>\n<p>MARCO LOSTUZZI<\/p>\n<p>Per oltre 30 anni ha svolto regate in barca a vela sia in Italia che all\u2019estero<\/p>\n<p>Poi Triathlon, prima gare brevi poi sempre pi\u00f9 lunghe fino ad arrivare agli Ironman.<\/p>\n<p>Quindi ciclismo con ottimi piazzamenti nella categoria Master 5.\u00a0Adesso anche nel podismo e con ottimi risultati.<\/p>\n<p>ALESSANDRO CORSO<\/p>\n<p>Corse brevi e veloci come la mezza maratona, pi\u00f9 lunghe come le maratone e di resistenza come le ultramaratone e complesse e faticose come le corse di montagna.<br \/>\nTutte, sempre indossando la maglia del Gruppo Marciatori Cervignano.<\/p>\n<p>CRISTINA MUNICH<\/p>\n<p>Sportiva da sempre, dal 2013 inizia a dedicarsi alla &#8220;corsa&#8221; la cui passione la porta a cimentarsi in numerose mezze maratone, in altrettante gare podistiche di svariate distanze e in un numero discreto di maratone tra le quali spiccano tre fra le World Marathon Majors: Berlino, Londra e New York.<\/p>\n<p>Nell&#8217;aprile del 2025 ha corso la sua prima ultramaratona, la &#8220;50 km di Romagna&#8221; insieme ad alcuni atleti del Gruppo Marciatori Cervignano e si accinge ad affrontare la maratona di Chicago.<\/p>\n<p>CRISTINA FRACAROS e GIORGIA TIBERIO sono due calciatrici professioniste che hanno iniziato la loro carriera calcistica nella Pro Cervignano per poi spiccare il volo in societ\u00e0 sportive professionistiche e illustra brevemente la storia del calcio femminile in Inghilterra e in Italia.<\/p>\n<div id=\"metaslider-id-68049\" style=\"max-width: 700px;\" class=\"ml-slider-3-108-0 metaslider metaslider-flex metaslider-68049 ml-slider has-dots-nav ms-theme-default-base\" role=\"region\" aria-label=\"Gran Gal\u00e0 dello Sport 2025\" data-height=\"500\" data-width=\"700\">\n    <div id=\"metaslider_container_68049\">\n        <div id=\"metaslider_68049\">\n            <ul aria-live='off' class='slides'>\n                <li style=\"display: block; width: 100%;\" class=\"slide-68066 ms-image \" aria-roledescription=\"slide\" data-date=\"2025-09-16 16:27:09\" data-filename=\"Gala-2025-9.jpg\" data-slide-type=\"image\"><img loading=\"lazy\" decoding=\"async\" width=\"1000\" height=\"667\" src=\"https:\/\/imagazine.it\/wp-content\/uploads\/2025\/09\/Gala-2025-9.jpg\" class=\"slider-68049 slide-68066 msDefaultImage\" alt=\"\" rel=\"\" title=\"_Gal\u00e0 2025-9\" srcset=\"https:\/\/imagazine.it\/wp-content\/uploads\/2025\/09\/Gala-2025-9.jpg 1000w, https:\/\/imagazine.it\/wp-content\/uploads\/2025\/09\/Gala-2025-9-300x200.jpg 300w, https:\/\/imagazine.it\/wp-content\/uploads\/2025\/09\/Gala-2025-9-768x512.jpg 768w, https:\/\/imagazine.it\/wp-content\/uploads\/2025\/09\/Gala-2025-9-391x260.jpg 391w, https:\/\/imagazine.it\/wp-content\/uploads\/2025\/09\/Gala-2025-9-272x182.jpg 272w\" sizes=\"auto, (max-width: 1000px) 100vw, 1000px\"><div class=\"caption-wrap\"><div class=\"caption\"><div>(ph. Claudio Pizzin)<\/div><\/div><\/div><\/li>\n                <li style=\"display: none; width: 100%;\" class=\"slide-68067 ms-image \" aria-roledescription=\"slide\" data-date=\"2025-09-16 16:27:09\" data-filename=\"Gala-2025-10.jpg\" data-slide-type=\"image\"><img loading=\"lazy\" decoding=\"async\" width=\"1000\" height=\"667\" src=\"https:\/\/imagazine.it\/wp-content\/uploads\/2025\/09\/Gala-2025-10.jpg\" class=\"slider-68049 slide-68067 msDefaultImage\" alt=\"\" rel=\"\" title=\"_Gal\u00e0 2025-10\" srcset=\"https:\/\/imagazine.it\/wp-content\/uploads\/2025\/09\/Gala-2025-10.jpg 1000w, https:\/\/imagazine.it\/wp-content\/uploads\/2025\/09\/Gala-2025-10-300x200.jpg 300w, https:\/\/imagazine.it\/wp-content\/uploads\/2025\/09\/Gala-2025-10-768x512.jpg 768w, https:\/\/imagazine.it\/wp-content\/uploads\/2025\/09\/Gala-2025-10-391x260.jpg 391w, https:\/\/imagazine.it\/wp-content\/uploads\/2025\/09\/Gala-2025-10-272x182.jpg 272w\" sizes=\"auto, (max-width: 1000px) 100vw, 1000px\"><div class=\"caption-wrap\"><div class=\"caption\"><div>(ph. Claudio Pizzin)<\/div><\/div><\/div><\/li>\n                <li style=\"display: none; width: 100%;\" class=\"slide-68068 ms-image \" aria-roledescription=\"slide\" data-date=\"2025-09-16 16:27:09\" data-filename=\"Gala-2025-11.jpg\" data-slide-type=\"image\"><img loading=\"lazy\" decoding=\"async\" width=\"1000\" height=\"667\" src=\"https:\/\/imagazine.it\/wp-content\/uploads\/2025\/09\/Gala-2025-11.jpg\" class=\"slider-68049 slide-68068 msDefaultImage\" alt=\"\" rel=\"\" title=\"_Gal\u00e0 2025-11\" srcset=\"https:\/\/imagazine.it\/wp-content\/uploads\/2025\/09\/Gala-2025-11.jpg 1000w, https:\/\/imagazine.it\/wp-content\/uploads\/2025\/09\/Gala-2025-11-300x200.jpg 300w, https:\/\/imagazine.it\/wp-content\/uploads\/2025\/09\/Gala-2025-11-768x512.jpg 768w, https:\/\/imagazine.it\/wp-content\/uploads\/2025\/09\/Gala-2025-11-391x260.jpg 391w, https:\/\/imagazine.it\/wp-content\/uploads\/2025\/09\/Gala-2025-11-272x182.jpg 272w\" sizes=\"auto, (max-width: 1000px) 100vw, 1000px\"><div class=\"caption-wrap\"><div class=\"caption\"><div>(ph. Claudio Pizzin)<\/div><\/div><\/div><\/li>\n                <li style=\"display: none; width: 100%;\" class=\"slide-68069 ms-image \" aria-roledescription=\"slide\" data-date=\"2025-09-16 16:27:10\" data-filename=\"Gala-2025-12.jpg\" data-slide-type=\"image\"><img loading=\"lazy\" decoding=\"async\" width=\"1000\" height=\"783\" src=\"https:\/\/imagazine.it\/wp-content\/uploads\/2025\/09\/Gala-2025-12.jpg\" class=\"slider-68049 slide-68069 msDefaultImage\" alt=\"\" rel=\"\" title=\"_Gal\u00e0 2025-12\" srcset=\"https:\/\/imagazine.it\/wp-content\/uploads\/2025\/09\/Gala-2025-12.jpg 1000w, https:\/\/imagazine.it\/wp-content\/uploads\/2025\/09\/Gala-2025-12-300x235.jpg 300w, https:\/\/imagazine.it\/wp-content\/uploads\/2025\/09\/Gala-2025-12-768x601.jpg 768w\" sizes=\"auto, (max-width: 1000px) 100vw, 1000px\"><div class=\"caption-wrap\"><div class=\"caption\"><div>(ph. Claudio Pizzin)<\/div><\/div><\/div><\/li>\n                <li style=\"display: none; width: 100%;\" class=\"slide-68070 ms-image \" aria-roledescription=\"slide\" data-date=\"2025-09-16 16:27:10\" data-filename=\"Gala-2025-17.jpg\" data-slide-type=\"image\"><img loading=\"lazy\" decoding=\"async\" width=\"1000\" height=\"667\" src=\"https:\/\/imagazine.it\/wp-content\/uploads\/2025\/09\/Gala-2025-17.jpg\" class=\"slider-68049 slide-68070 msDefaultImage\" alt=\"\" rel=\"\" title=\"_Gal\u00e0 2025-17\" srcset=\"https:\/\/imagazine.it\/wp-content\/uploads\/2025\/09\/Gala-2025-17.jpg 1000w, https:\/\/imagazine.it\/wp-content\/uploads\/2025\/09\/Gala-2025-17-300x200.jpg 300w, https:\/\/imagazine.it\/wp-content\/uploads\/2025\/09\/Gala-2025-17-768x512.jpg 768w, https:\/\/imagazine.it\/wp-content\/uploads\/2025\/09\/Gala-2025-17-391x260.jpg 391w, https:\/\/imagazine.it\/wp-content\/uploads\/2025\/09\/Gala-2025-17-272x182.jpg 272w\" sizes=\"auto, (max-width: 1000px) 100vw, 1000px\"><div class=\"caption-wrap\"><div class=\"caption\"><div>(ph. Claudio Pizzin)<\/div><\/div><\/div><\/li>\n                <li style=\"display: none; width: 100%;\" class=\"slide-68071 ms-image \" aria-roledescription=\"slide\" data-date=\"2025-09-16 16:27:10\" data-filename=\"Gala-2025-18.jpg\" data-slide-type=\"image\"><img loading=\"lazy\" decoding=\"async\" width=\"1000\" height=\"667\" src=\"https:\/\/imagazine.it\/wp-content\/uploads\/2025\/09\/Gala-2025-18.jpg\" class=\"slider-68049 slide-68071 msDefaultImage\" alt=\"\" rel=\"\" title=\"_Gal\u00e0 2025-18\" srcset=\"https:\/\/imagazine.it\/wp-content\/uploads\/2025\/09\/Gala-2025-18.jpg 1000w, https:\/\/imagazine.it\/wp-content\/uploads\/2025\/09\/Gala-2025-18-300x200.jpg 300w, https:\/\/imagazine.it\/wp-content\/uploads\/2025\/09\/Gala-2025-18-768x512.jpg 768w, https:\/\/imagazine.it\/wp-content\/uploads\/2025\/09\/Gala-2025-18-391x260.jpg 391w, https:\/\/imagazine.it\/wp-content\/uploads\/2025\/09\/Gala-2025-18-272x182.jpg 272w\" sizes=\"auto, (max-width: 1000px) 100vw, 1000px\"><div class=\"caption-wrap\"><div class=\"caption\"><div>(ph. Claudio Pizzin)<\/div><\/div><\/div><\/li>\n                <li style=\"display: none; width: 100%;\" class=\"slide-68072 ms-image \" aria-roledescription=\"slide\" data-date=\"2025-09-16 16:27:10\" data-filename=\"Gala-2025-19.jpg\" data-slide-type=\"image\"><img loading=\"lazy\" decoding=\"async\" width=\"1000\" height=\"667\" src=\"https:\/\/imagazine.it\/wp-content\/uploads\/2025\/09\/Gala-2025-19.jpg\" class=\"slider-68049 slide-68072 msDefaultImage\" alt=\"\" rel=\"\" title=\"_Gal\u00e0 2025-19\" srcset=\"https:\/\/imagazine.it\/wp-content\/uploads\/2025\/09\/Gala-2025-19.jpg 1000w, https:\/\/imagazine.it\/wp-content\/uploads\/2025\/09\/Gala-2025-19-300x200.jpg 300w, https:\/\/imagazine.it\/wp-content\/uploads\/2025\/09\/Gala-2025-19-768x512.jpg 768w, https:\/\/imagazine.it\/wp-content\/uploads\/2025\/09\/Gala-2025-19-391x260.jpg 391w, https:\/\/imagazine.it\/wp-content\/uploads\/2025\/09\/Gala-2025-19-272x182.jpg 272w\" sizes=\"auto, (max-width: 1000px) 100vw, 1000px\"><div class=\"caption-wrap\"><div class=\"caption\"><div>(ph. Claudio Pizzin)<\/div><\/div><\/div><\/li>\n                <li style=\"display: none; width: 100%;\" class=\"slide-68073 ms-image \" aria-roledescription=\"slide\" data-date=\"2025-09-16 16:27:11\" data-filename=\"Gala-2025-24.jpg\" data-slide-type=\"image\"><img loading=\"lazy\" decoding=\"async\" width=\"1000\" height=\"688\" src=\"https:\/\/imagazine.it\/wp-content\/uploads\/2025\/09\/Gala-2025-24.jpg\" class=\"slider-68049 slide-68073 msDefaultImage\" alt=\"\" rel=\"\" title=\"_Gal\u00e0 2025-24\" srcset=\"https:\/\/imagazine.it\/wp-content\/uploads\/2025\/09\/Gala-2025-24.jpg 1000w, https:\/\/imagazine.it\/wp-content\/uploads\/2025\/09\/Gala-2025-24-300x206.jpg 300w, https:\/\/imagazine.it\/wp-content\/uploads\/2025\/09\/Gala-2025-24-768x528.jpg 768w\" sizes=\"auto, (max-width: 1000px) 100vw, 1000px\"><div class=\"caption-wrap\"><div class=\"caption\"><div>(ph. Claudio Pizzin)<\/div><\/div><\/div><\/li>\n                <li style=\"display: none; width: 100%;\" class=\"slide-68074 ms-image \" aria-roledescription=\"slide\" data-date=\"2025-09-16 16:27:11\" data-filename=\"Gala-2025-1.jpg\" data-slide-type=\"image\"><img loading=\"lazy\" decoding=\"async\" width=\"800\" height=\"602\" src=\"https:\/\/imagazine.it\/wp-content\/uploads\/2025\/09\/Gala-2025-1.jpg\" class=\"slider-68049 slide-68074 msDefaultImage\" alt=\"\" rel=\"\" title=\"_Gal\u00e0 2025-1\" srcset=\"https:\/\/imagazine.it\/wp-content\/uploads\/2025\/09\/Gala-2025-1.jpg 800w, https:\/\/imagazine.it\/wp-content\/uploads\/2025\/09\/Gala-2025-1-300x226.jpg 300w, https:\/\/imagazine.it\/wp-content\/uploads\/2025\/09\/Gala-2025-1-768x578.jpg 768w\" sizes=\"auto, (max-width: 800px) 100vw, 800px\"><div class=\"caption-wrap\"><div class=\"caption\"><div>(ph. Claudio Pizzin)<\/div><\/div><\/div><\/li>\n                <li style=\"display: none; width: 100%;\" class=\"slide-68075 ms-image \" aria-roledescription=\"slide\" data-date=\"2025-09-16 16:27:11\" data-filename=\"Gala-2025-2.jpg\" data-slide-type=\"image\"><img loading=\"lazy\" decoding=\"async\" width=\"1000\" height=\"667\" src=\"https:\/\/imagazine.it\/wp-content\/uploads\/2025\/09\/Gala-2025-2.jpg\" class=\"slider-68049 slide-68075 msDefaultImage\" alt=\"\" rel=\"\" title=\"_Gal\u00e0 2025-2\" srcset=\"https:\/\/imagazine.it\/wp-content\/uploads\/2025\/09\/Gala-2025-2.jpg 1000w, https:\/\/imagazine.it\/wp-content\/uploads\/2025\/09\/Gala-2025-2-300x200.jpg 300w, https:\/\/imagazine.it\/wp-content\/uploads\/2025\/09\/Gala-2025-2-768x512.jpg 768w, https:\/\/imagazine.it\/wp-content\/uploads\/2025\/09\/Gala-2025-2-391x260.jpg 391w, https:\/\/imagazine.it\/wp-content\/uploads\/2025\/09\/Gala-2025-2-272x182.jpg 272w\" sizes=\"auto, (max-width: 1000px) 100vw, 1000px\"><div class=\"caption-wrap\"><div class=\"caption\"><div>(ph. Claudio Pizzin)<\/div><\/div><\/div><\/li>\n                <li style=\"display: none; width: 100%;\" class=\"slide-68076 ms-image \" aria-roledescription=\"slide\" data-date=\"2025-09-16 16:27:12\" data-filename=\"Gala-2025-3.jpg\" data-slide-type=\"image\"><img loading=\"lazy\" decoding=\"async\" width=\"1000\" height=\"667\" src=\"https:\/\/imagazine.it\/wp-content\/uploads\/2025\/09\/Gala-2025-3.jpg\" class=\"slider-68049 slide-68076 msDefaultImage\" alt=\"\" rel=\"\" title=\"_Gal\u00e0 2025-3\" srcset=\"https:\/\/imagazine.it\/wp-content\/uploads\/2025\/09\/Gala-2025-3.jpg 1000w, https:\/\/imagazine.it\/wp-content\/uploads\/2025\/09\/Gala-2025-3-300x200.jpg 300w, https:\/\/imagazine.it\/wp-content\/uploads\/2025\/09\/Gala-2025-3-768x512.jpg 768w, https:\/\/imagazine.it\/wp-content\/uploads\/2025\/09\/Gala-2025-3-391x260.jpg 391w, https:\/\/imagazine.it\/wp-content\/uploads\/2025\/09\/Gala-2025-3-272x182.jpg 272w\" sizes=\"auto, (max-width: 1000px) 100vw, 1000px\"><div class=\"caption-wrap\"><div class=\"caption\"><div>(ph. Claudio Pizzin)<\/div><\/div><\/div><\/li>\n                <li style=\"display: none; width: 100%;\" class=\"slide-68077 ms-image \" aria-roledescription=\"slide\" data-date=\"2025-09-16 16:27:12\" data-filename=\"Gala-2025-4.jpg\" data-slide-type=\"image\"><img loading=\"lazy\" decoding=\"async\" width=\"1000\" height=\"667\" src=\"https:\/\/imagazine.it\/wp-content\/uploads\/2025\/09\/Gala-2025-4.jpg\" class=\"slider-68049 slide-68077 msDefaultImage\" alt=\"\" rel=\"\" title=\"_Gal\u00e0 2025-4\" srcset=\"https:\/\/imagazine.it\/wp-content\/uploads\/2025\/09\/Gala-2025-4.jpg 1000w, https:\/\/imagazine.it\/wp-content\/uploads\/2025\/09\/Gala-2025-4-300x200.jpg 300w, https:\/\/imagazine.it\/wp-content\/uploads\/2025\/09\/Gala-2025-4-768x512.jpg 768w, https:\/\/imagazine.it\/wp-content\/uploads\/2025\/09\/Gala-2025-4-391x260.jpg 391w, https:\/\/imagazine.it\/wp-content\/uploads\/2025\/09\/Gala-2025-4-272x182.jpg 272w\" sizes=\"auto, (max-width: 1000px) 100vw, 1000px\"><div class=\"caption-wrap\"><div class=\"caption\"><div>(ph. Claudio Pizzin)<\/div><\/div><\/div><\/li>\n                <li style=\"display: none; width: 100%;\" class=\"slide-68078 ms-image \" aria-roledescription=\"slide\" data-date=\"2025-09-16 16:27:12\" data-filename=\"Gala-2025-5.jpg\" data-slide-type=\"image\"><img loading=\"lazy\" decoding=\"async\" width=\"1000\" height=\"667\" src=\"https:\/\/imagazine.it\/wp-content\/uploads\/2025\/09\/Gala-2025-5.jpg\" class=\"slider-68049 slide-68078 msDefaultImage\" alt=\"\" rel=\"\" title=\"_Gal\u00e0 2025-5\" srcset=\"https:\/\/imagazine.it\/wp-content\/uploads\/2025\/09\/Gala-2025-5.jpg 1000w, https:\/\/imagazine.it\/wp-content\/uploads\/2025\/09\/Gala-2025-5-300x200.jpg 300w, https:\/\/imagazine.it\/wp-content\/uploads\/2025\/09\/Gala-2025-5-768x512.jpg 768w, https:\/\/imagazine.it\/wp-content\/uploads\/2025\/09\/Gala-2025-5-391x260.jpg 391w, https:\/\/imagazine.it\/wp-content\/uploads\/2025\/09\/Gala-2025-5-272x182.jpg 272w\" sizes=\"auto, (max-width: 1000px) 100vw, 1000px\"><div class=\"caption-wrap\"><div class=\"caption\"><div>(ph. Claudio Pizzin)<\/div><\/div><\/div><\/li>\n                <li style=\"display: none; width: 100%;\" class=\"slide-68079 ms-image \" aria-roledescription=\"slide\" data-date=\"2025-09-16 16:27:12\" data-filename=\"Gala-2025-6.jpg\" data-slide-type=\"image\"><img loading=\"lazy\" decoding=\"async\" width=\"1000\" height=\"667\" src=\"https:\/\/imagazine.it\/wp-content\/uploads\/2025\/09\/Gala-2025-6.jpg\" class=\"slider-68049 slide-68079 msDefaultImage\" alt=\"\" rel=\"\" title=\"_Gal\u00e0 2025-6\" srcset=\"https:\/\/imagazine.it\/wp-content\/uploads\/2025\/09\/Gala-2025-6.jpg 1000w, https:\/\/imagazine.it\/wp-content\/uploads\/2025\/09\/Gala-2025-6-300x200.jpg 300w, https:\/\/imagazine.it\/wp-content\/uploads\/2025\/09\/Gala-2025-6-768x512.jpg 768w, https:\/\/imagazine.it\/wp-content\/uploads\/2025\/09\/Gala-2025-6-391x260.jpg 391w, https:\/\/imagazine.it\/wp-content\/uploads\/2025\/09\/Gala-2025-6-272x182.jpg 272w\" sizes=\"auto, (max-width: 1000px) 100vw, 1000px\"><div class=\"caption-wrap\"><div class=\"caption\"><div>(ph. Claudio Pizzin)<\/div><\/div><\/div><\/li>\n                <li style=\"display: none; width: 100%;\" class=\"slide-68080 ms-image \" aria-roledescription=\"slide\" data-date=\"2025-09-16 16:27:13\" data-filename=\"Gala-2025-7.jpg\" data-slide-type=\"image\"><img loading=\"lazy\" decoding=\"async\" width=\"1000\" height=\"667\" src=\"https:\/\/imagazine.it\/wp-content\/uploads\/2025\/09\/Gala-2025-7.jpg\" class=\"slider-68049 slide-68080 msDefaultImage\" alt=\"\" rel=\"\" title=\"_Gal\u00e0 2025-7\" srcset=\"https:\/\/imagazine.it\/wp-content\/uploads\/2025\/09\/Gala-2025-7.jpg 1000w, https:\/\/imagazine.it\/wp-content\/uploads\/2025\/09\/Gala-2025-7-300x200.jpg 300w, https:\/\/imagazine.it\/wp-content\/uploads\/2025\/09\/Gala-2025-7-768x512.jpg 768w, https:\/\/imagazine.it\/wp-content\/uploads\/2025\/09\/Gala-2025-7-391x260.jpg 391w, https:\/\/imagazine.it\/wp-content\/uploads\/2025\/09\/Gala-2025-7-272x182.jpg 272w\" sizes=\"auto, (max-width: 1000px) 100vw, 1000px\"><div class=\"caption-wrap\"><div class=\"caption\"><div>(ph. Claudio Pizzin)<\/div><\/div><\/div><\/li>\n                <li style=\"display: none; width: 100%;\" class=\"slide-68081 ms-image \" aria-roledescription=\"slide\" data-date=\"2025-09-16 16:27:13\" data-filename=\"Gala-2025-8.jpg\" data-slide-type=\"image\"><img loading=\"lazy\" decoding=\"async\" width=\"1000\" height=\"731\" src=\"https:\/\/imagazine.it\/wp-content\/uploads\/2025\/09\/Gala-2025-8.jpg\" class=\"slider-68049 slide-68081 msDefaultImage\" alt=\"\" rel=\"\" title=\"_Gal\u00e0 2025-8\" srcset=\"https:\/\/imagazine.it\/wp-content\/uploads\/2025\/09\/Gala-2025-8.jpg 1000w, https:\/\/imagazine.it\/wp-content\/uploads\/2025\/09\/Gala-2025-8-300x219.jpg 300w, https:\/\/imagazine.it\/wp-content\/uploads\/2025\/09\/Gala-2025-8-768x561.jpg 768w\" sizes=\"auto, (max-width: 1000px) 100vw, 1000px\"><div class=\"caption-wrap\"><div class=\"caption\"><div>(ph. Claudio Pizzin)<\/div><\/div><\/div><\/li>\n            <\/ul>\n        <\/div>\n        \n    <\/div>\n<\/div>\n<p>CATERINA FRACAROS<\/p>\n<p>Dopo l\u2019inizio nella Pro Cervignano (dai 5 ai 13 anni) passa a Pordenone, poi al Tavagnacco raggiungendo la Serie A.<\/p>\n<p>Quindi a Milano nelle file dell\u2019Inter, ma un brutto infortunio la ferma per diverso tempo. Il rientro agonistico avviene con il Cittadella, poi a Brescia, a Parma, a Napoli, a Cuneo \u2026 oggi al Bologna! Vanta anche esperienze maturate con le nazionali Under 17, Under 19 e Under 23<\/p>\n<p>GIORGIA TIBERIO<\/p>\n<p>Comincia a 5 anni con i Piccoli Amici della Pro Cervignano, poi prosegue con il Terzo e quindi approda a Tavagnacco.<\/p>\n<p>Dopo le trafile in tutte le categorie giovanili a 16 anni esordisce in serie A.<\/p>\n<p>Quindi a Verona, nell\u2019AGSM e nell\u2019Hellas Verona Women.<\/p>\n<p>Poi a Padova e successivamente al Riccione nel campionato di serie C e nella Coppa Italia, diventando anche la capitana della squadra.<\/p>\n<p>FABRIZIO MENIA<\/p>\n<p>Tiratore friulano nella specialit\u00e0 FOSSA OLIMPICA, CATEGORIA &#8220;PT1&#8221;, facente parte della nazionale italiana PARATRAP, quest&#8217;anno ha conquistato la medaglia d&#8217;oro al campionato italiano proprio nella medesima categoria.<\/p>\n<p>ITALIAN DARTS ACADEMY di Ruda \u00e8 una Associazione sportiva dilettantistica che mira a sviluppare un metodo di formazione per istruttori e atleti del gioco delle freccette, con lo scopo di realizzare una organizzazione\u00a0per la promozione sportiva e avvicinamento al gioco dei giovani atleti, la realizzazione di un sistema di gioco per i disabili e la preparazione alle gare agonistiche.<\/p>\n<p>AURORA FOCHESATO<\/p>\n<p>Campionessa europea Under 18 negli anni 2022 e 2023<\/p>\n<p>Campionessa del mondo Under 18 ragazze nel 2023<\/p>\n<p>Nel 2024 seconda classificata in Europa e terza nel mondo sempre nella categoria Under 18, per non parlare dei titoli nazionali<\/p>\n<p>MARIO MIOLA<\/p>\n<p>Il custode da almeno 25 anni del campo sportivo di Cervignano. Quante semine, diserbi selettivi, concimazioni, sfalci, irrigazioni, lavatrici, linee da tirare, riparazioni di tutti i tipi.<\/p>\n<p>Fatti sempre con la cortesia, la disponibilit\u00e0 e soprattutto regalando un sorriso a tutti.<\/p>\n<p>CLAUDIO TIBALD<\/p>\n<p>Da sempre amante dello sport, prima ai campionati studenteschi di atletica leggera, successivamente nel calcio con le giovanili del Terzo quindi con la Pro Cervignano per 15 anni disputando oltre 300 gare e poi con l\u2019Aquileia.<\/p>\n<p>Le rappresentative regionali lo hanno visto protagonista ricevendo diversi premi sia a carattere regionale che nazionale.<\/p>\n<p>Anche altri sport lo hanno coinvolto quali lo sci, il tennis e il ciclismo e lo continueranno a coinvolgere fino a quando gli trasmetteranno piacere e divertimento.<\/p>\n<p>DOMENICO FALCO<\/p>\n<p>Laureato in Scienze motorie e Master in Teoria e Tecniche della preparazione Atletica nel calcio.<\/p>\n<p>Preparatore atletico dell\u2019Udinese Under 17 e coordinatore dei preparatori atletici del settore giovanile.<\/p>\n<p>Docente per attivit\u00e0 fisica per adulti a bassa intensit\u00e0.<\/p>\n<p>LOREDANA FOLLA<\/p>\n<p>Una vita dedicata a chi soffre. Prima in casa accudendo il nonno ipovedente, poi all\u2019ospedale psichiatrico di Sottoselva, dove ha toccato con mano la sofferenza di persone inermi, senza alcun diritto. Quindi, dopo ave vinto il concorso, in casa di riposo a Cervignano fino alla pensione.<\/p>\n<p>In casa di riposo come volontaria; con gli ospiti canta, parla, li accompagna alle visite mediche \u2026 tutto questo fa bene a loro ma come lei afferma \u201cio sono ripagata dal loro sorriso e dal loro grande affetto!\u201d<\/p>\n<p>MAURIZIO IVANCIC<\/p>\n<p>Docente di educazione fisica in pensione, allenatore di pallacanestro dal 1970 (benemerito dal 2010).<\/p>\n<p>Per anni \u00e8 stato anche formatore di giovani allenatori nonch\u00e9 allenatore della Libertas Udine, Snaidero Udine, Martignacco, Longobardi Cividale, Sporting Club Udine (A2 femminile), Pallacanestro Laipacco e UBC.<\/p>\n<p>Per 8 anni \u00e8 stato il responsabile tecnico della Libertas Gonars e poi, nel 2023 ha fondato la squadra BASKIN della Polisportiva Libertas Gonars. La squadra di BASKIN \u00e8 composta sia da persone con disabilit\u00e0 fisiche o mentali sia da persone senza alcuna disabilit\u00e0.<\/p>\n<p>DORIANO GAZZETTA<\/p>\n<p>Cresciuto nelle giovanili della Pro Cervignano, entra negli Amatori Calcio Cervignano come giocatore nel 1990 e come allenatore e dirigente dal 2005 fino al 2010.<\/p>\n<p>Dal 2011 ritorna alla Pro Cervignano come Dirigente delle giovanili fino al 2017 e poi ritorna negli Amatori Calcio Cervignano come Dirigente Accompagnatore fino ad oggi.<\/p>\n<p>Sempre presente e disponibile, dirigente affidabile, persona amata da tutti e con un gran senso di appartenenza e attaccamento alla maglia.<\/p>\n<p>STEFANO MAZZIERO<\/p>\n<p>Tennista, classe 2011, fa parte del River Sporting Club dal 2018 sotto la guida del maestro Gabriele Scaringella. Dopo diversi anni di buoni risultati nei tornei agonistici, nel 2025 conquista il titolo regionale Under 14 ed entra a far parte della regionale FVG.<\/p>\n<p>BORIS MAZZIERO<\/p>\n<p>Tennista, capitano fidato e calcolatore, sempre pronto ad aiutare e a spronare la squadra che ha allestito all\u2019interno del River Sporting Club. Pronto a cedere il posto ad altri compagni pur di cementare la compattezza del gruppo. \u00a0Si aggiudicano il titolo regionale e parteciperanno alle finali nazionali di Catania.<\/p>\n<p>SARA CANALI<\/p>\n<p>Dotata di grande capacit\u00e0 professionale, organizzativa e gestionale accompagnata da una forte dose di empatia.<\/p>\n<p>Ha gestito il torneo Under \u00abOne Clinic\u00bb svolto recentemente presso i campi della ASD River Sporting Club con la presenza complessiva di oltre 110 ragazzini under 10, 12, 14 e 16.<\/p>\n<p>EMILY MICHELIN<\/p>\n<p>Pratica pattinaggio dall&#8217;et\u00e0 di 6 anni, \u00e8 campionessa Nazionale ACSI &#8211; categoria primavera gr.1 femminile, milita nella societ\u00e0 ASD Aquileia Skating Club Aquile Azzurre. E\u2019 allenata da Samantha Padovan e Giuliano Grisoni.<\/p>\n<p>GIULIA BISIANI, LORELAY CENTORE e SARA LIANO<\/p>\n<p>Campionesse Italiane di tiro con l&#8217;arco olimpico categoria Allieve a luglio 2025 a Rovereto, terze classificate alla finale indoor di febbraio 2025.<\/p>\n<p>Le ragazze, che praticano questo sport da 4\/5 anni, militano nella Compagnia Arcieri Isonzo e sono allenate da Francesca Quartetti.<\/p>\n<p>GIACOMO MIAN e ASIA SANDRIGO<\/p>\n<p>Coppia di danze latinoamericane<\/p>\n<p>Ai Campionati italiani FIDESM 2025 si sono classificati al terzo posto alla Coppa Italia e al quinto posto alla Super Coppa.<\/p>\n<p>GRETA AVIAN<\/p>\n<p>Ai Campionati italiani FIDESM 2025 di danza moderna si \u00e8 classificata all\u2019ottavo posto su 69 atlete della categoria 12\/16 classe B.<\/p>\n<p>ANITA PAOLETTI ed EVA BERGANTIN<\/p>\n<p>Ai Campionati italiani FIDESM si sono classificate al quinto posto nel Duo synchro latin categoria 12\/13 classe B.<\/p>\n<p>MARCO FONZARI<\/p>\n<p>Detto \u00abmaestro Marco\u00bb \u00e8 un &#8220;diversamente giovane&#8221; che da anni fa dell\u2019educazione scolastico sportiva la sua missione. Catalizza l\u2019affetto dei ragazzi giovanissimi e non, e alle volte incanta anche qualche mamma ma sempre mantenendo una professionalit\u00e0 ed una passione invidiabili!<\/p>\n<p>IRENE MARINI<\/p>\n<p>Di San Benedetto del Tronto, giovanissima si dedica allo sport, praticando atletica leggera, specialit\u00e0 corsa 100 e 200 metri.<\/p>\n<p>In Friuli Venezia-Giulia, dove si stabilisce alcuni anni dopo la Laurea in Scienze Motorie, mette a disposizione di realt\u00e0 sportive locali la propria competenza nonch\u00e9 l&#8217;esperienza ultradecennale in attivit\u00e0 fisioterapiche e ludico-motorie per bambini. Dal 2010, insegna ai Pulcini del minibasket\u00a0ABC il rispetto delle regole e l&#8217;energia dello sport di squadra, facendo provare a bambini dai 4 ai 6 anni la magia del primo canestro.<\/p>\n<p>SQUADRA AMATORI CALCIO CERVIGNANO<\/p>\n<p>Gli Amatori Calcio Cervignano, associazione del luogo e nata nel 1986, ha partecipato per diverso tempo nei campionati organizzati dalla F.I.G.C. e da quasi 15 anni partecipa al campionato organizzato dalla Lega Calcio Friuli Collinare.<\/p>\n<p>Quest\u2019anno la prima squadra ha vinto il campionato della Divisione Bronzo.<\/p>\n<p>SQUADRA UNDER 12 BASEBALL<\/p>\n<p>La Squadra Under 12 vincitrice del girone regionale del campionato nazionale U12 e qualificata per le fasi finali nazionali.<\/p>\n<p>SQUADRA UNDER 13 SOFTBALL<\/p>\n<p>La Squadra Under 13 Softball, vincitrice del girone regionale campionato nazionale U13 e qualificata per le fasi finali nazionali<\/p>\n<p>SQUADRE UNDER 14 E UNDER 15 BASEBALL<\/p>\n<p>Le Squadre Under 14 e Under 15 sono formate da un gruppo misto di giovani, entrambe si sono aggiudicate i rispettivi gironi regionali dei loro campionati ma mentre la Under 14 si ferma al titolo regionale, la Under 15 disputer\u00e0 le fasi finali nazionali.<\/p>\n<p>SQUADRA SERIE C BASEBALL<\/p>\n<p>La Squadra Seniores Serie C, vincitrice del girone regionale del campionato nazionale di serie C e qualificata per le fasi finali nazionali.<\/p>\n<p>GRUPPO ORDINARY DANZE SPORTIVE OLIMPIA<\/p>\n<p>Ai Campionati Italiani FIDESM 2025 di Danza moderna si sono classificate al primo posto.<\/p>\n<p>Le atlete: Greta Avian, Sara Ulian, Gaia Ziraldo, Asia Flaborea, Elena Stabile, Ambra Beltramini, Emma Zito, Matilde Maddaleni, Noemi Cesarano, Sara Bidut, Rita Bonazza, Marta Banin, Vanessa Chiaradia, Maria Alice Fonzar.<\/p>\n<p>Una menzione anche per il gruppo SAVAGE, quarte classificate ai campionati nazionali Under 15 e composto da diverse giovani gi\u00e0 facenti parte del gruppo Ordinary.<\/p>\n<p>Per i venti anni del CUS UDINE CANOA POLO CERVIGNANO premiati EMILIANO FACCHINETTI e i suoi canoisti Giuliano Antonaci, Riccardo Gregoris, Sebastiano Portelli, Luca Piani, Nicol\u00f2 Bianco, Giuseppe Screnci, Diego Franzot e Cesare Olivo.<\/p>\n<p>A.S.D. MIOSSPORT<\/p>\n<p>In 40 anni di attivit\u00e0 ha ricevuto la STELLA DI BRONZO del CONI per meriti sportivi, i suoi atleti hanno conquistato 152 primati nazionali vincendo diversi titoli nazionali come l\u2019ultimo conquistato da RAISA STEFANIA TRANDAFIR (Under 15 categoria 76 Kg).<\/p>\n<p>ANGELO DALLA SILVESTRA<\/p>\n<p>Da pi\u00f9 di 20 anni, collabora attivamente all\u2019interno della Miossport. A lui fa capo la gestione dei sistemi audio\/video della palestra, la gestione del sito web con annesso aggiornamento periodico dei risultati, l\u2019organizzazione e gestione delle attivit\u00e0 di promozione sportiva con le scuole o durante le giornate dello sport.<\/p>\n<p>FAIR PLAY<\/p>\n<p>Durante la serata \u00e8 stato illustrato il lavoro che la Sezione propone alle classi quinte delle scuole primarie in merito al progetto \u201c<em>FAIR PLAY<\/em>\u201d.<\/p>\n<p>In questo ambito sono stati consegnati i riconoscimenti a:<\/p>\n<p>CARLA ROSA CARTURA<\/p>\n<p>Coordinatrice delle Scuole Primarie dell\u2019Istituto Comprensivo di Cervignano del Friuli<\/p>\n<p>ADRIANO PALIAGA<\/p>\n<p>Socio dei veterani di Cervignano, ideatore e anima di questo progetto.<\/p>\n<p>ALESSANDRO GIUSTI<\/p>\n<p>Socio e promotore, all\u2019interno del progetto, del gioco del basket.<\/p>\n<p>CAMILLA GEOTTI<\/p>\n<p>Allenatrice dello Sporting Club che porta, all\u2019interno del progetto, il gioco della pallavolo.<\/p>\n<p>MOMENTO DEL RICORDO<\/p>\n<p>Come ogni anno, il Gran Gal\u00e0 ricorda un personaggio sportivo recentemente scomparso.<\/p>\n<p>In questo caso LUCIANO TITOTO: un cervignanese che \u00e8 stato socio della Sezione UNVS, che ha lavorato e vissuto in un\u2019altra realt\u00e0 della provincia di Udine, che non ha mai dimenticato il suo paese di origine e che \u00e8 stato uno dei soci fondatori, atleta e arbitro della A.S.D. TIRO A VOLO PORPETTO.<\/p>\n","protected":false},"excerpt":{"rendered":"<p>Il giovane nuotatore paralimpico premiato al Gran Gal\u00e0 dello Sport a Cervignano. Ecco elenco e motivazioni di tutti i premiati<\/p>\n","protected":false},"author":12,"featured_media":68082,"comment_status":"closed","ping_status":"closed","sticky":false,"template":"","format":"image","meta":{"dwc-title":[""],"dwc-content":[""],"footnotes":""},"categories":[38],"tags":[119,540,1646],"class_list":["post-68048","post","type-post","status-publish","format-image","has-post-thumbnail","hentry","category-sport","tag-cervignano","tag-premi","tag-veterani-sportivi","post_format-post-format-image"],"rttpg_featured_image_url":{"full":["https:\/\/imagazine.it\/wp-content\/uploads\/2025\/09\/open-2.jpg",1366,818,false],"landscape":["https:\/\/imagazine.it\/wp-content\/uploads\/2025\/09\/open-2.jpg",1366,818,false],"portraits":["https:\/\/imagazine.it\/wp-content\/uploads\/2025\/09\/open-2.jpg",1366,818,false],"thumbnail":["https:\/\/imagazine.it\/wp-content\/uploads\/2025\/09\/open-2-150x150.jpg",150,150,true],"medium":["https:\/\/imagazine.it\/wp-content\/uploads\/2025\/09\/open-2-300x180.jpg",300,180,true],"large":["https:\/\/imagazine.it\/wp-content\/uploads\/2025\/09\/open-2-1024x613.jpg",640,383,true],"thumblist":["https:\/\/imagazine.it\/wp-content\/uploads\/2025\/09\/open-2-300x300.jpg",300,300,true],"thumbrelated":["https:\/\/imagazine.it\/wp-content\/uploads\/2025\/09\/open-2-500x500.jpg",500,500,true],"meccarouselthumb":["https:\/\/imagazine.it\/wp-content\/uploads\/2025\/09\/open-2-474x324.jpg",474,324,true],"gridsquare":["https:\/\/imagazine.it\/wp-content\/uploads\/2025\/09\/open-2-391x260.jpg",391,260,true],"tileview":["https:\/\/imagazine.it\/wp-content\/uploads\/2025\/09\/open-2-300x400.jpg",300,400,true],"1536x1536":["https:\/\/imagazine.it\/wp-content\/uploads\/2025\/09\/open-2.jpg",1366,818,false],"2048x2048":["https:\/\/imagazine.it\/wp-content\/uploads\/2025\/09\/open-2.jpg",1366,818,false],"newsup-slider-full":["https:\/\/imagazine.it\/wp-content\/uploads\/2025\/09\/open-2-1280x720.jpg",1280,720,true],"newsup-featured":["https:\/\/imagazine.it\/wp-content\/uploads\/2025\/09\/open-2-1024x613.jpg",1024,613,true],"newsup-medium":["https:\/\/imagazine.it\/wp-content\/uploads\/2025\/09\/open-2-720x380.jpg",720,380,true],"tptn_thumbnail":["https:\/\/imagazine.it\/wp-content\/uploads\/2025\/09\/open-2-250x210.jpg",250,210,true],"sow-carousel-default":["https:\/\/imagazine.it\/wp-content\/uploads\/2025\/09\/open-2-272x182.jpg",272,182,true]},"rttpg_author":{"display_name":"Claudio Pizzin","author_link":"https:\/\/imagazine.it\/home_desk\/author\/pizzin\/"},"rttpg_comment":0,"rttpg_category":"<a href=\"https:\/\/imagazine.it\/home_desk\/category\/sport\/\" rel=\"category tag\">SPORT<\/a>","rttpg_excerpt":"Il giovane nuotatore paralimpico premiato al Gran Gal\u00e0 dello Sport a Cervignano. Ecco elenco e motivazioni di tutti i premiati","_links":{"self":[{"href":"https:\/\/imagazine.it\/home_desk\/wp-json\/wp\/v2\/posts\/68048","targetHints":{"allow":["GET"]}}],"collection":[{"href":"https:\/\/imagazine.it\/home_desk\/wp-json\/wp\/v2\/posts"}],"about":[{"href":"https:\/\/imagazine.it\/home_desk\/wp-json\/wp\/v2\/types\/post"}],"author":[{"embeddable":true,"href":"https:\/\/imagazine.it\/home_desk\/wp-json\/wp\/v2\/users\/12"}],"replies":[{"embeddable":true,"href":"https:\/\/imagazine.it\/home_desk\/wp-json\/wp\/v2\/comments?post=68048"}],"version-history":[{"count":2,"href":"https:\/\/imagazine.it\/home_desk\/wp-json\/wp\/v2\/posts\/68048\/revisions"}],"predecessor-version":[{"id":68084,"href":"https:\/\/imagazine.it\/home_desk\/wp-json\/wp\/v2\/posts\/68048\/revisions\/68084"}],"wp:featuredmedia":[{"embeddable":true,"href":"https:\/\/imagazine.it\/home_desk\/wp-json\/wp\/v2\/media\/68082"}],"wp:attachment":[{"href":"https:\/\/imagazine.it\/home_desk\/wp-json\/wp\/v2\/media?parent=68048"}],"wp:term":[{"taxonomy":"category","embeddable":true,"href":"https:\/\/imagazine.it\/home_desk\/wp-json\/wp\/v2\/categories?post=68048"},{"taxonomy":"post_tag","embeddable":true,"href":"https:\/\/imagazine.it\/home_desk\/wp-json\/wp\/v2\/tags?post=68048"}],"curies":[{"name":"wp","href":"https:\/\/api.w.org\/{rel}","templated":true}]}}