{"id":68028,"date":"2025-09-16T11:43:11","date_gmt":"2025-09-16T09:43:11","guid":{"rendered":"https:\/\/imagazine.it\/home_desk\/?p=68028"},"modified":"2025-09-17T11:56:33","modified_gmt":"2025-09-17T09:56:33","slug":"il-primo-museo-dedicato-a-carlo-sgorlon","status":"publish","type":"post","link":"https:\/\/imagazine.it\/home_desk\/il-primo-museo-dedicato-a-carlo-sgorlon\/","title":{"rendered":"Il primo museo dedicato a Carlo Sgorlon"},"content":{"rendered":"<p><span style=\"font-size: 10pt;\"><em>Una foto di Carlo Sgorlon<\/em><\/span><\/p>\n<p>CASSACCO \u2013 <strong>Carlo Sgorlon<\/strong>, lo scrittore friulano nato a Cassacco nel 1930 e gi\u00e0 Premio Strega nel 1985, avr\u00e0 un museo a lui dedicato.<\/p>\n<p><strong>Venerd\u00ec 26 settembre<\/strong>, alle ore 18.30, sar\u00e0 inaugurato il <strong><em>Museo Carlo Sgorlon \u2013 Artigiano della parola<\/em><\/strong>, realizzato dal <strong>Comune di Cassacco <\/strong>che ha incaricato la Cooperativa Snait della progettazione e dell\u2019allestimento con la curatela scientifica del professor Marco D\u2019Agostini, in collaborazione con la famiglia dello scrittore e con il sostegno della Regione Friuli Venezia Giulia.<\/p>\n<p>La nuova esposizione permanente arricchisce gli spazi del <strong>Centro Civico Comunale<\/strong>, edificio storico che gi\u00e0 ospita la Biblioteca, l\u2019Auditorium e il Museo Luigi Garzoni, e che un tempo fu sede della scuola elementare di Cassacco.<\/p>\n<p>Proprio qui Sgorlon trascorse parte della sua infanzia, in una casa legata alla figura del nonno Pietro Mattioni, maestro e scrittore friulano.<\/p>\n<h3>IL MUSEO<\/h3>\n<p>Il museo custodisce numerosi documenti originali tra cui manoscritti, appunti di lavoro, prime edizioni, fotografie, pubblicazioni, dediche e strumenti di lavoro come la macchina da scrivere.<\/p>\n<p>L\u2019obiettivo \u00e8 offrire ai visitatori <strong>uno sguardo tridimensionale e inedito sulla figura dello scrittore<\/strong>: non solo i passaggi fondamentali della sua biografia e il legame con il Friuli, ma anche il suo metodo creativo e le passioni artigianali legate al mondo del libro.<\/p>\n<p>La definizione di <strong>\u201cartigiano della parola\u201d<\/strong> diventa cos\u00ec il filo conduttore del percorso, che valorizza tanto la scrittura quanto l\u2019aspetto creativo e concreto della sua opera.<\/p>\n<p>Quello realizzato a Cassacco, inoltre, \u00e8 un <strong>museo multimediale<\/strong> in cui la sala principale \u00e8 arricchita da uno schermo multitouch che permette ai visitatori di avere accesso a un numero ancora maggiore di opere, testimonianze e materiali, e di ascoltare la voce di Sgorlon stesso, grazie ad alcune preziose interviste.<\/p>\n<p>Non mancano all\u2019ingresso i <em>QR code<\/em> con <strong>audioguide e testi in italiano, inglese e friulano<\/strong>, direttamente fruibili dal proprio smartphone.<\/p>\n<p>Lungo il percorso \u00e8 stata inoltre creata la zona \u201c<strong>lo studio dello scrittore\u201d<\/strong>, uno spazio evocativo che ricostruisce l\u2019ambiente di lavoro di Sgorlon, con arredi, oggetti personali e strumenti che permettono di immergersi nel suo mondo creativo quotidiano.<\/p>\n<p>Accanto a questa esperienza, il percorso museale include anche una <strong>saletta audiovisiva con un grande schermo<\/strong> nella quale verranno proiettati importanti documenti video legati allo scrittore: film, interviste, testimonianze e materiali d\u2019archivio che arricchiscono ulteriormente la conoscenza della sua figura e del suo pensiero.<\/p>\n<p>Grazie a questi strumenti interattivi, il museo diventa <strong>maggiormente inclusivo<\/strong> e si apre in particolare anche <strong>ai giovani e agli studenti<\/strong>, offrendo loro un modo coinvolgente e attuale per avvicinarsi alla vita e all\u2019opera dello scrittore.<\/p>\n<p>Tra i pezzi in mostra anche una curiosit\u00e0: trover\u00e0 qui casa la <strong>prima versione della statua in bronzo di Carlo Sgorlon<\/strong>, realizzata dallo scultore Calogero Condello e originariamente collocata a Udine.<\/p>\n<p>L\u2019opera, abbattuta accidentalmente da un camion in manovra nel 2023 e successivamente rimossa, viene oggi donata al Museo dal Comune di Udine senza interventi invasivi, cos\u00ec da testimoniare anche la vicenda che l\u2019ha segnata.<\/p>\n<h3>INAUGURAZIONE<\/h3>\n<p>L\u2019inaugurazione, aperta al pubblico con ingresso libero, si terr\u00e0 <strong>venerd\u00ec 26 settembre alle 18.30<\/strong> e sar\u00e0 seguita dalla prima visita al percorso espositivo.<\/p>\n<p>La scelta dell\u2019orario serale richiama volutamente il romanzo in friulano <em>Prime di sere <\/em>(1970), sottolineando ancora una volta il legame tra l\u2019opera di Sgorlon e il suo territorio.<\/p>\n<p>Interverranno il sindaco di Cassacco,<strong> Ornella Baiutti<\/strong>, l\u2019assessore comunale agli Eventi, musei comunali, volontariato e pari opportunit\u00e0, <strong>Letizia Miotti<\/strong>, coordinatrice del progetto, il <strong>professor Marco D\u2019Agostini<\/strong> e i nipoti dello scrittore; \u00e8 inoltre previsto un reading con <strong>Serena Fogolini<\/strong>.<\/p>\n<p>Il <em>Museo Carlo Sgorlon<\/em> sar\u00e0 aperto al pubblico con i seguenti orari: luned\u00ec dalle 14.30 alle 17.30, marted\u00ec e gioved\u00ec dalle 16 alle 19 e il primo sabato di ogni mese dalle 10 alle 13.<\/p>\n<h3>CARLO SGORLON<\/h3>\n<p>Narratore, saggista, uomo di vasta e profonda cultura, <strong>Carlo Sgorlon<\/strong> \u00e8 stato uno dei pi\u00f9 importanti esponenti della letteratura italiana dell&#8217;ultimo secolo.<\/p>\n<p>Lontano da ogni tipo di appartenenza politica, da \u00e9lite culturali troppo claustrofobiche e limitate per il suo libero spirito, lo scrittore friulano ha saputo unire alle grandi doti narrative analisi puntuali sulle trasformazioni economico-sociali moderne.<\/p>\n","protected":false},"excerpt":{"rendered":"<p>Sar\u00e0 inaugurato nel suo paese natale di Cassacco: ospiter\u00e0 manoscritti, ricordi, tecnologie interattive per scoprire l\u2019universo creativo dell\u2019\u201cartigiano della parola\u201d <\/p>\n","protected":false},"author":28,"featured_media":68029,"comment_status":"closed","ping_status":"closed","sticky":false,"template":"","format":"image","meta":{"dwc-title":[""],"dwc-content":[""],"footnotes":""},"categories":[37],"tags":[1417,273,2186,356,2491],"class_list":["post-68028","post","type-post","status-publish","format-image","has-post-thumbnail","hentry","category-cultura-e-spettacolo","tag-cassacco","tag-libri","tag-memoria","tag-museo","tag-sgorlon","post_format-post-format-image"],"rttpg_featured_image_url":{"full":["https:\/\/imagazine.it\/wp-content\/uploads\/2025\/09\/Carlo-Sgorlon_Museo.jpg",1366,996,false],"landscape":["https:\/\/imagazine.it\/wp-content\/uploads\/2025\/09\/Carlo-Sgorlon_Museo.jpg",1366,996,false],"portraits":["https:\/\/imagazine.it\/wp-content\/uploads\/2025\/09\/Carlo-Sgorlon_Museo.jpg",1366,996,false],"thumbnail":["https:\/\/imagazine.it\/wp-content\/uploads\/2025\/09\/Carlo-Sgorlon_Museo-150x150.jpg",150,150,true],"medium":["https:\/\/imagazine.it\/wp-content\/uploads\/2025\/09\/Carlo-Sgorlon_Museo-300x219.jpg",300,219,true],"large":["https:\/\/imagazine.it\/wp-content\/uploads\/2025\/09\/Carlo-Sgorlon_Museo-1024x747.jpg",640,467,true],"thumblist":["https:\/\/imagazine.it\/wp-content\/uploads\/2025\/09\/Carlo-Sgorlon_Museo-300x300.jpg",300,300,true],"thumbrelated":["https:\/\/imagazine.it\/wp-content\/uploads\/2025\/09\/Carlo-Sgorlon_Museo-500x500.jpg",500,500,true],"meccarouselthumb":["https:\/\/imagazine.it\/wp-content\/uploads\/2025\/09\/Carlo-Sgorlon_Museo-474x324.jpg",474,324,true],"gridsquare":["https:\/\/imagazine.it\/wp-content\/uploads\/2025\/09\/Carlo-Sgorlon_Museo-391x260.jpg",391,260,true],"tileview":["https:\/\/imagazine.it\/wp-content\/uploads\/2025\/09\/Carlo-Sgorlon_Museo-300x400.jpg",300,400,true],"1536x1536":["https:\/\/imagazine.it\/wp-content\/uploads\/2025\/09\/Carlo-Sgorlon_Museo.jpg",1366,996,false],"2048x2048":["https:\/\/imagazine.it\/wp-content\/uploads\/2025\/09\/Carlo-Sgorlon_Museo.jpg",1366,996,false],"newsup-slider-full":["https:\/\/imagazine.it\/wp-content\/uploads\/2025\/09\/Carlo-Sgorlon_Museo-1280x720.jpg",1280,720,true],"newsup-featured":["https:\/\/imagazine.it\/wp-content\/uploads\/2025\/09\/Carlo-Sgorlon_Museo-1024x747.jpg",1024,747,true],"newsup-medium":["https:\/\/imagazine.it\/wp-content\/uploads\/2025\/09\/Carlo-Sgorlon_Museo-720x380.jpg",720,380,true],"tptn_thumbnail":["https:\/\/imagazine.it\/wp-content\/uploads\/2025\/09\/Carlo-Sgorlon_Museo-250x210.jpg",250,210,true],"sow-carousel-default":["https:\/\/imagazine.it\/wp-content\/uploads\/2025\/09\/Carlo-Sgorlon_Museo-272x182.jpg",272,182,true]},"rttpg_author":{"display_name":"redazione","author_link":"https:\/\/imagazine.it\/home_desk\/author\/redazione\/"},"rttpg_comment":0,"rttpg_category":"<a href=\"https:\/\/imagazine.it\/home_desk\/category\/cultura-e-spettacolo\/\" rel=\"category tag\">CULTURA&amp;SPETTACOLO<\/a>","rttpg_excerpt":"Sar\u00e0 inaugurato nel suo paese natale di Cassacco: ospiter\u00e0 manoscritti, ricordi, tecnologie interattive per scoprire l\u2019universo creativo dell\u2019\u201cartigiano della parola\u201d","_links":{"self":[{"href":"https:\/\/imagazine.it\/home_desk\/wp-json\/wp\/v2\/posts\/68028","targetHints":{"allow":["GET"]}}],"collection":[{"href":"https:\/\/imagazine.it\/home_desk\/wp-json\/wp\/v2\/posts"}],"about":[{"href":"https:\/\/imagazine.it\/home_desk\/wp-json\/wp\/v2\/types\/post"}],"author":[{"embeddable":true,"href":"https:\/\/imagazine.it\/home_desk\/wp-json\/wp\/v2\/users\/28"}],"replies":[{"embeddable":true,"href":"https:\/\/imagazine.it\/home_desk\/wp-json\/wp\/v2\/comments?post=68028"}],"version-history":[{"count":2,"href":"https:\/\/imagazine.it\/home_desk\/wp-json\/wp\/v2\/posts\/68028\/revisions"}],"predecessor-version":[{"id":68031,"href":"https:\/\/imagazine.it\/home_desk\/wp-json\/wp\/v2\/posts\/68028\/revisions\/68031"}],"wp:featuredmedia":[{"embeddable":true,"href":"https:\/\/imagazine.it\/home_desk\/wp-json\/wp\/v2\/media\/68029"}],"wp:attachment":[{"href":"https:\/\/imagazine.it\/home_desk\/wp-json\/wp\/v2\/media?parent=68028"}],"wp:term":[{"taxonomy":"category","embeddable":true,"href":"https:\/\/imagazine.it\/home_desk\/wp-json\/wp\/v2\/categories?post=68028"},{"taxonomy":"post_tag","embeddable":true,"href":"https:\/\/imagazine.it\/home_desk\/wp-json\/wp\/v2\/tags?post=68028"}],"curies":[{"name":"wp","href":"https:\/\/api.w.org\/{rel}","templated":true}]}}