{"id":68019,"date":"2025-09-16T10:31:17","date_gmt":"2025-09-16T08:31:17","guid":{"rendered":"https:\/\/imagazine.it\/home_desk\/?p=68019"},"modified":"2025-09-16T10:31:17","modified_gmt":"2025-09-16T08:31:17","slug":"materiale-scolastico-donato-agli-studenti-bisognosi","status":"publish","type":"post","link":"https:\/\/imagazine.it\/home_desk\/materiale-scolastico-donato-agli-studenti-bisognosi\/","title":{"rendered":"Materiale scolastico donato agli studenti bisognosi"},"content":{"rendered":"<p><span style=\"font-size: 10pt;\"><em>Alcuni dei volontari coinvolti<\/em><\/span><\/p>\n<p>CERVIGNANO DEL FRIULI \u2013 Sabato 13 settembre, in oltre 200 negozi Coop Alleanza 3.0, \u00e8 tornato l&#8217;appuntamento con &#8220;<em>Dona la spesa &#8211; didattica<\/em>&#8220;, un&#8217;iniziativa di solidariet\u00e0 dedicata alla raccolta di materiale scolastico.<\/p>\n<p>Anche il punto vendita Coop Alleanza 3.0 di via Monfalcone a Cervignano ha aderito all\u2019iniziativa nazionale &#8220;Dona la spesa &#8211; didattica&#8221;.<\/p>\n<p>L&#8217;obiettivo \u00e8 aiutare le famiglie in difficolt\u00e0, garantendo a bambini e ragazzi in et\u00e0 scolare un supporto concreto per l&#8217;inizio dell&#8217;anno scolastico.<\/p>\n<p>I clienti del supermercato hanno ricevuto all\u2019entrata una borsa nella quale inserire articoli di cancelleria, pennarelli, pastelli, quaderni, diari, risme di carta e zaini. All&#8217;uscita, il materiale donato \u00e8 stato consegnato ai <strong>volontari della Caritas<\/strong>, che si sono occupati di sistemarlo in scatoloni.<\/p>\n<p>La partecipazione ha prodotto <strong>1.167 scansioni di materiale scolastico<\/strong> e di <strong>riempire 37 scatoloni<\/strong>.<\/p>\n<p>Il materiale raccolto \u00e8 stato portato all&#8217;<strong>Emporio<\/strong> <strong>della Solidariet\u00e0<\/strong>, dove i volontari lo hanno sistemato sugli scaffali in attesa che durante la settimana il materiale venga distribuito alle persone bisognose.<\/p>\n<figure id=\"attachment_68020\" aria-describedby=\"caption-attachment-68020\" style=\"width: 800px\" class=\"wp-caption aligncenter\"><img loading=\"lazy\" decoding=\"async\" class=\"size-full wp-image-68020\" src=\"https:\/\/imagazine.it\/wp-content\/uploads\/2025\/09\/dona-la-spesa-didattica-2025-04.jpg\" alt=\"\" width=\"800\" height=\"422\" title=\"\" srcset=\"https:\/\/imagazine.it\/wp-content\/uploads\/2025\/09\/dona-la-spesa-didattica-2025-04.jpg 800w, https:\/\/imagazine.it\/wp-content\/uploads\/2025\/09\/dona-la-spesa-didattica-2025-04-300x158.jpg 300w, https:\/\/imagazine.it\/wp-content\/uploads\/2025\/09\/dona-la-spesa-didattica-2025-04-768x405.jpg 768w, https:\/\/imagazine.it\/wp-content\/uploads\/2025\/09\/dona-la-spesa-didattica-2025-04-720x380.jpg 720w\" sizes=\"auto, (max-width: 800px) 100vw, 800px\" \/><figcaption id=\"caption-attachment-68020\" class=\"wp-caption-text\">Il materiale raccolto<\/figcaption><\/figure>\n","protected":false},"excerpt":{"rendered":"<p>Riempiti a Cervignano 37 scatoloni grazie alla generosit\u00e0 dei clienti del supermercato. Tutti consegnati all&#8217;Emporio della Solidariet\u00e0<\/p>\n","protected":false},"author":22,"featured_media":68021,"comment_status":"closed","ping_status":"closed","sticky":false,"template":"","format":"image","meta":{"dwc-title":[""],"dwc-content":[""],"footnotes":""},"categories":[5],"tags":[119,129,145],"class_list":["post-68019","post","type-post","status-publish","format-image","has-post-thumbnail","hentry","category-attualita","tag-cervignano","tag-scuola","tag-solidarieta","post_format-post-format-image"],"rttpg_featured_image_url":{"full":["https:\/\/imagazine.it\/wp-content\/uploads\/2025\/09\/dona-la-spesa-didattica-2025-03.jpg",1366,793,false],"landscape":["https:\/\/imagazine.it\/wp-content\/uploads\/2025\/09\/dona-la-spesa-didattica-2025-03.jpg",1366,793,false],"portraits":["https:\/\/imagazine.it\/wp-content\/uploads\/2025\/09\/dona-la-spesa-didattica-2025-03.jpg",1366,793,false],"thumbnail":["https:\/\/imagazine.it\/wp-content\/uploads\/2025\/09\/dona-la-spesa-didattica-2025-03-150x150.jpg",150,150,true],"medium":["https:\/\/imagazine.it\/wp-content\/uploads\/2025\/09\/dona-la-spesa-didattica-2025-03-300x174.jpg",300,174,true],"large":["https:\/\/imagazine.it\/wp-content\/uploads\/2025\/09\/dona-la-spesa-didattica-2025-03-1024x594.jpg",640,371,true],"thumblist":["https:\/\/imagazine.it\/wp-content\/uploads\/2025\/09\/dona-la-spesa-didattica-2025-03-300x300.jpg",300,300,true],"thumbrelated":["https:\/\/imagazine.it\/wp-content\/uploads\/2025\/09\/dona-la-spesa-didattica-2025-03-500x500.jpg",500,500,true],"meccarouselthumb":["https:\/\/imagazine.it\/wp-content\/uploads\/2025\/09\/dona-la-spesa-didattica-2025-03-474x324.jpg",474,324,true],"gridsquare":["https:\/\/imagazine.it\/wp-content\/uploads\/2025\/09\/dona-la-spesa-didattica-2025-03-391x260.jpg",391,260,true],"tileview":["https:\/\/imagazine.it\/wp-content\/uploads\/2025\/09\/dona-la-spesa-didattica-2025-03-300x400.jpg",300,400,true],"1536x1536":["https:\/\/imagazine.it\/wp-content\/uploads\/2025\/09\/dona-la-spesa-didattica-2025-03.jpg",1366,793,false],"2048x2048":["https:\/\/imagazine.it\/wp-content\/uploads\/2025\/09\/dona-la-spesa-didattica-2025-03.jpg",1366,793,false],"newsup-slider-full":["https:\/\/imagazine.it\/wp-content\/uploads\/2025\/09\/dona-la-spesa-didattica-2025-03-1280x720.jpg",1280,720,true],"newsup-featured":["https:\/\/imagazine.it\/wp-content\/uploads\/2025\/09\/dona-la-spesa-didattica-2025-03-1024x594.jpg",1024,594,true],"newsup-medium":["https:\/\/imagazine.it\/wp-content\/uploads\/2025\/09\/dona-la-spesa-didattica-2025-03-720x380.jpg",720,380,true],"tptn_thumbnail":["https:\/\/imagazine.it\/wp-content\/uploads\/2025\/09\/dona-la-spesa-didattica-2025-03-250x210.jpg",250,210,true],"sow-carousel-default":["https:\/\/imagazine.it\/wp-content\/uploads\/2025\/09\/dona-la-spesa-didattica-2025-03-272x182.jpg",272,182,true]},"rttpg_author":{"display_name":"Livio Nonis","author_link":"https:\/\/imagazine.it\/home_desk\/author\/nonis\/"},"rttpg_comment":0,"rttpg_category":"<a href=\"https:\/\/imagazine.it\/home_desk\/category\/attualita\/\" rel=\"category tag\">ATTUALIT\u00c0<\/a>","rttpg_excerpt":"Riempiti a Cervignano 37 scatoloni grazie alla generosit\u00e0 dei clienti del supermercato. Tutti consegnati all'Emporio della Solidariet\u00e0","_links":{"self":[{"href":"https:\/\/imagazine.it\/home_desk\/wp-json\/wp\/v2\/posts\/68019","targetHints":{"allow":["GET"]}}],"collection":[{"href":"https:\/\/imagazine.it\/home_desk\/wp-json\/wp\/v2\/posts"}],"about":[{"href":"https:\/\/imagazine.it\/home_desk\/wp-json\/wp\/v2\/types\/post"}],"author":[{"embeddable":true,"href":"https:\/\/imagazine.it\/home_desk\/wp-json\/wp\/v2\/users\/22"}],"replies":[{"embeddable":true,"href":"https:\/\/imagazine.it\/home_desk\/wp-json\/wp\/v2\/comments?post=68019"}],"version-history":[{"count":2,"href":"https:\/\/imagazine.it\/home_desk\/wp-json\/wp\/v2\/posts\/68019\/revisions"}],"predecessor-version":[{"id":68023,"href":"https:\/\/imagazine.it\/home_desk\/wp-json\/wp\/v2\/posts\/68019\/revisions\/68023"}],"wp:featuredmedia":[{"embeddable":true,"href":"https:\/\/imagazine.it\/home_desk\/wp-json\/wp\/v2\/media\/68021"}],"wp:attachment":[{"href":"https:\/\/imagazine.it\/home_desk\/wp-json\/wp\/v2\/media?parent=68019"}],"wp:term":[{"taxonomy":"category","embeddable":true,"href":"https:\/\/imagazine.it\/home_desk\/wp-json\/wp\/v2\/categories?post=68019"},{"taxonomy":"post_tag","embeddable":true,"href":"https:\/\/imagazine.it\/home_desk\/wp-json\/wp\/v2\/tags?post=68019"}],"curies":[{"name":"wp","href":"https:\/\/api.w.org\/{rel}","templated":true}]}}