{"id":68015,"date":"2025-09-15T19:01:28","date_gmt":"2025-09-15T17:01:28","guid":{"rendered":"https:\/\/imagazine.it\/home_desk\/?p=68015"},"modified":"2025-09-16T19:07:57","modified_gmt":"2025-09-16T17:07:57","slug":"crescono-in-fvg-i-beni-confiscati-a-criminalita-e-mafie","status":"publish","type":"post","link":"https:\/\/imagazine.it\/home_desk\/crescono-in-fvg-i-beni-confiscati-a-criminalita-e-mafie\/","title":{"rendered":"Crescono in FVG i beni confiscati a criminalit\u00e0 e mafie"},"content":{"rendered":"<p><span style=\"font-size: 10pt;\"><em>Un momento del seminario svoltosi a Udine<\/em><\/span><\/p>\n<p>UDINE \u2013 Crescono anche in Friuli Venezia Giulia i <strong>beni confiscati alla criminalit\u00e0 e alle mafie<\/strong>.<\/p>\n<p>\u00c8 quanto emerso nel corso del seminario formativo, ospitato a Udine e promosso da AGCI Solidariet\u00e0 FVG, Confcooperative Federsolidariet\u00e0 e Legacoop Sociali, insieme a Libera FVG.<\/p>\n<p>Nel 2022, in regione, in gestione all&#8217;agenzia nazionale c\u2019erano circa 50 beni immobili e 5 aziende; gli immobili gi\u00e0 destinati erano 40, di cui 32 assegnati ai Comuni e 8 mantenuti al patrimonio dello Stato e assegnati ad uso governativo, quindi alla Polizia di Stato\/Guardia di finanza\/ministeri.<\/p>\n<p>Dei beni trasferiti al patrimonio indisponibile dei Comuni, 14 sono stati destinati per finalit\u00e0 sociali e 18 per finalit\u00e0 istituzionali.<\/p>\n<p>Oggi in gestione all\u2019agenzia nazionale ci sono 32 beni immobili e 5 aziende; gli immobili destinati sono 70, di cui 17 mantenuti al patrimonio dello Stato e 51 trasferiti al patrimonio dei Comuni, 2 sono stati venduti; dei beni trasferiti al patrimonio indisponibile dei Comuni 25 sono stati destinati per finalit\u00e0 sociali e 18 per finalit\u00e0 istituzionali, degli altri non \u00e8 specificata la destinazione.<\/p>\n<p>\u201cLa procedura di assegnazione dei beni confiscati, considerata complessa, pu\u00f2 scoraggiare piccoli Comuni e realt\u00e0 del Terzo settore ad accedere ai bandi di assegnazione. Per questo stiamo lavorando a strumenti di supporto e manuali pratici\u201d, ha spiegato <strong>Barbara Clama<\/strong>, presidente Osservatorio Regionale Antimafia, illustrando il funzionamento della nuova Piattaforma unica delle destinazioni.<\/p>\n<p>\u201cLa restituzione dei beni confiscati alle comunit\u00e0 ha un valore non solo economico ma anche etico e simbolico: trasformare ci\u00f2 che era frutto di illegalit\u00e0 in opportunit\u00e0 per la comunit\u00e0 significa costruire cultura della legalit\u00e0\u201d ha sottolineato Clama, richiamando anche l\u2019ultima relazione della Direzione investigativa antimafia: \u201cIl quadro in regione non \u00e8 pi\u00f9 rassicurante come in passato, i segnali ci sono e non possiamo chiudere gli occhi\u201d.<\/p>\n<p>\u201cIl Friuli Venezia Giulia non \u00e8 pi\u00f9 solo terra di passaggio per i traffici illeciti, ma un luogo in cui la criminalit\u00e0 organizzata ha saputo radicarsi &#8211; \u00e8 infatti la denuncia degli organizzatori dell&#8217;approfondimento che ha avuto luogo nella sede di Confcooperative FVG -. Il numero in costante aumento dei beni confiscati, gi\u00e0 destinati nella nostra regione, rappresenta la prova tangibile di come le mafie abbiano trovato terreno fertile anche qui. \u00c8 quindi fondamentale che la societ\u00e0 civile, le cooperative e gli enti del Terzo Settore si assumano la responsabilit\u00e0 di trasformare questi luoghi da simboli di illegalit\u00e0 in occasioni concrete di sviluppo sociale ed economico\u00bb.<\/p>\n<p>Il seminario, realizzato con il patrocinio dell\u2019Osservatorio Regionale Antimafia e inserito nella campagna nazionale \u201cFame di verit\u00e0 e giustizia\u201d, ha approfondito la normativa in materia di confisca e gestione dei beni sottratti alle mafie e ha illustrato il funzionamento della nuova Piattaforma unica delle destinazioni, strumento che semplifica le procedure di assegnazione ma che richiede alle amministrazioni locali e al Terzo Settore di programmare con maggiore responsabilit\u00e0 la gestione futura degli spazi.<\/p>\n<p>Dopo le premesse di <strong>Luca Fontana<\/strong> (presidente CCI Federsolidariet\u00e0 FVG), <strong>Alessandra Zannier<\/strong> (vice presidente Legacoop Sociali Fvg) e <strong>Andrea Carlini<\/strong> (presidente AGCI Solidariet\u00e0 FVG), sono intervenuti <strong>Giuliana Colussi<\/strong> (referente Libera FVG), la citata Barbara Clama (presidente Osservatorio Regionale Antimafia), <strong>Tatiana Giannone<\/strong> (referente nazionale Libera per i beni confiscati) e <strong>Sofia Nardacchione<\/strong> (membri della presidenza nazionale Libera).<\/p>\n<p>\u201cIl riuso sociale dei beni confiscati \u2013 osservano AGCI Solidariet\u00e0 FVG, Confcooperative Federsolidariet\u00e0 e Legacoop Sociali \u2013 \u00e8 ormai una prassi consolidata che dimostra come la legalit\u00e0 possa diventare valore aggiunto per i territori. Le cooperative sociali, per la loro vocazione inclusiva e orientata al bene comune, sono i soggetti ideali per renderla sempre pi\u00f9 efficace\u201d.<\/p>\n","protected":false},"excerpt":{"rendered":"<p>I dati diffusi durante il Seminario formativo con Libera FVG e l\u2019Osservatorio Regionale Antimafia<\/p>\n","protected":false},"author":28,"featured_media":68016,"comment_status":"closed","ping_status":"closed","sticky":false,"template":"","format":"image","meta":{"dwc-title":[""],"dwc-content":[""],"footnotes":""},"categories":[5],"tags":[933,564,101],"class_list":["post-68015","post","type-post","status-publish","format-image","has-post-thumbnail","hentry","category-attualita","tag-confcooperative","tag-legalita","tag-udine","post_format-post-format-image"],"rttpg_featured_image_url":{"full":["https:\/\/imagazine.it\/wp-content\/uploads\/2025\/09\/CRESCONO-IN-REGIONE-I-BENI-CONFISCATI-ALLA-CRIMINALITA-E-ALLE-MAFIE-.jpg",1366,757,false],"landscape":["https:\/\/imagazine.it\/wp-content\/uploads\/2025\/09\/CRESCONO-IN-REGIONE-I-BENI-CONFISCATI-ALLA-CRIMINALITA-E-ALLE-MAFIE-.jpg",1366,757,false],"portraits":["https:\/\/imagazine.it\/wp-content\/uploads\/2025\/09\/CRESCONO-IN-REGIONE-I-BENI-CONFISCATI-ALLA-CRIMINALITA-E-ALLE-MAFIE-.jpg",1366,757,false],"thumbnail":["https:\/\/imagazine.it\/wp-content\/uploads\/2025\/09\/CRESCONO-IN-REGIONE-I-BENI-CONFISCATI-ALLA-CRIMINALITA-E-ALLE-MAFIE--150x150.jpg",150,150,true],"medium":["https:\/\/imagazine.it\/wp-content\/uploads\/2025\/09\/CRESCONO-IN-REGIONE-I-BENI-CONFISCATI-ALLA-CRIMINALITA-E-ALLE-MAFIE--300x166.jpg",300,166,true],"large":["https:\/\/imagazine.it\/wp-content\/uploads\/2025\/09\/CRESCONO-IN-REGIONE-I-BENI-CONFISCATI-ALLA-CRIMINALITA-E-ALLE-MAFIE--1024x567.jpg",640,354,true],"thumblist":["https:\/\/imagazine.it\/wp-content\/uploads\/2025\/09\/CRESCONO-IN-REGIONE-I-BENI-CONFISCATI-ALLA-CRIMINALITA-E-ALLE-MAFIE--300x300.jpg",300,300,true],"thumbrelated":["https:\/\/imagazine.it\/wp-content\/uploads\/2025\/09\/CRESCONO-IN-REGIONE-I-BENI-CONFISCATI-ALLA-CRIMINALITA-E-ALLE-MAFIE--500x500.jpg",500,500,true],"meccarouselthumb":["https:\/\/imagazine.it\/wp-content\/uploads\/2025\/09\/CRESCONO-IN-REGIONE-I-BENI-CONFISCATI-ALLA-CRIMINALITA-E-ALLE-MAFIE--474x324.jpg",474,324,true],"gridsquare":["https:\/\/imagazine.it\/wp-content\/uploads\/2025\/09\/CRESCONO-IN-REGIONE-I-BENI-CONFISCATI-ALLA-CRIMINALITA-E-ALLE-MAFIE--391x260.jpg",391,260,true],"tileview":["https:\/\/imagazine.it\/wp-content\/uploads\/2025\/09\/CRESCONO-IN-REGIONE-I-BENI-CONFISCATI-ALLA-CRIMINALITA-E-ALLE-MAFIE--300x400.jpg",300,400,true],"1536x1536":["https:\/\/imagazine.it\/wp-content\/uploads\/2025\/09\/CRESCONO-IN-REGIONE-I-BENI-CONFISCATI-ALLA-CRIMINALITA-E-ALLE-MAFIE-.jpg",1366,757,false],"2048x2048":["https:\/\/imagazine.it\/wp-content\/uploads\/2025\/09\/CRESCONO-IN-REGIONE-I-BENI-CONFISCATI-ALLA-CRIMINALITA-E-ALLE-MAFIE-.jpg",1366,757,false],"newsup-slider-full":["https:\/\/imagazine.it\/wp-content\/uploads\/2025\/09\/CRESCONO-IN-REGIONE-I-BENI-CONFISCATI-ALLA-CRIMINALITA-E-ALLE-MAFIE--1280x720.jpg",1280,720,true],"newsup-featured":["https:\/\/imagazine.it\/wp-content\/uploads\/2025\/09\/CRESCONO-IN-REGIONE-I-BENI-CONFISCATI-ALLA-CRIMINALITA-E-ALLE-MAFIE--1024x567.jpg",1024,567,true],"newsup-medium":["https:\/\/imagazine.it\/wp-content\/uploads\/2025\/09\/CRESCONO-IN-REGIONE-I-BENI-CONFISCATI-ALLA-CRIMINALITA-E-ALLE-MAFIE--720x380.jpg",720,380,true],"tptn_thumbnail":["https:\/\/imagazine.it\/wp-content\/uploads\/2025\/09\/CRESCONO-IN-REGIONE-I-BENI-CONFISCATI-ALLA-CRIMINALITA-E-ALLE-MAFIE--250x210.jpg",250,210,true],"sow-carousel-default":["https:\/\/imagazine.it\/wp-content\/uploads\/2025\/09\/CRESCONO-IN-REGIONE-I-BENI-CONFISCATI-ALLA-CRIMINALITA-E-ALLE-MAFIE--272x182.jpg",272,182,true]},"rttpg_author":{"display_name":"redazione","author_link":"https:\/\/imagazine.it\/home_desk\/author\/redazione\/"},"rttpg_comment":0,"rttpg_category":"<a href=\"https:\/\/imagazine.it\/home_desk\/category\/attualita\/\" rel=\"category tag\">ATTUALIT\u00c0<\/a>","rttpg_excerpt":"I dati diffusi durante il Seminario formativo con Libera FVG e l\u2019Osservatorio Regionale Antimafia","_links":{"self":[{"href":"https:\/\/imagazine.it\/home_desk\/wp-json\/wp\/v2\/posts\/68015","targetHints":{"allow":["GET"]}}],"collection":[{"href":"https:\/\/imagazine.it\/home_desk\/wp-json\/wp\/v2\/posts"}],"about":[{"href":"https:\/\/imagazine.it\/home_desk\/wp-json\/wp\/v2\/types\/post"}],"author":[{"embeddable":true,"href":"https:\/\/imagazine.it\/home_desk\/wp-json\/wp\/v2\/users\/28"}],"replies":[{"embeddable":true,"href":"https:\/\/imagazine.it\/home_desk\/wp-json\/wp\/v2\/comments?post=68015"}],"version-history":[{"count":2,"href":"https:\/\/imagazine.it\/home_desk\/wp-json\/wp\/v2\/posts\/68015\/revisions"}],"predecessor-version":[{"id":68018,"href":"https:\/\/imagazine.it\/home_desk\/wp-json\/wp\/v2\/posts\/68015\/revisions\/68018"}],"wp:featuredmedia":[{"embeddable":true,"href":"https:\/\/imagazine.it\/home_desk\/wp-json\/wp\/v2\/media\/68016"}],"wp:attachment":[{"href":"https:\/\/imagazine.it\/home_desk\/wp-json\/wp\/v2\/media?parent=68015"}],"wp:term":[{"taxonomy":"category","embeddable":true,"href":"https:\/\/imagazine.it\/home_desk\/wp-json\/wp\/v2\/categories?post=68015"},{"taxonomy":"post_tag","embeddable":true,"href":"https:\/\/imagazine.it\/home_desk\/wp-json\/wp\/v2\/tags?post=68015"}],"curies":[{"name":"wp","href":"https:\/\/api.w.org\/{rel}","templated":true}]}}