{"id":68004,"date":"2025-09-15T17:48:15","date_gmt":"2025-09-15T15:48:15","guid":{"rendered":"https:\/\/imagazine.it\/home_desk\/?p=68004"},"modified":"2025-09-16T12:19:37","modified_gmt":"2025-09-16T10:19:37","slug":"nuove-casa-per-i-bambini-chirurgici-del-burlo","status":"publish","type":"post","link":"https:\/\/imagazine.it\/home_desk\/nuove-casa-per-i-bambini-chirurgici-del-burlo\/","title":{"rendered":"Nuove case per i bambini chirurgici del Burlo"},"content":{"rendered":"<p><span style=\"font-size: 10pt;\"><em>La presentazione dei progetti<\/em><\/span><\/p>\n<p>TRIESTE \u2013 Da oltre vent\u2019anni l\u2019<strong>Associazione ABC Bambini Chirurgici <\/strong>accoglie e sostiene gratuitamente le<strong> famiglie dei piccoli pazienti che arrivano da tutta Italia<\/strong> per ricevere <strong>cure altamente specialistiche all\u2019IRCCS Burlo Garofolo di Trieste<\/strong>.<\/p>\n<p>Ospitalit\u00e0 gratuita, vicinanza quotidiana e varie forme di assistenza rappresentano il cuore della sua missione, che oggi compie un passo decisivo con la<strong> presentazione dei cantieri delle nuove Case<\/strong>: <strong>tre appartamenti acquistati al grezzo in via dell\u2019Istria, al numero 37,<\/strong> destinati a <strong>diventare spazi caldi, funzionali e completamente attrezzati per i bambini e le loro famigli<\/strong>e.<\/p>\n<p>Secondo i <strong>dati del Ministero della Salute<\/strong> (2023), <strong>oltre 25.000 bambini in Italia<\/strong> \u2013 pari al 5-6% dei nati \u2013 presentano difetti congeniti, tra le prime cause di mortalit\u00e0 nei piccoli sotto i 5 anni. In questo quadro, Trieste si conferma un punto di riferimento nazionale di eccellenza per interventi multipli e complessi nei primi anni di vita, capace di attrarre famiglie da tutto il Paese.<\/p>\n<p>Questo nuovo traguardo <strong>rafforza il Progetto Accoglienza<\/strong>, che <strong>ogni anno garantisce ad oltre 200 famiglie<\/strong> un luogo <strong>bello, sicuro e gratuito<\/strong> dove trovare conforto durante i percorsi di cura. Non \u00e8 solo un tetto sopra la testa: ogni Casa ABC \u00e8 un ambiente pensato per custodire i bisogni emotivi e pratici delle famiglie, restituendo loro normalit\u00e0 anche in un momento di fragilit\u00e0.<\/p>\n<p>Uno spazio riservato, ad uso esclusivo, dove cucinare un pasto, fare una doccia, riposare, ritrovarsi e restare uniti, anche a centinaia di chilometri da casa.<\/p>\n<p><strong>Oggi ABC dispone di sei appartamenti sparsi in citt\u00e0<\/strong>, in parte in affitto o in comodato: aspetti logistici da armonizzare che comportano difficolt\u00e0 e dipendenza dalle fluttuazioni del mercato immobiliare, aggravate dalla pressione turistica.<\/p>\n<p><strong>Con i tre nuovi alloggi, di 72 mq, 72 mq e 58 mq<\/strong>, e un <strong>ampio deposito<\/strong> di circa 30 mq, l\u2019Associazione si dota di una <strong>soluzione stabile, centralizzata e duratura<\/strong>. La vicinanza all\u2019ospedale, la possibilit\u00e0 di modulare gli spazi in base alle esigenze delle famiglie e la creazione di una piccola comunit\u00e0 nello stesso stabile rafforzeranno la qualit\u00e0 e l\u2019efficacia del progetto.<\/p>\n<p><strong>La ristrutturazione, appena avviata<\/strong>, durer\u00e0 alcuni mesi e <strong>trasformer\u00e0 gli appartamenti<\/strong> in ambienti curati nei minimi dettagli.<\/p>\n<figure id=\"attachment_68005\" aria-describedby=\"caption-attachment-68005\" style=\"width: 1000px\" class=\"wp-caption aligncenter\"><img loading=\"lazy\" decoding=\"async\" class=\"size-full wp-image-68005\" src=\"https:\/\/imagazine.it\/wp-content\/uploads\/2025\/09\/abc1.jpeg\" alt=\"\" width=\"1000\" height=\"611\" title=\"\" srcset=\"https:\/\/imagazine.it\/wp-content\/uploads\/2025\/09\/abc1.jpeg 1000w, https:\/\/imagazine.it\/wp-content\/uploads\/2025\/09\/abc1-300x183.jpeg 300w, https:\/\/imagazine.it\/wp-content\/uploads\/2025\/09\/abc1-768x469.jpeg 768w\" sizes=\"auto, (max-width: 1000px) 100vw, 1000px\" \/><figcaption id=\"caption-attachment-68005\" class=\"wp-caption-text\">Come sar\u00e0 il nuovo alloggio<\/figcaption><\/figure>\n<p>Due delle <strong>unit\u00e0 saranno modulabili<\/strong>, per adattarsi alla composizione dei nuclei familiari; il deposito garantir\u00e0 risposte rapide a bisogni pratici (come carrozzine, seggioloni o tessili di ricambio); la gestione unificata render\u00e0 pi\u00f9 semplice e veloce l\u2019organizzazione dei servizi.<\/p>\n<p><strong>Un progetto di tale portata \u00e8 stato possibile grazie dal lavoro costruito negli anni<\/strong> da ABC e <strong>dal sostegno di chi ha scelto di camminare al fianco<\/strong> <strong>dell\u2019Associazione<\/strong> in questa operazione. Un ruolo di primo piano spetta alla <strong>Fondazione Beneficentia Stiftung<\/strong>, che ha concorso nell\u2019acquisto, e alla <strong>Regione Friuli Venezia Giulia<\/strong>, che ha supportato parte della ristrutturazione, riconoscendo il valore del progetto che favorisce l\u2019attrattivit\u00e0 sanitaria del territorio. Oltre ad altre realt\u00e0 pubbliche e private.<\/p>\n<p>\u201cRingraziamo di cuore Istituzioni, Fondazioni, aziende e privati che ci sostengono in questo progetto ambizioso. Le richieste di aiuto crescono e il supporto \u00e8 fondamentale; insieme investiamo in equit\u00e0 sanitaria, coesione sociale e umanit\u00e0\u201d, ha affermato la presidente di ABC<strong> Cristina Pedicchio<\/strong> a cui Oltre al consigliere di Beneficentia Stiftung,<strong> Dario Nider<\/strong>, all\u2019evento \u00e8 intervenuto anche l\u2019assessore regionale alla Salute e alle Politiche sociali<strong> Riccardo Riccardi<\/strong>.<\/p>\n<p>Con le nuove Case, ABC per i Bambini Chirurgici rinnova la sua missione: fare in modo che nessun bambino e nessuna famiglia si sentano soli davanti alla malattia. E che, anche lontano da casa, possano sempre trovare una casa.<\/p>\n","protected":false},"excerpt":{"rendered":"<p>Presentati i progetti: tre appartamenti in via dell\u2019Istria destinati a diventare spazi caldi, funzionali e<br \/>\nattrezzati per i piccoli e le loro famiglie<\/p>\n","protected":false},"author":28,"featured_media":68006,"comment_status":"closed","ping_status":"closed","sticky":false,"template":"","format":"image","meta":{"dwc-title":[""],"dwc-content":[""],"footnotes":""},"categories":[5],"tags":[546,330,97,95,65],"class_list":["post-68004","post","type-post","status-publish","format-image","has-post-thumbnail","hentry","category-attualita","tag-bambini","tag-famiglie","tag-salute","tag-sanita","tag-trieste","post_format-post-format-image"],"rttpg_featured_image_url":{"full":["https:\/\/imagazine.it\/wp-content\/uploads\/2025\/09\/abc8.jpeg",1366,797,false],"landscape":["https:\/\/imagazine.it\/wp-content\/uploads\/2025\/09\/abc8.jpeg",1366,797,false],"portraits":["https:\/\/imagazine.it\/wp-content\/uploads\/2025\/09\/abc8.jpeg",1366,797,false],"thumbnail":["https:\/\/imagazine.it\/wp-content\/uploads\/2025\/09\/abc8-150x150.jpeg",150,150,true],"medium":["https:\/\/imagazine.it\/wp-content\/uploads\/2025\/09\/abc8-300x175.jpeg",300,175,true],"large":["https:\/\/imagazine.it\/wp-content\/uploads\/2025\/09\/abc8-1024x597.jpeg",640,373,true],"thumblist":["https:\/\/imagazine.it\/wp-content\/uploads\/2025\/09\/abc8-300x300.jpeg",300,300,true],"thumbrelated":["https:\/\/imagazine.it\/wp-content\/uploads\/2025\/09\/abc8-500x500.jpeg",500,500,true],"meccarouselthumb":["https:\/\/imagazine.it\/wp-content\/uploads\/2025\/09\/abc8-474x324.jpeg",474,324,true],"gridsquare":["https:\/\/imagazine.it\/wp-content\/uploads\/2025\/09\/abc8-391x260.jpeg",391,260,true],"tileview":["https:\/\/imagazine.it\/wp-content\/uploads\/2025\/09\/abc8-300x400.jpeg",300,400,true],"1536x1536":["https:\/\/imagazine.it\/wp-content\/uploads\/2025\/09\/abc8.jpeg",1366,797,false],"2048x2048":["https:\/\/imagazine.it\/wp-content\/uploads\/2025\/09\/abc8.jpeg",1366,797,false],"newsup-slider-full":["https:\/\/imagazine.it\/wp-content\/uploads\/2025\/09\/abc8-1280x720.jpeg",1280,720,true],"newsup-featured":["https:\/\/imagazine.it\/wp-content\/uploads\/2025\/09\/abc8-1024x597.jpeg",1024,597,true],"newsup-medium":["https:\/\/imagazine.it\/wp-content\/uploads\/2025\/09\/abc8-720x380.jpeg",720,380,true],"tptn_thumbnail":["https:\/\/imagazine.it\/wp-content\/uploads\/2025\/09\/abc8-250x210.jpeg",250,210,true],"sow-carousel-default":["https:\/\/imagazine.it\/wp-content\/uploads\/2025\/09\/abc8-272x182.jpeg",272,182,true]},"rttpg_author":{"display_name":"redazione","author_link":"https:\/\/imagazine.it\/home_desk\/author\/redazione\/"},"rttpg_comment":0,"rttpg_category":"<a href=\"https:\/\/imagazine.it\/home_desk\/category\/attualita\/\" rel=\"category tag\">ATTUALIT\u00c0<\/a>","rttpg_excerpt":"Presentati i progetti: tre appartamenti in via dell\u2019Istria destinati a diventare spazi caldi, funzionali e attrezzati per i piccoli e le loro famiglie","_links":{"self":[{"href":"https:\/\/imagazine.it\/home_desk\/wp-json\/wp\/v2\/posts\/68004","targetHints":{"allow":["GET"]}}],"collection":[{"href":"https:\/\/imagazine.it\/home_desk\/wp-json\/wp\/v2\/posts"}],"about":[{"href":"https:\/\/imagazine.it\/home_desk\/wp-json\/wp\/v2\/types\/post"}],"author":[{"embeddable":true,"href":"https:\/\/imagazine.it\/home_desk\/wp-json\/wp\/v2\/users\/28"}],"replies":[{"embeddable":true,"href":"https:\/\/imagazine.it\/home_desk\/wp-json\/wp\/v2\/comments?post=68004"}],"version-history":[{"count":3,"href":"https:\/\/imagazine.it\/home_desk\/wp-json\/wp\/v2\/posts\/68004\/revisions"}],"predecessor-version":[{"id":68009,"href":"https:\/\/imagazine.it\/home_desk\/wp-json\/wp\/v2\/posts\/68004\/revisions\/68009"}],"wp:featuredmedia":[{"embeddable":true,"href":"https:\/\/imagazine.it\/home_desk\/wp-json\/wp\/v2\/media\/68006"}],"wp:attachment":[{"href":"https:\/\/imagazine.it\/home_desk\/wp-json\/wp\/v2\/media?parent=68004"}],"wp:term":[{"taxonomy":"category","embeddable":true,"href":"https:\/\/imagazine.it\/home_desk\/wp-json\/wp\/v2\/categories?post=68004"},{"taxonomy":"post_tag","embeddable":true,"href":"https:\/\/imagazine.it\/home_desk\/wp-json\/wp\/v2\/tags?post=68004"}],"curies":[{"name":"wp","href":"https:\/\/api.w.org\/{rel}","templated":true}]}}