{"id":67780,"date":"2025-09-10T10:58:44","date_gmt":"2025-09-10T08:58:44","guid":{"rendered":"https:\/\/imagazine.it\/home_desk\/?p=67780"},"modified":"2025-09-10T17:51:27","modified_gmt":"2025-09-10T15:51:27","slug":"monfalcone-accoglie-il-nuovo-comandante-dei-carabinierii","status":"publish","type":"post","link":"https:\/\/imagazine.it\/home_desk\/monfalcone-accoglie-il-nuovo-comandante-dei-carabinierii\/","title":{"rendered":"Monfalcone accoglie il nuovo comandante dei Carabinieri"},"content":{"rendered":"<p><span style=\"font-size: 10pt;\"><em>Il tenente Cerrone ricevuto in municipio<\/em><\/span><\/p>\n<p>MONFALCONE \u2013 Il sindaco <strong>Luca Fasan<\/strong> e l&#8217;assessore <strong>Antonio Garritani<\/strong> hanno dato il benvenuto al nuovo comandante della Compagnia dei Carabinieri, tenente <strong>Antonio Cerrone<\/strong>, che ha preso il posto del maggiore <strong>Davide Franco<\/strong>.<\/p>\n<p>Un passaggio importante per la citt\u00e0 che ha avuto inizio ufficiale l&#8217;1 settembre.<\/p>\n<p>Il tenente Cerrone, originario del Lazio, \u00e8 entrato giovanissimo nell&#8217;Arma come carabiniere paracadutista e, passo dopo passo, ha scalato i gradi fino a diventare ufficiale.<\/p>\n<p>Nel corso della sua carriera ha ricoperto incarichi di rilievo, tra cui l&#8217;ultimo al comando dei Nucleo Antisofisticazioni e Sanit\u00e0 di Udine.<\/p>\n<p>&#8220;Monfalcone \u2013 ha dichiarato \u2013 \u00e8 una realt\u00e0 che mi stimola. \u00c8 una citt\u00e0 dinamica e complessa. Intendo impegnarmi con tutte le forze per garantire sicurezza e serenit\u00e0 ai cittadini&#8221;.<\/p>\n","protected":false},"excerpt":{"rendered":"<p>Il tenente Antonio Cerrone alla guida della Compagnia cittadina. &#8220;Una realt\u00e0 dinamica e complessa: lavorer\u00f2 per garantire sicurezza e serenit\u00e0&#8221;<\/p>\n","protected":false},"author":28,"featured_media":67781,"comment_status":"closed","ping_status":"closed","sticky":false,"template":"","format":"image","meta":{"dwc-title":[""],"dwc-content":[""],"footnotes":""},"categories":[5],"tags":[456,51,534],"class_list":["post-67780","post","type-post","status-publish","format-image","has-post-thumbnail","hentry","category-attualita","tag-carabinieri","tag-monfalcone","tag-sicurezza","post_format-post-format-image"],"rttpg_featured_image_url":{"full":["https:\/\/imagazine.it\/wp-content\/uploads\/2025\/09\/carabinieri.jpg",1366,762,false],"landscape":["https:\/\/imagazine.it\/wp-content\/uploads\/2025\/09\/carabinieri.jpg",1366,762,false],"portraits":["https:\/\/imagazine.it\/wp-content\/uploads\/2025\/09\/carabinieri.jpg",1366,762,false],"thumbnail":["https:\/\/imagazine.it\/wp-content\/uploads\/2025\/09\/carabinieri-150x150.jpg",150,150,true],"medium":["https:\/\/imagazine.it\/wp-content\/uploads\/2025\/09\/carabinieri-300x167.jpg",300,167,true],"large":["https:\/\/imagazine.it\/wp-content\/uploads\/2025\/09\/carabinieri-1024x571.jpg",640,357,true],"thumblist":["https:\/\/imagazine.it\/wp-content\/uploads\/2025\/09\/carabinieri-300x300.jpg",300,300,true],"thumbrelated":["https:\/\/imagazine.it\/wp-content\/uploads\/2025\/09\/carabinieri-500x500.jpg",500,500,true],"meccarouselthumb":["https:\/\/imagazine.it\/wp-content\/uploads\/2025\/09\/carabinieri-474x324.jpg",474,324,true],"gridsquare":["https:\/\/imagazine.it\/wp-content\/uploads\/2025\/09\/carabinieri-391x260.jpg",391,260,true],"tileview":["https:\/\/imagazine.it\/wp-content\/uploads\/2025\/09\/carabinieri-300x400.jpg",300,400,true],"1536x1536":["https:\/\/imagazine.it\/wp-content\/uploads\/2025\/09\/carabinieri.jpg",1366,762,false],"2048x2048":["https:\/\/imagazine.it\/wp-content\/uploads\/2025\/09\/carabinieri.jpg",1366,762,false],"newsup-slider-full":["https:\/\/imagazine.it\/wp-content\/uploads\/2025\/09\/carabinieri-1280x720.jpg",1280,720,true],"newsup-featured":["https:\/\/imagazine.it\/wp-content\/uploads\/2025\/09\/carabinieri-1024x571.jpg",1024,571,true],"newsup-medium":["https:\/\/imagazine.it\/wp-content\/uploads\/2025\/09\/carabinieri-720x380.jpg",720,380,true],"tptn_thumbnail":["https:\/\/imagazine.it\/wp-content\/uploads\/2025\/09\/carabinieri-250x210.jpg",250,210,true],"sow-carousel-default":["https:\/\/imagazine.it\/wp-content\/uploads\/2025\/09\/carabinieri-272x182.jpg",272,182,true]},"rttpg_author":{"display_name":"redazione","author_link":"https:\/\/imagazine.it\/home_desk\/author\/redazione\/"},"rttpg_comment":0,"rttpg_category":"<a href=\"https:\/\/imagazine.it\/home_desk\/category\/attualita\/\" rel=\"category tag\">ATTUALIT\u00c0<\/a>","rttpg_excerpt":"Il tenente Antonio Cerrone alla guida della Compagnia cittadina. \"Una realt\u00e0 dinamica e complessa: lavorer\u00f2 per garantire sicurezza e serenit\u00e0\"","_links":{"self":[{"href":"https:\/\/imagazine.it\/home_desk\/wp-json\/wp\/v2\/posts\/67780","targetHints":{"allow":["GET"]}}],"collection":[{"href":"https:\/\/imagazine.it\/home_desk\/wp-json\/wp\/v2\/posts"}],"about":[{"href":"https:\/\/imagazine.it\/home_desk\/wp-json\/wp\/v2\/types\/post"}],"author":[{"embeddable":true,"href":"https:\/\/imagazine.it\/home_desk\/wp-json\/wp\/v2\/users\/28"}],"replies":[{"embeddable":true,"href":"https:\/\/imagazine.it\/home_desk\/wp-json\/wp\/v2\/comments?post=67780"}],"version-history":[{"count":2,"href":"https:\/\/imagazine.it\/home_desk\/wp-json\/wp\/v2\/posts\/67780\/revisions"}],"predecessor-version":[{"id":67783,"href":"https:\/\/imagazine.it\/home_desk\/wp-json\/wp\/v2\/posts\/67780\/revisions\/67783"}],"wp:featuredmedia":[{"embeddable":true,"href":"https:\/\/imagazine.it\/home_desk\/wp-json\/wp\/v2\/media\/67781"}],"wp:attachment":[{"href":"https:\/\/imagazine.it\/home_desk\/wp-json\/wp\/v2\/media?parent=67780"}],"wp:term":[{"taxonomy":"category","embeddable":true,"href":"https:\/\/imagazine.it\/home_desk\/wp-json\/wp\/v2\/categories?post=67780"},{"taxonomy":"post_tag","embeddable":true,"href":"https:\/\/imagazine.it\/home_desk\/wp-json\/wp\/v2\/tags?post=67780"}],"curies":[{"name":"wp","href":"https:\/\/api.w.org\/{rel}","templated":true}]}}