{"id":67775,"date":"2025-09-10T10:15:31","date_gmt":"2025-09-10T08:15:31","guid":{"rendered":"https:\/\/imagazine.it\/home_desk\/?p=67775"},"modified":"2025-09-10T17:01:52","modified_gmt":"2025-09-10T15:01:52","slug":"dieci-giorni-di-eventi-per-la-festa-patronale","status":"publish","type":"post","link":"https:\/\/imagazine.it\/home_desk\/dieci-giorni-di-eventi-per-la-festa-patronale\/","title":{"rendered":"Dieci giorni di eventi per la festa patronale"},"content":{"rendered":"<p><span style=\"font-size: 10pt;\"><em>La benedizione della citt\u00e0 nella passata edizione<\/em><\/span><\/p>\n<p>CERVIGNANO DEL FRIULI \u2013 Tutto \u00e8 pronto a Cervignano del Friuli per i festeggiamenti in onore del patrono, San Michele Arcangelo.<\/p>\n<p>Ufficializzato il programma definitivo delle celebrazioni, che includeranno eventi spirituali, culturali e ludici.<\/p>\n<p>La rassegna, che si estender\u00e0 per una decina di giorni, offrir\u00e0 l&#8217;opportunit\u00e0 di approfondire temi che verranno sviluppati anche in futuro.<\/p>\n<p>L&#8217;evento \u00e8 organizzato dalla Parrocchia di San Michele Arcangelo, in collaborazione con il Ricreatorio, AGESCI, Azione Cattolica, l&#8217;Universit\u00e0 della Terza Et\u00e0, il Civico Museo Archeologico e Storico (CIMAS), l\u2019AUSER Bassa Friulana, e con il patrocinio del Comune di Cervignano del Friuli.<\/p>\n<p>Nella <strong>Sala delle Associazioni<\/strong>, in piazza Unit\u00e0, la mostra &#8220;<strong><em>Icone Sacre dal Fronte<\/em><\/strong>&#8221; di artisti ucraini sar\u00e0 inaugurata gioved\u00ec 18 settembre alle 9.30.<\/p>\n<p>L&#8217;esposizione, primo evento per i festeggiamenti del patrono, rimarr\u00e0 aperta al pubblico il 18, 19 e 20 settembre, con orario 9.30-12 e 16.30-18.<\/p>\n<p>Sempre nella stessa sala, il 20 settembre alle ore 19, si terr\u00e0 il concerto &#8220;<em>Sulle Corde dell&#8217;Arcangelo<\/em>&#8220;, con il duo composto da <strong>Paolo Peressutti<\/strong> e <strong>Mauro Pestel<\/strong>.<\/p>\n<p>Luned\u00ec 22 settembre, alle ore 20.30, il Teatro Pasolini ospiter\u00e0 l\u2019evento: &#8220;<em>Io, Tu, Noi: perch\u00e9 abbiamo bisogno dell&#8217;intelligenza relazionale<\/em>&#8220;. Il professor <strong>Leonardo Becchetti<\/strong> sar\u00e0 intervistato dal giornalista <strong>Andrea Doncovio<\/strong> per un incontro organizzato in collaborazione con il gruppo &#8220;Noi Generativo&#8221;. Questo appuntamento servir\u00e0 anche da riferimento per la futura <em>Settimana per l&#8217;Educazione<\/em>, prevista per la fine di gennaio 2026.<\/p>\n<p>Il professor <strong>Ivan Portelli<\/strong>, dell&#8217;Istituto di Storia Sociale e Religiosa di Gorizia, terr\u00e0 un incontro il 24 settembre sul tema &#8220;<em>L&#8217;Ardente Brama di Novit\u00e0: magistero di spiritualit\u00e0 di Leone XIII<\/em>&#8220;. L&#8217;evento si svolger\u00e0 nella Sala Don Bosco, in via Mercato 1.<\/p>\n<p>La giornata di sabato 27 settembre a Cervignano del Friuli sar\u00e0 ricca di eventi: dalle 10 alle 12 sar\u00e0 possibile visitare la chiesa madre di San Michele e la cripta degli scavi, con le spiegazioni di <strong>Annalisa Giovannini<\/strong> e <strong>Antonio Rossetti<\/strong>.<\/p>\n<p>Alle 16.30 si festeggeranno i trent&#8217;anni dalla ristrutturazione del Ricreatorio San Michele, con un evento che vedr\u00e0 gli animatori di Cervignano insieme a quelli diocesani. Alle 17 la comunit\u00e0 di Scodovacca vivr\u00e0 un momento importante con la riconsegna della sua chiesa. Sono previsti gli interventi di <strong>Annarita Carlet<\/strong>, dell&#8217;architetto <strong>Claudia Carraro<\/strong> e del professor <strong>Roberto Grion<\/strong>.<\/p>\n<p>Dalle 17 alle 21 il centro della citt\u00e0 si animer\u00e0 con &#8220;<strong><em>Cervignano Piano Live<\/em><\/strong>&#8220;, un evento di musica diffusa.<\/p>\n<p>Domenica 28, la messa delle ore 9.30 sar\u00e0 un&#8217;occasione speciale per celebrare i 70 anni dell&#8217;AGESCI Cervignano 1 con il rinnovo delle promesse scout.<\/p>\n<p><img loading=\"lazy\" decoding=\"async\" class=\"aligncenter wp-image-67776 size-large\" src=\"https:\/\/imagazine.it\/wp-content\/uploads\/2025\/09\/san-michele_2025-definitiva-2-676x1024.jpg\" alt=\"\" width=\"640\" height=\"969\" title=\"\" srcset=\"https:\/\/imagazine.it\/wp-content\/uploads\/2025\/09\/san-michele_2025-definitiva-2-676x1024.jpg 676w, https:\/\/imagazine.it\/wp-content\/uploads\/2025\/09\/san-michele_2025-definitiva-2-198x300.jpg 198w, https:\/\/imagazine.it\/wp-content\/uploads\/2025\/09\/san-michele_2025-definitiva-2-768x1164.jpg 768w, https:\/\/imagazine.it\/wp-content\/uploads\/2025\/09\/san-michele_2025-definitiva-2.jpg 800w\" sizes=\"auto, (max-width: 640px) 100vw, 640px\" \/><\/p>\n<p>Nel pomeriggio, alle 17.30, il Teatro Pasolini ospiter\u00e0 l&#8217;incontro &#8220;<em>La sfida dei confini tra ponti e muri<\/em>&#8220;. Saranno presenti l&#8217;arcivescovo di Gorizia, monsignor <strong>Carlo Roberto Maria Redaelli<\/strong> e la professoressa <strong>Gabriella Burba<\/strong>, che verranno intervistati da <strong>Andrea Bellavite<\/strong>.<\/p>\n<p>Il momento centrale delle celebrazioni in onore di San Michele Arcangelo sar\u00e0 il 29 settembre con la messe presieduta da <strong>don Matteo Marega<\/strong>, incaricato diocesano per la pastorale giovanile e vocazionale.<\/p>\n<p>Al termine della funzione, benedizione della citt\u00e0, che avr\u00e0 luogo sul sagrato della chiesa; seguir\u00e0 uno spettacolo musicale.<\/p>\n","protected":false},"excerpt":{"rendered":"<p>Cervignano pronta a celebrare San Michele: visite guidate, concerti, incontri culturali e mostre. Ecco il calendario di tutti gli appuntamenti<\/p>\n","protected":false},"author":22,"featured_media":67777,"comment_status":"closed","ping_status":"closed","sticky":false,"template":"","format":"image","meta":{"dwc-title":[""],"dwc-content":[""],"footnotes":""},"categories":[5],"tags":[119,261,826,1702],"class_list":["post-67775","post","type-post","status-publish","format-image","has-post-thumbnail","hentry","category-attualita","tag-cervignano","tag-eventi","tag-eventi-fvg","tag-patrono","post_format-post-format-image"],"rttpg_featured_image_url":{"full":["https:\/\/imagazine.it\/wp-content\/uploads\/2025\/09\/san-michele-arcangelo-06.jpg",1366,779,false],"landscape":["https:\/\/imagazine.it\/wp-content\/uploads\/2025\/09\/san-michele-arcangelo-06.jpg",1366,779,false],"portraits":["https:\/\/imagazine.it\/wp-content\/uploads\/2025\/09\/san-michele-arcangelo-06.jpg",1366,779,false],"thumbnail":["https:\/\/imagazine.it\/wp-content\/uploads\/2025\/09\/san-michele-arcangelo-06-150x150.jpg",150,150,true],"medium":["https:\/\/imagazine.it\/wp-content\/uploads\/2025\/09\/san-michele-arcangelo-06-300x171.jpg",300,171,true],"large":["https:\/\/imagazine.it\/wp-content\/uploads\/2025\/09\/san-michele-arcangelo-06-1024x584.jpg",640,365,true],"thumblist":["https:\/\/imagazine.it\/wp-content\/uploads\/2025\/09\/san-michele-arcangelo-06-300x300.jpg",300,300,true],"thumbrelated":["https:\/\/imagazine.it\/wp-content\/uploads\/2025\/09\/san-michele-arcangelo-06-500x500.jpg",500,500,true],"meccarouselthumb":["https:\/\/imagazine.it\/wp-content\/uploads\/2025\/09\/san-michele-arcangelo-06-474x324.jpg",474,324,true],"gridsquare":["https:\/\/imagazine.it\/wp-content\/uploads\/2025\/09\/san-michele-arcangelo-06-391x260.jpg",391,260,true],"tileview":["https:\/\/imagazine.it\/wp-content\/uploads\/2025\/09\/san-michele-arcangelo-06-300x400.jpg",300,400,true],"1536x1536":["https:\/\/imagazine.it\/wp-content\/uploads\/2025\/09\/san-michele-arcangelo-06.jpg",1366,779,false],"2048x2048":["https:\/\/imagazine.it\/wp-content\/uploads\/2025\/09\/san-michele-arcangelo-06.jpg",1366,779,false],"newsup-slider-full":["https:\/\/imagazine.it\/wp-content\/uploads\/2025\/09\/san-michele-arcangelo-06-1280x720.jpg",1280,720,true],"newsup-featured":["https:\/\/imagazine.it\/wp-content\/uploads\/2025\/09\/san-michele-arcangelo-06-1024x584.jpg",1024,584,true],"newsup-medium":["https:\/\/imagazine.it\/wp-content\/uploads\/2025\/09\/san-michele-arcangelo-06-720x380.jpg",720,380,true],"tptn_thumbnail":["https:\/\/imagazine.it\/wp-content\/uploads\/2025\/09\/san-michele-arcangelo-06-250x210.jpg",250,210,true],"sow-carousel-default":["https:\/\/imagazine.it\/wp-content\/uploads\/2025\/09\/san-michele-arcangelo-06-272x182.jpg",272,182,true]},"rttpg_author":{"display_name":"Livio Nonis","author_link":"https:\/\/imagazine.it\/home_desk\/author\/nonis\/"},"rttpg_comment":0,"rttpg_category":"<a href=\"https:\/\/imagazine.it\/home_desk\/category\/attualita\/\" rel=\"category tag\">ATTUALIT\u00c0<\/a>","rttpg_excerpt":"Cervignano pronta a celebrare San Michele: visite guidate, concerti, incontri culturali e mostre. Ecco il calendario di tutti gli appuntamenti","_links":{"self":[{"href":"https:\/\/imagazine.it\/home_desk\/wp-json\/wp\/v2\/posts\/67775","targetHints":{"allow":["GET"]}}],"collection":[{"href":"https:\/\/imagazine.it\/home_desk\/wp-json\/wp\/v2\/posts"}],"about":[{"href":"https:\/\/imagazine.it\/home_desk\/wp-json\/wp\/v2\/types\/post"}],"author":[{"embeddable":true,"href":"https:\/\/imagazine.it\/home_desk\/wp-json\/wp\/v2\/users\/22"}],"replies":[{"embeddable":true,"href":"https:\/\/imagazine.it\/home_desk\/wp-json\/wp\/v2\/comments?post=67775"}],"version-history":[{"count":2,"href":"https:\/\/imagazine.it\/home_desk\/wp-json\/wp\/v2\/posts\/67775\/revisions"}],"predecessor-version":[{"id":67779,"href":"https:\/\/imagazine.it\/home_desk\/wp-json\/wp\/v2\/posts\/67775\/revisions\/67779"}],"wp:featuredmedia":[{"embeddable":true,"href":"https:\/\/imagazine.it\/home_desk\/wp-json\/wp\/v2\/media\/67777"}],"wp:attachment":[{"href":"https:\/\/imagazine.it\/home_desk\/wp-json\/wp\/v2\/media?parent=67775"}],"wp:term":[{"taxonomy":"category","embeddable":true,"href":"https:\/\/imagazine.it\/home_desk\/wp-json\/wp\/v2\/categories?post=67775"},{"taxonomy":"post_tag","embeddable":true,"href":"https:\/\/imagazine.it\/home_desk\/wp-json\/wp\/v2\/tags?post=67775"}],"curies":[{"name":"wp","href":"https:\/\/api.w.org\/{rel}","templated":true}]}}