{"id":67764,"date":"2025-09-04T18:35:26","date_gmt":"2025-09-04T16:35:26","guid":{"rendered":"https:\/\/imagazine.it\/home_desk\/?p=67764"},"modified":"2025-09-04T18:40:24","modified_gmt":"2025-09-04T16:40:24","slug":"una-cartolina-per-scegliere-gli-angoli-del-cuore","status":"publish","type":"post","link":"https:\/\/imagazine.it\/home_desk\/una-cartolina-per-scegliere-gli-angoli-del-cuore\/","title":{"rendered":"Una cartolina per scegliere gli angoli del cuore"},"content":{"rendered":"<p><span style=\"font-size: 10pt;\"><em>La mappa presente sulla cartolina<\/em><\/span><\/p>\n<p>CERVIGNANO DEL FRIULI \u2013 Nuovi sviluppi per il progetto \u201c<em>Angoli del Cuore<\/em>\u201d, un\u2019iniziativa che intreccia memoria collettiva, identit\u00e0 cittadina e nuove forme di partecipazione.<\/p>\n<p>Il progetto invita ogni cittadino a segnalare il proprio luogo simbolico della citt\u00e0, scrivendo un ricordo, allegando una fotografia e collocandolo su una piantina di Cervignano. Un gesto semplice che sta costruendo, passo dopo passo, una mappa sentimentale in grado di raccontare la citt\u00e0 non solo attraverso vie e piazze, ma anche attraverso emozioni e memorie condivise.<\/p>\n<p>L\u2019idea trae ispirazione dal percorso di \u201c<em>Cervignano Ce Meravea<\/em>\u201d, che negli ultimi quattro anni ha dato vita a un calendario tematico dedicato ai luoghi pi\u00f9 caratteristici della citt\u00e0.<\/p>\n<p>Grazie al talento grafico di <strong>Simona Cavatoni<\/strong>, la piantina si arricchir\u00e0 ulteriormente e in futuro diventer\u00e0 multimediale, cos\u00ec da accompagnare anche i tanti turisti che attraversano e frequentano Cervignano alla scoperta delle sue bellezze e della sua storia.<\/p>\n<p>Particolarmente significativa la collaborazione con la Casa di Riposo \u201cValentino Sarcinelli\u201d, dove le operatrici hanno raccolto i ricordi e le testimonianze degli ospiti. Una memoria viva e preziosa, che si intreccia con quella dei cittadini che, gi\u00e0 lo scorso maggio, avevano letteralmente \u201cinondato di cuoricini\u201d la mappa esposta durante l\u2019evento Terra e Fiume.<\/p>\n<p>Ma il progetto non si ferma qui. A fine settembre Corima doner\u00e0 a tutti gli alunni delle scuole elementari e medie un quaderno didattico illustrato, che raccoglie venti \u201cluoghi del cuore\u201d cervignanesi.<\/p>\n<p>Un omaggio alla memoria collettiva ma anche un modo creativo per educare le nuove generazioni alla conoscenza del territorio. \u201cRicordate i quaderni della Pigna? \u2013 spiegano dall\u2019associazione Corima, promotrice dell\u2019iniziativa \u2013 Ecco, l\u2019idea \u00e8 simile: un oggetto semplice, ma che porta con s\u00e9 un forte valore simbolico e culturale\u201d.<\/p>\n<figure id=\"attachment_67766\" aria-describedby=\"caption-attachment-67766\" style=\"width: 1000px\" class=\"wp-caption aligncenter\"><img loading=\"lazy\" decoding=\"async\" class=\"size-full wp-image-67766\" src=\"https:\/\/imagazine.it\/wp-content\/uploads\/2025\/09\/cartolina-mappa-orizzontale-1.jpg\" alt=\"\" width=\"1000\" height=\"711\" title=\"\" srcset=\"https:\/\/imagazine.it\/wp-content\/uploads\/2025\/09\/cartolina-mappa-orizzontale-1.jpg 1000w, https:\/\/imagazine.it\/wp-content\/uploads\/2025\/09\/cartolina-mappa-orizzontale-1-300x213.jpg 300w, https:\/\/imagazine.it\/wp-content\/uploads\/2025\/09\/cartolina-mappa-orizzontale-1-768x546.jpg 768w\" sizes=\"auto, (max-width: 1000px) 100vw, 1000px\" \/><figcaption id=\"caption-attachment-67766\" class=\"wp-caption-text\">Il retro della cartolina su cui scrivere le motivazioni della scelta<\/figcaption><\/figure>\n<p>Parallelamente, grazie alla collaborazione con l\u2019associazione commercianti Vari ed Eventuali, gli stessi quaderni saranno protagonisti della prossima iniziativa \u201c<em>Love Cervignano<\/em>\u201d, in programma in questi giorni di inizio settembre. In quell\u2019occasione, saranno distribuiti a tutti i clienti dei negozi aderenti, rafforzando ulteriormente il legame tra progetto culturale, tessuto sociale e realt\u00e0 economica locale.<\/p>\n<p>Ma non solo. A tutti i clienti delle attivit\u00e0 commerciali di Vari ed Eventuali \u2013 come conferma la presidente del sodalizio, <strong>Ilaria Giaccari<\/strong> \u2013 verranno consegnate delle <strong>cartoline<\/strong> con riportati venti luoghi del cuore cervignanesi: chi le ricever\u00e0 potr\u00e0 non solo fare la sua scelta, ma anche motivarla per iscritto.<\/p>\n<p>\u00abGli Angoli del Cuore sono il filo rosso che unisce i ricordi individuali alla memoria collettiva \u2013 afferma la presidentessa di Corima, <strong>Mara Tegon<\/strong>, che ringrazia il socio <strong>Luca Negro<\/strong> per il coordinamento dell\u2019intera progettualit\u00e0 \u2013. Cervignano non \u00e8 fatta solo di edifici e strade, ma di emozioni, racconti e scorci che hanno segnato la vita di ciascuno di noi. Condividere il proprio angolo del cuore significa tenerlo vivo e donarlo alla comunit\u00e0\u00bb.<\/p>\n<p>Al sostegno di cittadini e associazioni si affianca quello delle istituzioni: <strong>Karin Faggionato<\/strong>, responsabile del Settore Servizi alla Persona del Comune di Cervignano del Friuli, ha voluto esprimere un messaggio di vicinanza: \u00abAccolgo sempre con grande rispetto e affetto le iniziative di Corima per l\u2019attenzione che riserva alla nostra piccola comunit\u00e0 e per l\u2019affetto che dimostra costantemente\u00bb.<\/p>\n<figure id=\"attachment_67769\" aria-describedby=\"caption-attachment-67769\" style=\"width: 640px\" class=\"wp-caption aligncenter\"><img loading=\"lazy\" decoding=\"async\" class=\"size-large wp-image-67769\" src=\"https:\/\/imagazine.it\/wp-content\/uploads\/2025\/09\/letteraCasaRiposo-739x1024.jpg\" alt=\"\" width=\"640\" height=\"887\" title=\"\" srcset=\"https:\/\/imagazine.it\/wp-content\/uploads\/2025\/09\/letteraCasaRiposo-739x1024.jpg 739w, https:\/\/imagazine.it\/wp-content\/uploads\/2025\/09\/letteraCasaRiposo-216x300.jpg 216w, https:\/\/imagazine.it\/wp-content\/uploads\/2025\/09\/letteraCasaRiposo-768x1065.jpg 768w, https:\/\/imagazine.it\/wp-content\/uploads\/2025\/09\/letteraCasaRiposo.jpg 800w\" sizes=\"auto, (max-width: 640px) 100vw, 640px\" \/><figcaption id=\"caption-attachment-67769\" class=\"wp-caption-text\">Una delle lettere scritte dagli ospiti della casa di riposo<\/figcaption><\/figure>\n<p>L\u2019associazione Corima rinnova l\u2019invito a tutti i cittadini a partecipare, inviando la segnalazione del proprio \u201cangolo del cuore\u201d e la relativa motivazione all\u2019indirizzo ass.cult.corima@gmail.com<\/p>\n","protected":false},"excerpt":{"rendered":"<p>Nuovi sviluppi a Cervignano per l\u2019iniziativa promossa da Corima che ha gi\u00e0 coinvolto cittadini, studenti e ospiti della Casa di Riposo. Ora tocca ai clienti delle attivit\u00e0 commerciali<\/p>\n","protected":false},"author":28,"featured_media":67765,"comment_status":"closed","ping_status":"closed","sticky":false,"template":"","format":"image","meta":{"dwc-title":[""],"dwc-content":[""],"footnotes":""},"categories":[37],"tags":[119,392,566,67,214],"class_list":["post-67764","post","type-post","status-publish","format-image","has-post-thumbnail","hentry","category-cultura-e-spettacolo","tag-cervignano","tag-commercio","tag-corima","tag-luoghi","tag-volontariato","post_format-post-format-image"],"rttpg_featured_image_url":{"full":["https:\/\/imagazine.it\/wp-content\/uploads\/2025\/09\/cartolina-mappa-orizzontale-2.jpg",1366,967,false],"landscape":["https:\/\/imagazine.it\/wp-content\/uploads\/2025\/09\/cartolina-mappa-orizzontale-2.jpg",1366,967,false],"portraits":["https:\/\/imagazine.it\/wp-content\/uploads\/2025\/09\/cartolina-mappa-orizzontale-2.jpg",1366,967,false],"thumbnail":["https:\/\/imagazine.it\/wp-content\/uploads\/2025\/09\/cartolina-mappa-orizzontale-2-150x150.jpg",150,150,true],"medium":["https:\/\/imagazine.it\/wp-content\/uploads\/2025\/09\/cartolina-mappa-orizzontale-2-300x212.jpg",300,212,true],"large":["https:\/\/imagazine.it\/wp-content\/uploads\/2025\/09\/cartolina-mappa-orizzontale-2-1024x725.jpg",640,453,true],"thumblist":["https:\/\/imagazine.it\/wp-content\/uploads\/2025\/09\/cartolina-mappa-orizzontale-2-300x300.jpg",300,300,true],"thumbrelated":["https:\/\/imagazine.it\/wp-content\/uploads\/2025\/09\/cartolina-mappa-orizzontale-2-500x500.jpg",500,500,true],"meccarouselthumb":["https:\/\/imagazine.it\/wp-content\/uploads\/2025\/09\/cartolina-mappa-orizzontale-2-474x324.jpg",474,324,true],"gridsquare":["https:\/\/imagazine.it\/wp-content\/uploads\/2025\/09\/cartolina-mappa-orizzontale-2-391x260.jpg",391,260,true],"tileview":["https:\/\/imagazine.it\/wp-content\/uploads\/2025\/09\/cartolina-mappa-orizzontale-2-300x400.jpg",300,400,true],"1536x1536":["https:\/\/imagazine.it\/wp-content\/uploads\/2025\/09\/cartolina-mappa-orizzontale-2.jpg",1366,967,false],"2048x2048":["https:\/\/imagazine.it\/wp-content\/uploads\/2025\/09\/cartolina-mappa-orizzontale-2.jpg",1366,967,false],"newsup-slider-full":["https:\/\/imagazine.it\/wp-content\/uploads\/2025\/09\/cartolina-mappa-orizzontale-2-1280x720.jpg",1280,720,true],"newsup-featured":["https:\/\/imagazine.it\/wp-content\/uploads\/2025\/09\/cartolina-mappa-orizzontale-2-1024x725.jpg",1024,725,true],"newsup-medium":["https:\/\/imagazine.it\/wp-content\/uploads\/2025\/09\/cartolina-mappa-orizzontale-2-720x380.jpg",720,380,true],"tptn_thumbnail":["https:\/\/imagazine.it\/wp-content\/uploads\/2025\/09\/cartolina-mappa-orizzontale-2-250x210.jpg",250,210,true],"sow-carousel-default":["https:\/\/imagazine.it\/wp-content\/uploads\/2025\/09\/cartolina-mappa-orizzontale-2-272x182.jpg",272,182,true]},"rttpg_author":{"display_name":"redazione","author_link":"https:\/\/imagazine.it\/home_desk\/author\/redazione\/"},"rttpg_comment":0,"rttpg_category":"<a href=\"https:\/\/imagazine.it\/home_desk\/category\/cultura-e-spettacolo\/\" rel=\"category tag\">CULTURA&amp;SPETTACOLO<\/a>","rttpg_excerpt":"Nuovi sviluppi a Cervignano per l\u2019iniziativa promossa da Corima che ha gi\u00e0 coinvolto cittadini, studenti e ospiti della Casa di Riposo. Ora tocca ai clienti delle attivit\u00e0 commerciali","_links":{"self":[{"href":"https:\/\/imagazine.it\/home_desk\/wp-json\/wp\/v2\/posts\/67764","targetHints":{"allow":["GET"]}}],"collection":[{"href":"https:\/\/imagazine.it\/home_desk\/wp-json\/wp\/v2\/posts"}],"about":[{"href":"https:\/\/imagazine.it\/home_desk\/wp-json\/wp\/v2\/types\/post"}],"author":[{"embeddable":true,"href":"https:\/\/imagazine.it\/home_desk\/wp-json\/wp\/v2\/users\/28"}],"replies":[{"embeddable":true,"href":"https:\/\/imagazine.it\/home_desk\/wp-json\/wp\/v2\/comments?post=67764"}],"version-history":[{"count":4,"href":"https:\/\/imagazine.it\/home_desk\/wp-json\/wp\/v2\/posts\/67764\/revisions"}],"predecessor-version":[{"id":67771,"href":"https:\/\/imagazine.it\/home_desk\/wp-json\/wp\/v2\/posts\/67764\/revisions\/67771"}],"wp:featuredmedia":[{"embeddable":true,"href":"https:\/\/imagazine.it\/home_desk\/wp-json\/wp\/v2\/media\/67765"}],"wp:attachment":[{"href":"https:\/\/imagazine.it\/home_desk\/wp-json\/wp\/v2\/media?parent=67764"}],"wp:term":[{"taxonomy":"category","embeddable":true,"href":"https:\/\/imagazine.it\/home_desk\/wp-json\/wp\/v2\/categories?post=67764"},{"taxonomy":"post_tag","embeddable":true,"href":"https:\/\/imagazine.it\/home_desk\/wp-json\/wp\/v2\/tags?post=67764"}],"curies":[{"name":"wp","href":"https:\/\/api.w.org\/{rel}","templated":true}]}}