{"id":67749,"date":"2025-09-04T17:04:30","date_gmt":"2025-09-04T15:04:30","guid":{"rendered":"https:\/\/imagazine.it\/home_desk\/?p=67749"},"modified":"2025-09-10T10:59:19","modified_gmt":"2025-09-10T08:59:19","slug":"uno-sportello-per-caregiver-di-persone-con-demenza","status":"publish","type":"post","link":"https:\/\/imagazine.it\/home_desk\/uno-sportello-per-caregiver-di-persone-con-demenza\/","title":{"rendered":"Uno sportello per caregiver di persone con demenza"},"content":{"rendered":"<p><span style=\"font-size: 10pt;\"><em>L&#8217;assessore Riccardi, accanto al sindaco di Muggia, Paolo Polidori, taglia il nastro del nuovo sportello<\/em><\/span><\/p>\n<p>MUGGIA \u2013 Inaugurata ufficialmente a <strong>Muggia<\/strong>, nella <strong>sede della Pro Loco<\/strong> di Calle Verdi 7, il <strong>primo sportello regionale di orientamento per caregiver di persone con demenza<\/strong>, promosso dalla <strong>DFC<\/strong>&#8211;<strong>Dementia Friendly Community<\/strong> di Muggia (Comunit\u00e0 amica delle persone con demenza).<\/p>\n<p>Si tratta della prima realt\u00e0 di questo tipo nata in Friuli Venezia Giulia.<\/p>\n<p>Il progetto, realizzato in collaborazione con l\u2019<strong>Associazione de Banfield<\/strong> e sostenuto dal <strong>Comune di Muggia<\/strong>, dall\u2019<strong>Assessorato regionale alla Salute, Politiche Sociali e Disabilit\u00e0<\/strong>, da <strong>ASUGI<\/strong> \u2013 Azienda Sanitaria Universitaria Giuliano Isontina e dalla <strong>Pro Loco di Muggia<\/strong>, mira a offrire <strong>supporto e ascolto <\/strong>a chi ogni giorno affronta le difficolt\u00e0 legate al sostegno e all\u2019affiancamento di un familiare con demenza.<\/p>\n<p><strong>Ogni ultimo luned\u00ec del mese dalle 9 alle 12, <\/strong>infatti, un\u2019assistente sociale dell\u2019Associazione de Banfield <strong>sar\u00e0 presente nella sede della Pro Loco<\/strong> per fornire <strong>consulenza e orientamento ai caregiver<\/strong>.<\/p>\n<p>\u00abPer chi vive quotidianamente accanto a una persona con demenza, poter contare su un luogo dove ricevere informazioni, sostegno e strumenti pratici per affrontare le diverse fasi della malattia pu\u00f2 fare davvero la differenza\u00bb, ha sottolineato il presidente della de Banfield, <strong>Massimo Simeon<\/strong>.<\/p>\n<p>\u00abVoglio ringraziare sentitamente l\u2019associazione de Banfield, il Comune e la Pro Loco di Muggia per l\u2019apertura di questo sportello, che mette al centro l\u2019ascolto di coloro che si prendono cura di persone affette da forme di demenza\u00bb ha affermato l\u2019assessore regionale alla sanit\u00e0, <strong>Riccardo Riccardi<\/strong>. \u00abUno sforzo che testimonia come queste sfide si vincano tutti insieme, non solo all\u2019interno di una struttura ospedaliera\u00bb.<\/p>\n<p><strong>L\u2019apertura dello sportello<\/strong> si inserisce nelle iniziative che la <strong>DFC di Muggia<\/strong> ha organizzato per il <strong>Mese dell\u2019Alzheimer<\/strong>, conosciuto anche come<strong> Mese Viola<\/strong> dal colore che in tutto il mondo simboleggia la malattia di Alzheimer, e che <strong>culmina ogni anno il 21 settembre<\/strong> con la <strong>Giornata Mondiale<\/strong>.<\/p>\n<p>Per l\u2019occasione, un <strong>calendario di appuntamenti<\/strong> accompagner\u00e0 i <strong>cittadini di Muggia e di tutto l\u2019Ambito Carso Giuliano<\/strong>, con eventi pensati per informare e sensibilizzare sulla demenza, stimolare la riflessione condivisa sul valore del ricordo e ribadire l\u2019importanza di costruire comunit\u00e0 solidali e accoglienti.<\/p>\n<p><strong>Tra le proposte<\/strong> ci sono gli <strong>screening gratuiti della memoria<\/strong>, <strong>particolarmente utili dopo i 65 anni<\/strong> e che saranno offerti nel mese di settembre in diverse localit\u00e0 del territorio.<\/p>\n<p>Dopo il primo appuntamento a <strong>Muggia<\/strong> lo scorso 2 settembre, un nuovo screening sar\u00e0 disponibile il <strong>9 settembre<\/strong> presso il Distretto Sanitario di via Cesare Battisti. Seguiranno poi le giornate del <strong>10 settembre a Sgonico<\/strong>, al Centro di Aggregazione Hi\u0161a \u017digon, del <strong>16 settembre a Duino Aurisina<\/strong>, presso la sede del Servizio Sociale in localit\u00e0 Sistiana\/Borgo San Mauro, e del <strong>30 settembre a San Dorligo della Valle<\/strong>, al Centro Pastorale di Dolina.<\/p>\n<p>A <strong>Monrupino<\/strong>, invece, il <strong>25 settembre<\/strong>, il Museo del Carso ospiter\u00e0 un <strong>incontro pubblico dedicato alla prevenzione della demenza<\/strong>, con interventi, consigli pratici ed esercizi utili nella vita quotidiana.<\/p>\n<figure id=\"attachment_67751\" aria-describedby=\"caption-attachment-67751\" style=\"width: 1000px\" class=\"wp-caption aligncenter\"><img loading=\"lazy\" decoding=\"async\" class=\"size-full wp-image-67751\" src=\"https:\/\/imagazine.it\/wp-content\/uploads\/2025\/09\/10.jpg\" alt=\"\" width=\"1000\" height=\"611\" title=\"\" srcset=\"https:\/\/imagazine.it\/wp-content\/uploads\/2025\/09\/10.jpg 1000w, https:\/\/imagazine.it\/wp-content\/uploads\/2025\/09\/10-300x183.jpg 300w, https:\/\/imagazine.it\/wp-content\/uploads\/2025\/09\/10-768x469.jpg 768w\" sizes=\"auto, (max-width: 1000px) 100vw, 1000px\" \/><figcaption id=\"caption-attachment-67751\" class=\"wp-caption-text\">La presentazione alla stampa del nuovo sportello<\/figcaption><\/figure>\n<p>Il <strong>calendario del Mese Viola<\/strong> prevede anche momenti culturali e conviviali come <strong>gli incontri di \u201c<em>Ape-lettura<\/em>\u201d,<\/strong> <strong>letture a leggio con accompagnamento musicale<\/strong> tratte da testi selezionati e arricchite da uno sfizioso <strong>aperitivo viola<\/strong>.<\/p>\n<p>A <strong>Muggia<\/strong> l\u2019appuntamento \u00e8 fissato per <strong>luned\u00ec 8 settembre al Ristorante Sociale del Circolo della Vela<\/strong>, grazie alla collaborazione di Microaree Muggia, Aul\u00f2s Musicoterapia e la Casa di Riposo comunale.<\/p>\n<p>A <strong>Sistiana<\/strong>, nel Comune di <strong>Duino Aurisina<\/strong>, l\u2019iniziativa sar\u00e0 riproposta <strong>mercoled\u00ec 10 settembre<\/strong> presso il <strong>Bar Ai Sportivi<\/strong> (con la partecipazione di Aul\u00f2s Musicoterapia, della Casa di Riposo Stuparich, del Gruppo Volontari Duino Aurisina-S. Croce, della Pro Loco Mitreo e del Comitato di Borgo San Mauro)<\/p>\n<p>Il <strong>21 settembre<\/strong>, in occasione della <strong>Giornata Mondiale dell\u2019Alzheimer<\/strong>, le celebrazioni troveranno il loro momento pi\u00f9 simbolico con l\u2019iniziativa \u201c<strong><em>M\u2019illumino di Viola<\/em><\/strong>\u201d, che vedr\u00e0 tutti i <strong>Comuni dell\u2019Ambito Carso Giuliano<\/strong> illuminare di viola un edificio comunale, come gesto di vicinanza e sostegno.<\/p>\n<p>A <strong>Muggia<\/strong> sar\u00e0 la Biblioteca \u201cE. Guglia\u201d a tingersi di viola, diventando cos\u00ec un punto di riferimento visibile e condiviso per tutta la comunit\u00e0. Inoltre, ogni Comune del Carso illuminer\u00e0 la propria sede.<\/p>\n<p>La <strong><em>Dementia Friendly Community<\/em> di Muggia<\/strong> \u00e8 stata la prima in Friuli Venezia Giulia a ottenere, nel 2020, il riconoscimento ufficiale del protocollo internazionale gestito in Italia dalla <strong>Federazione Alzheimer<\/strong> <strong>Italia<\/strong>. Da allora ha portato avanti numerosi progetti a favore delle persone con demenza, dei loro familiari e della cittadinanza.<\/p>\n<p>Dal 2023 la sua progettazione si \u00e8 progressivamente <strong>allargata a tutti i Comuni dell\u2019Ambito Territoriale Carso Giuliano<\/strong>, un percorso che quest\u2019anno porter\u00e0 al riconoscimento ufficiale dell\u2019intero Ambito come Comunit\u00e0 Amica delle Persone con Demenza, consolidando cos\u00ec un modello di collaborazione e solidariet\u00e0 che guarda al futuro con responsabilit\u00e0 e speranza.<\/p>\n","protected":false},"excerpt":{"rendered":"<p>Inaugurata a Muggia la prima realt\u00e0 nel suo genere in Friuli Venezia Giulia per fornire consulenza e orientamento<\/p>\n","protected":false},"author":28,"featured_media":67750,"comment_status":"closed","ping_status":"closed","sticky":false,"template":"","format":"image","meta":{"dwc-title":[""],"dwc-content":[""],"footnotes":""},"categories":[5],"tags":[1086,1085,874,97],"class_list":["post-67749","post","type-post","status-publish","format-image","has-post-thumbnail","hentry","category-attualita","tag-caregiver","tag-demenza","tag-muggia","tag-salute","post_format-post-format-image"],"rttpg_featured_image_url":{"full":["https:\/\/imagazine.it\/wp-content\/uploads\/2025\/09\/07.jpg",1366,768,false],"landscape":["https:\/\/imagazine.it\/wp-content\/uploads\/2025\/09\/07.jpg",1366,768,false],"portraits":["https:\/\/imagazine.it\/wp-content\/uploads\/2025\/09\/07.jpg",1366,768,false],"thumbnail":["https:\/\/imagazine.it\/wp-content\/uploads\/2025\/09\/07-150x150.jpg",150,150,true],"medium":["https:\/\/imagazine.it\/wp-content\/uploads\/2025\/09\/07-300x169.jpg",300,169,true],"large":["https:\/\/imagazine.it\/wp-content\/uploads\/2025\/09\/07-1024x576.jpg",640,360,true],"thumblist":["https:\/\/imagazine.it\/wp-content\/uploads\/2025\/09\/07-300x300.jpg",300,300,true],"thumbrelated":["https:\/\/imagazine.it\/wp-content\/uploads\/2025\/09\/07-500x500.jpg",500,500,true],"meccarouselthumb":["https:\/\/imagazine.it\/wp-content\/uploads\/2025\/09\/07-474x324.jpg",474,324,true],"gridsquare":["https:\/\/imagazine.it\/wp-content\/uploads\/2025\/09\/07-391x260.jpg",391,260,true],"tileview":["https:\/\/imagazine.it\/wp-content\/uploads\/2025\/09\/07-300x400.jpg",300,400,true],"1536x1536":["https:\/\/imagazine.it\/wp-content\/uploads\/2025\/09\/07.jpg",1366,768,false],"2048x2048":["https:\/\/imagazine.it\/wp-content\/uploads\/2025\/09\/07.jpg",1366,768,false],"newsup-slider-full":["https:\/\/imagazine.it\/wp-content\/uploads\/2025\/09\/07-1280x720.jpg",1280,720,true],"newsup-featured":["https:\/\/imagazine.it\/wp-content\/uploads\/2025\/09\/07-1024x576.jpg",1024,576,true],"newsup-medium":["https:\/\/imagazine.it\/wp-content\/uploads\/2025\/09\/07-720x380.jpg",720,380,true],"tptn_thumbnail":["https:\/\/imagazine.it\/wp-content\/uploads\/2025\/09\/07-250x210.jpg",250,210,true],"sow-carousel-default":["https:\/\/imagazine.it\/wp-content\/uploads\/2025\/09\/07-272x182.jpg",272,182,true]},"rttpg_author":{"display_name":"redazione","author_link":"https:\/\/imagazine.it\/home_desk\/author\/redazione\/"},"rttpg_comment":0,"rttpg_category":"<a href=\"https:\/\/imagazine.it\/home_desk\/category\/attualita\/\" rel=\"category tag\">ATTUALIT\u00c0<\/a>","rttpg_excerpt":"Inaugurata a Muggia la prima realt\u00e0 nel suo genere in Friuli Venezia Giulia per fornire consulenza e orientamento","_links":{"self":[{"href":"https:\/\/imagazine.it\/home_desk\/wp-json\/wp\/v2\/posts\/67749","targetHints":{"allow":["GET"]}}],"collection":[{"href":"https:\/\/imagazine.it\/home_desk\/wp-json\/wp\/v2\/posts"}],"about":[{"href":"https:\/\/imagazine.it\/home_desk\/wp-json\/wp\/v2\/types\/post"}],"author":[{"embeddable":true,"href":"https:\/\/imagazine.it\/home_desk\/wp-json\/wp\/v2\/users\/28"}],"replies":[{"embeddable":true,"href":"https:\/\/imagazine.it\/home_desk\/wp-json\/wp\/v2\/comments?post=67749"}],"version-history":[{"count":2,"href":"https:\/\/imagazine.it\/home_desk\/wp-json\/wp\/v2\/posts\/67749\/revisions"}],"predecessor-version":[{"id":67753,"href":"https:\/\/imagazine.it\/home_desk\/wp-json\/wp\/v2\/posts\/67749\/revisions\/67753"}],"wp:featuredmedia":[{"embeddable":true,"href":"https:\/\/imagazine.it\/home_desk\/wp-json\/wp\/v2\/media\/67750"}],"wp:attachment":[{"href":"https:\/\/imagazine.it\/home_desk\/wp-json\/wp\/v2\/media?parent=67749"}],"wp:term":[{"taxonomy":"category","embeddable":true,"href":"https:\/\/imagazine.it\/home_desk\/wp-json\/wp\/v2\/categories?post=67749"},{"taxonomy":"post_tag","embeddable":true,"href":"https:\/\/imagazine.it\/home_desk\/wp-json\/wp\/v2\/tags?post=67749"}],"curies":[{"name":"wp","href":"https:\/\/api.w.org\/{rel}","templated":true}]}}