{"id":67735,"date":"2025-09-04T11:31:49","date_gmt":"2025-09-04T09:31:49","guid":{"rendered":"https:\/\/imagazine.it\/home_desk\/?p=67735"},"modified":"2025-09-04T12:26:20","modified_gmt":"2025-09-04T10:26:20","slug":"gorizia-riabbraccia-la-brigata-di-cavalleria-pozzuolo-del-friuli","status":"publish","type":"post","link":"https:\/\/imagazine.it\/home_desk\/gorizia-riabbraccia-la-brigata-di-cavalleria-pozzuolo-del-friuli\/","title":{"rendered":"Gorizia riabbraccia la Brigata di Cavalleria Pozzuolo del Friuli"},"content":{"rendered":"<p><span style=\"font-size: 10pt;\"><em>Ziberna tra i generali Mandolesi e Bertazzo<\/em><\/span><\/p>\n<p>GORIZIA \u2013 Il sindaco, <strong>Rodolfo Ziberna<\/strong>, ha incontrato il Comandante uscente della Brigata di Cavalleria Pozzuolo del Friuli e quello subentrante.<\/p>\n<p>\u201cLa Brigata di Cavalleria Pozzuolo del Friuli \u2013 le parole del primo cittadino \u2013 \u00e8 parte integrante della nostra citt\u00e0, oltre a essere un grandissimo motivo di orgoglio per la professionalit\u00e0 e l\u2019efficacia che ha dimostrato sempre nelle operazioni sia nello scenario internazionale che sul territorio nazionale. Per questo ho ringraziato di cuore il generale di Brigata <strong>Nicola Mandolesi<\/strong>, comandante uscente della Brigata, e ho fatto i miei pi\u00f9 sinceri auguri di buon lavoro al generale di Brigata <strong>Andrea Bertazzo<\/strong>, subentrante al comando\u201d.<\/p>\n<p>\u201cHo espresso la mia gratitudine \u2013 ha concluso Ziberna \u2013 in particolare per la recente missione di pace in Libano, dove la Brigata ha guidato il contingente italiano nel Settore Ovest della missione UNIFIL, contribuendo alla stabilit\u00e0 dell\u2019area sotto mandato ONU. La citt\u00e0 potr\u00e0 riabbracciare donne e uomini della Brigata domani, venerd\u00ec 5 settembre, alle 10 nella cerimonia che si svolger\u00e0 in piazza Vittoria\u201d.<\/p>\n","protected":false},"excerpt":{"rendered":"<p>Venerd\u00ec in piazza Vittoria la cerimonia per le donne e gli uomini che hanno guidato il contingente italiano in Libano. Il sindaco incontra i generali<\/p>\n","protected":false},"author":28,"featured_media":67736,"comment_status":"closed","ping_status":"closed","sticky":false,"template":"","format":"image","meta":{"dwc-title":[""],"dwc-content":[""],"footnotes":""},"categories":[5],"tags":[1608,43,1843],"class_list":["post-67735","post","type-post","status-publish","format-image","has-post-thumbnail","hentry","category-attualita","tag-esercito","tag-gorizia","tag-militari","post_format-post-format-image"],"rttpg_featured_image_url":{"full":["https:\/\/imagazine.it\/wp-content\/uploads\/2025\/09\/Saluto-comandanti-Pozzuolo.jpg",1366,759,false],"landscape":["https:\/\/imagazine.it\/wp-content\/uploads\/2025\/09\/Saluto-comandanti-Pozzuolo.jpg",1366,759,false],"portraits":["https:\/\/imagazine.it\/wp-content\/uploads\/2025\/09\/Saluto-comandanti-Pozzuolo.jpg",1366,759,false],"thumbnail":["https:\/\/imagazine.it\/wp-content\/uploads\/2025\/09\/Saluto-comandanti-Pozzuolo-150x150.jpg",150,150,true],"medium":["https:\/\/imagazine.it\/wp-content\/uploads\/2025\/09\/Saluto-comandanti-Pozzuolo-300x167.jpg",300,167,true],"large":["https:\/\/imagazine.it\/wp-content\/uploads\/2025\/09\/Saluto-comandanti-Pozzuolo-1024x569.jpg",640,356,true],"thumblist":["https:\/\/imagazine.it\/wp-content\/uploads\/2025\/09\/Saluto-comandanti-Pozzuolo-300x300.jpg",300,300,true],"thumbrelated":["https:\/\/imagazine.it\/wp-content\/uploads\/2025\/09\/Saluto-comandanti-Pozzuolo-500x500.jpg",500,500,true],"meccarouselthumb":["https:\/\/imagazine.it\/wp-content\/uploads\/2025\/09\/Saluto-comandanti-Pozzuolo-474x324.jpg",474,324,true],"gridsquare":["https:\/\/imagazine.it\/wp-content\/uploads\/2025\/09\/Saluto-comandanti-Pozzuolo-391x260.jpg",391,260,true],"tileview":["https:\/\/imagazine.it\/wp-content\/uploads\/2025\/09\/Saluto-comandanti-Pozzuolo-300x400.jpg",300,400,true],"1536x1536":["https:\/\/imagazine.it\/wp-content\/uploads\/2025\/09\/Saluto-comandanti-Pozzuolo.jpg",1366,759,false],"2048x2048":["https:\/\/imagazine.it\/wp-content\/uploads\/2025\/09\/Saluto-comandanti-Pozzuolo.jpg",1366,759,false],"newsup-slider-full":["https:\/\/imagazine.it\/wp-content\/uploads\/2025\/09\/Saluto-comandanti-Pozzuolo-1280x720.jpg",1280,720,true],"newsup-featured":["https:\/\/imagazine.it\/wp-content\/uploads\/2025\/09\/Saluto-comandanti-Pozzuolo-1024x569.jpg",1024,569,true],"newsup-medium":["https:\/\/imagazine.it\/wp-content\/uploads\/2025\/09\/Saluto-comandanti-Pozzuolo-720x380.jpg",720,380,true],"tptn_thumbnail":["https:\/\/imagazine.it\/wp-content\/uploads\/2025\/09\/Saluto-comandanti-Pozzuolo-250x210.jpg",250,210,true],"sow-carousel-default":["https:\/\/imagazine.it\/wp-content\/uploads\/2025\/09\/Saluto-comandanti-Pozzuolo-272x182.jpg",272,182,true]},"rttpg_author":{"display_name":"redazione","author_link":"https:\/\/imagazine.it\/home_desk\/author\/redazione\/"},"rttpg_comment":0,"rttpg_category":"<a href=\"https:\/\/imagazine.it\/home_desk\/category\/attualita\/\" rel=\"category tag\">ATTUALIT\u00c0<\/a>","rttpg_excerpt":"Venerd\u00ec in piazza Vittoria la cerimonia per le donne e gli uomini che hanno guidato il contingente italiano in Libano. Il sindaco incontra i generali","_links":{"self":[{"href":"https:\/\/imagazine.it\/home_desk\/wp-json\/wp\/v2\/posts\/67735","targetHints":{"allow":["GET"]}}],"collection":[{"href":"https:\/\/imagazine.it\/home_desk\/wp-json\/wp\/v2\/posts"}],"about":[{"href":"https:\/\/imagazine.it\/home_desk\/wp-json\/wp\/v2\/types\/post"}],"author":[{"embeddable":true,"href":"https:\/\/imagazine.it\/home_desk\/wp-json\/wp\/v2\/users\/28"}],"replies":[{"embeddable":true,"href":"https:\/\/imagazine.it\/home_desk\/wp-json\/wp\/v2\/comments?post=67735"}],"version-history":[{"count":2,"href":"https:\/\/imagazine.it\/home_desk\/wp-json\/wp\/v2\/posts\/67735\/revisions"}],"predecessor-version":[{"id":67738,"href":"https:\/\/imagazine.it\/home_desk\/wp-json\/wp\/v2\/posts\/67735\/revisions\/67738"}],"wp:featuredmedia":[{"embeddable":true,"href":"https:\/\/imagazine.it\/home_desk\/wp-json\/wp\/v2\/media\/67736"}],"wp:attachment":[{"href":"https:\/\/imagazine.it\/home_desk\/wp-json\/wp\/v2\/media?parent=67735"}],"wp:term":[{"taxonomy":"category","embeddable":true,"href":"https:\/\/imagazine.it\/home_desk\/wp-json\/wp\/v2\/categories?post=67735"},{"taxonomy":"post_tag","embeddable":true,"href":"https:\/\/imagazine.it\/home_desk\/wp-json\/wp\/v2\/tags?post=67735"}],"curies":[{"name":"wp","href":"https:\/\/api.w.org\/{rel}","templated":true}]}}