{"id":67710,"date":"2025-09-03T13:12:15","date_gmt":"2025-09-03T11:12:15","guid":{"rendered":"https:\/\/imagazine.it\/home_desk\/?p=67710"},"modified":"2025-09-04T17:41:47","modified_gmt":"2025-09-04T15:41:47","slug":"alpinisti-triestini-sulle-vette-del-pakistan","status":"publish","type":"post","link":"https:\/\/imagazine.it\/home_desk\/alpinisti-triestini-sulle-vette-del-pakistan\/","title":{"rendered":"Alpinisti triestini sulle vette del Pakistan"},"content":{"rendered":"<p><span style=\"font-size: 10pt;\"><em>Adamo, Valenti, Dall&#8217;Argine, Bologna<\/em><\/span><\/p>\n<p>TRIESTE \u2013 Sette soci del <strong>G.A.R.S. Gruppo Alpinisti Rocciatori Sciatori<\/strong> della <strong>Societa\u0300 Alpina delle Giulie APS &#8211; Sezione di Trieste <\/strong>del<strong> Club Alpino Italiano <\/strong>sono partiti oggi alla volta del Pakistan per una spedizione alpinistica di esplorazione sulle montagne della regione dello Swat: il progetto \u201c<em>Swat GARS 2025<\/em>\u201d.<\/p>\n<p>Dopo gli ultimi preparativi e test sui materiali in quota, il gruppo formato da <strong>Lorenzo Adamo<\/strong>, <strong>Mauro Bologna<\/strong>, <strong>Mauro Dall&#8217;Argine<\/strong>, <strong>Mauro Florit<\/strong>, <strong>Giorgio Gregorio<\/strong>, <strong>Paolo Pezzolato<\/strong> e <strong>Giulio Valenti<\/strong> \u00e8 pronto per affrontare questa nuova sfida.<\/p>\n<p>Adamo, Bologna, Gregorio e Valenti si dedicheranno all&#8217;esplorazione di una zona ancora sconosciuta, percorrendo un trekking che verr\u00e0 tracciato e di cui la mappatura e le foto serviranno ad arricchire la conoscenza della zona, in vista della pubblicazione di una guida di itinerari, realizzata da Carlo Alberto Pinelli, fondatore di Mountain Wilderness e responsabile del Asian Desk dell&#8217;associazione ambientalista.<\/p>\n<p>Il gruppo si propone anche di tentare la scalata di alcune vette dai 5000 ai 5500 metri di quota, mai salite.<\/p>\n<p>Dall&#8217;Argine, Florit e Pezzolato si dedicheranno all&#8217;apertura di una parete inviolata, lo scudo di granito di Diwangar, posta nella valle, che presenta un\u2019altezza di circa 700 metri e che si estende per oltre 10 chilometri, attualmente mai scalata.<\/p>\n<figure id=\"attachment_67712\" aria-describedby=\"caption-attachment-67712\" style=\"width: 1000px\" class=\"wp-caption aligncenter\"><img loading=\"lazy\" decoding=\"async\" class=\"size-full wp-image-67712\" src=\"https:\/\/imagazine.it\/wp-content\/uploads\/2025\/09\/05-DallArgine-Pezzolato-Florit.jpg\" alt=\"\" width=\"1000\" height=\"691\" title=\"\" srcset=\"https:\/\/imagazine.it\/wp-content\/uploads\/2025\/09\/05-DallArgine-Pezzolato-Florit.jpg 1000w, https:\/\/imagazine.it\/wp-content\/uploads\/2025\/09\/05-DallArgine-Pezzolato-Florit-300x207.jpg 300w, https:\/\/imagazine.it\/wp-content\/uploads\/2025\/09\/05-DallArgine-Pezzolato-Florit-768x531.jpg 768w\" sizes=\"auto, (max-width: 1000px) 100vw, 1000px\" \/><figcaption id=\"caption-attachment-67712\" class=\"wp-caption-text\">Dall&#8217;Argine, Pezzolato, Florit<\/figcaption><\/figure>\n<p>In questa zona, che si presta anche a essere utile per i futuri corsi di formazione delle giovani guide locali, il gruppo individuer\u00e0 un&#8217;area da attrezzare come palestra di arrampicata.<\/p>\n<p>Le <strong>montagne dello Swat<\/strong> sono a rischio ambientale a causa di un turismo irrispettoso dell&#8217;ambiente naturale che ha gi\u00e0 inquinato alcuni splendidi luoghi di questa regione, facilmente raggiungibili, cos\u00ec come le pi\u00f9 famose vette himalayane.<\/p>\n<p>Il <strong>progetto<\/strong> di <strong>Mountain Wilderness<\/strong> \u00e8 quello di giungere invece a una forma di tutela da parte del governo pakistano per questa regione e da anni ha promosso lo \u201c<strong>Swat Project<\/strong>\u201d che ad oggi ha visto la realizzazione di corsi di formazione di giovani ragazzi e ultimamente anche ragazze delle comunit\u00e0 locali per prepararli al compito di guide turistiche di trekking e di alta quota.<\/p>\n<p>Il volume, in fase di ultimazione con gli itinerari di trekking a cui contribuir\u00e0 il gruppo di alpinisti del <strong>GARS<\/strong> e i corsi realizzati da <strong>Mountain Wilderness <\/strong>serviranno a promuovere nella regione un turismo rispettoso dell&#8217;ambiente e gestito dalle popolazioni locali, in grado da poterle sostenere anche economicamente.<\/p>\n<figure id=\"attachment_67713\" aria-describedby=\"caption-attachment-67713\" style=\"width: 1000px\" class=\"wp-caption aligncenter\"><img loading=\"lazy\" decoding=\"async\" class=\"size-full wp-image-67713\" src=\"https:\/\/imagazine.it\/wp-content\/uploads\/2025\/09\/06-Gregorio.jpg\" alt=\"\" width=\"1000\" height=\"846\" title=\"\" srcset=\"https:\/\/imagazine.it\/wp-content\/uploads\/2025\/09\/06-Gregorio.jpg 1000w, https:\/\/imagazine.it\/wp-content\/uploads\/2025\/09\/06-Gregorio-300x254.jpg 300w, https:\/\/imagazine.it\/wp-content\/uploads\/2025\/09\/06-Gregorio-768x650.jpg 768w\" sizes=\"auto, (max-width: 1000px) 100vw, 1000px\" \/><figcaption id=\"caption-attachment-67713\" class=\"wp-caption-text\">Gregorio<\/figcaption><\/figure>\n<p>Le guide locali accompagneranno in futuro alpinisti ed escursionisti alla scoperta di queste montagne e dei loro tesori archeologici, studiati a partire dagli anni 1950 da <strong>Giuseppe Tucci<\/strong>, orientalista, esploratore, storico delle religioni, che durante le sue esplorazioni archeologiche nello <strong>Swat<\/strong>, avvi\u00f2 la nascita di un museo, nel 1958, attualmente attivo e fulcro di equipe italiane che continuano il suo lavoro.<\/p>\n<p>Il progetto \u201c<strong>Swat GARS 2025<\/strong>\u201d, \u00e8 finanziato dalla <strong>Societ\u00e0 Alpina delle Giulie APS<\/strong> con il contributo del <strong>Club Alpino Italiano<\/strong>. Media partner: <strong>Lo Scarpone<\/strong>. <strong>Mountain Wilderness International<\/strong> sostiene l&#8217;iniziativa offrendo la partecipazione a un giovane ragazzo pakistano, <strong>Ibrar Khan<\/strong>, che ha frequentato il corso organizzato nel 2018 e che conosce la zona, sostenendone i costi.<\/p>\n<p>Il gruppo di alpinisti del progetto \u201c<strong>Swat GARS 2025<\/strong>\u201d rester\u00e0 tra le montagne dello Swat per un periodo di circa 12 giorni e rientrer\u00e0 in Italia il 23 settembre.<\/p>\n","protected":false},"excerpt":{"rendered":"<p>Sette componenti del Gruppo Rocciatori Sciatori della Societa\u0300 Alpina delle Giulie in partenza per la spedizione nella regione dello Swat<\/p>\n","protected":false},"author":28,"featured_media":67711,"comment_status":"closed","ping_status":"closed","sticky":false,"template":"","format":"image","meta":{"dwc-title":[""],"dwc-content":[""],"footnotes":""},"categories":[5],"tags":[106,2678,108,3551,65],"class_list":["post-67710","post","type-post","status-publish","format-image","has-post-thumbnail","hentry","category-attualita","tag-alpinismo","tag-cai","tag-montagna","tag-pakistan","tag-trieste","post_format-post-format-image"],"rttpg_featured_image_url":{"full":["https:\/\/imagazine.it\/wp-content\/uploads\/2025\/09\/03-Adamo-Valenti-DallArgine-Bologna.jpg",1366,760,false],"landscape":["https:\/\/imagazine.it\/wp-content\/uploads\/2025\/09\/03-Adamo-Valenti-DallArgine-Bologna.jpg",1366,760,false],"portraits":["https:\/\/imagazine.it\/wp-content\/uploads\/2025\/09\/03-Adamo-Valenti-DallArgine-Bologna.jpg",1366,760,false],"thumbnail":["https:\/\/imagazine.it\/wp-content\/uploads\/2025\/09\/03-Adamo-Valenti-DallArgine-Bologna-150x150.jpg",150,150,true],"medium":["https:\/\/imagazine.it\/wp-content\/uploads\/2025\/09\/03-Adamo-Valenti-DallArgine-Bologna-300x167.jpg",300,167,true],"large":["https:\/\/imagazine.it\/wp-content\/uploads\/2025\/09\/03-Adamo-Valenti-DallArgine-Bologna-1024x570.jpg",640,356,true],"thumblist":["https:\/\/imagazine.it\/wp-content\/uploads\/2025\/09\/03-Adamo-Valenti-DallArgine-Bologna-300x300.jpg",300,300,true],"thumbrelated":["https:\/\/imagazine.it\/wp-content\/uploads\/2025\/09\/03-Adamo-Valenti-DallArgine-Bologna-500x500.jpg",500,500,true],"meccarouselthumb":["https:\/\/imagazine.it\/wp-content\/uploads\/2025\/09\/03-Adamo-Valenti-DallArgine-Bologna-474x324.jpg",474,324,true],"gridsquare":["https:\/\/imagazine.it\/wp-content\/uploads\/2025\/09\/03-Adamo-Valenti-DallArgine-Bologna-391x260.jpg",391,260,true],"tileview":["https:\/\/imagazine.it\/wp-content\/uploads\/2025\/09\/03-Adamo-Valenti-DallArgine-Bologna-300x400.jpg",300,400,true],"1536x1536":["https:\/\/imagazine.it\/wp-content\/uploads\/2025\/09\/03-Adamo-Valenti-DallArgine-Bologna.jpg",1366,760,false],"2048x2048":["https:\/\/imagazine.it\/wp-content\/uploads\/2025\/09\/03-Adamo-Valenti-DallArgine-Bologna.jpg",1366,760,false],"newsup-slider-full":["https:\/\/imagazine.it\/wp-content\/uploads\/2025\/09\/03-Adamo-Valenti-DallArgine-Bologna-1280x720.jpg",1280,720,true],"newsup-featured":["https:\/\/imagazine.it\/wp-content\/uploads\/2025\/09\/03-Adamo-Valenti-DallArgine-Bologna-1024x570.jpg",1024,570,true],"newsup-medium":["https:\/\/imagazine.it\/wp-content\/uploads\/2025\/09\/03-Adamo-Valenti-DallArgine-Bologna-720x380.jpg",720,380,true],"tptn_thumbnail":["https:\/\/imagazine.it\/wp-content\/uploads\/2025\/09\/03-Adamo-Valenti-DallArgine-Bologna-250x210.jpg",250,210,true],"sow-carousel-default":["https:\/\/imagazine.it\/wp-content\/uploads\/2025\/09\/03-Adamo-Valenti-DallArgine-Bologna-272x182.jpg",272,182,true]},"rttpg_author":{"display_name":"redazione","author_link":"https:\/\/imagazine.it\/home_desk\/author\/redazione\/"},"rttpg_comment":0,"rttpg_category":"<a href=\"https:\/\/imagazine.it\/home_desk\/category\/attualita\/\" rel=\"category tag\">ATTUALIT\u00c0<\/a>","rttpg_excerpt":"Sette componenti del Gruppo Rocciatori Sciatori della Societa\u0300 Alpina delle Giulie in partenza per la spedizione nella regione dello Swat","_links":{"self":[{"href":"https:\/\/imagazine.it\/home_desk\/wp-json\/wp\/v2\/posts\/67710","targetHints":{"allow":["GET"]}}],"collection":[{"href":"https:\/\/imagazine.it\/home_desk\/wp-json\/wp\/v2\/posts"}],"about":[{"href":"https:\/\/imagazine.it\/home_desk\/wp-json\/wp\/v2\/types\/post"}],"author":[{"embeddable":true,"href":"https:\/\/imagazine.it\/home_desk\/wp-json\/wp\/v2\/users\/28"}],"replies":[{"embeddable":true,"href":"https:\/\/imagazine.it\/home_desk\/wp-json\/wp\/v2\/comments?post=67710"}],"version-history":[{"count":2,"href":"https:\/\/imagazine.it\/home_desk\/wp-json\/wp\/v2\/posts\/67710\/revisions"}],"predecessor-version":[{"id":67715,"href":"https:\/\/imagazine.it\/home_desk\/wp-json\/wp\/v2\/posts\/67710\/revisions\/67715"}],"wp:featuredmedia":[{"embeddable":true,"href":"https:\/\/imagazine.it\/home_desk\/wp-json\/wp\/v2\/media\/67711"}],"wp:attachment":[{"href":"https:\/\/imagazine.it\/home_desk\/wp-json\/wp\/v2\/media?parent=67710"}],"wp:term":[{"taxonomy":"category","embeddable":true,"href":"https:\/\/imagazine.it\/home_desk\/wp-json\/wp\/v2\/categories?post=67710"},{"taxonomy":"post_tag","embeddable":true,"href":"https:\/\/imagazine.it\/home_desk\/wp-json\/wp\/v2\/tags?post=67710"}],"curies":[{"name":"wp","href":"https:\/\/api.w.org\/{rel}","templated":true}]}}