{"id":67706,"date":"2025-09-03T12:51:58","date_gmt":"2025-09-03T10:51:58","guid":{"rendered":"https:\/\/imagazine.it\/home_desk\/?p=67706"},"modified":"2025-09-03T12:51:58","modified_gmt":"2025-09-03T10:51:58","slug":"in-140-giovani-per-lestate-insieme","status":"publish","type":"post","link":"https:\/\/imagazine.it\/home_desk\/in-140-giovani-per-lestate-insieme\/","title":{"rendered":"In 140 giovani per l&#8217;Estate Insieme"},"content":{"rendered":"<p>CERVIGNANO DEL FRIULI \u2013 Sono stati oltre 140 tra iscritti e animatori i protagonisti dell\u2019edizione 2025 di Estate Insieme, organizzata dal <strong>Ricreatorio San Michele.<\/strong><\/p>\n<p>L\u2019iniziativa anche quest\u2019anno si \u00e8 distinta per la capacit\u00e0 di creare un ambiente dove i partecipanti non solo giocano e si divertono, ma imparano anche il valore dello stare insieme. Bambini e ragazzi di diverse et\u00e0 si incontrano, creando un senso di comunit\u00e0 in cui le differenze diventano una ricchezza e un&#8217;occasione di apprendimento reciproco.<\/p>\n<p>Gli animatori pi\u00f9 grandi, con la loro generosit\u00e0, dedicano tempo ed energie ai pi\u00f9 piccoli, mettendo in pratica un modello di fraternit\u00e0 e servizio.<\/p>\n<p>\u201cIn questo cammino comune \u2013 ha ricordato <strong>don Manuel Millo<\/strong>, assistente spirituale del ricreatorio \u2013 si cresce non solo in amicizia, ma anche nella fede, scoprendo che la gioia pi\u00f9 grande nasce dal donarsi\u201d.<\/p>\n<p>Ogni mattina \u00e8 stato dato spazio alla creativit\u00e0: i laboratori hanno portato alla realizzazione di un colorato murale che ora decora il ricreatorio, e di pomeriggio i grandi giochi a tema hanno coinvolto tutti in sfide entusiasmanti, tra competizione sana e divertimento.<\/p>\n<p>Molto apprezzata l\u2019escursione lungo il Sentiero del Dint, un anello che si snoda tra faggi e pareti rocciose offrendo panorami mozzafiato sul lago di Barcis, oltre al percorso lungo la Vecchia Strada della Valcellina.<\/p>\n<figure id=\"attachment_67707\" aria-describedby=\"caption-attachment-67707\" style=\"width: 1000px\" class=\"wp-caption aligncenter\"><img loading=\"lazy\" decoding=\"async\" class=\"size-full wp-image-67707\" src=\"https:\/\/imagazine.it\/wp-content\/uploads\/2025\/09\/estate-insieme-2025-01.jpg\" alt=\"\" width=\"1000\" height=\"669\" title=\"\" srcset=\"https:\/\/imagazine.it\/wp-content\/uploads\/2025\/09\/estate-insieme-2025-01.jpg 1000w, https:\/\/imagazine.it\/wp-content\/uploads\/2025\/09\/estate-insieme-2025-01-300x201.jpg 300w, https:\/\/imagazine.it\/wp-content\/uploads\/2025\/09\/estate-insieme-2025-01-768x514.jpg 768w, https:\/\/imagazine.it\/wp-content\/uploads\/2025\/09\/estate-insieme-2025-01-272x182.jpg 272w\" sizes=\"auto, (max-width: 1000px) 100vw, 1000px\" \/><figcaption id=\"caption-attachment-67707\" class=\"wp-caption-text\">L&#8217;escursione in Valcellina<\/figcaption><\/figure>\n<p>Come consuetudine Estate Insieme si \u00e8 conclusa con la messa officiata dal parroco <strong>don Sinuhe Marotta<\/strong> e dandosi appuntamento per il 2026.<\/p>\n","protected":false},"excerpt":{"rendered":"<p>Rinnovato a Cervignano il tradizionale appuntamento con il centro estivo del Ricreatorio: esperienza formativa per i partecipanti e per gli animatori<\/p>\n","protected":false},"author":22,"featured_media":67708,"comment_status":"closed","ping_status":"closed","sticky":false,"template":"","format":"image","meta":{"dwc-title":[""],"dwc-content":[""],"footnotes":""},"categories":[5],"tags":[119,176,83,526],"class_list":["post-67706","post","type-post","status-publish","format-image","has-post-thumbnail","hentry","category-attualita","tag-cervignano","tag-estate","tag-giovani","tag-ricreatorio","post_format-post-format-image"],"rttpg_featured_image_url":{"full":["https:\/\/imagazine.it\/wp-content\/uploads\/2025\/09\/estate-insieme-2025-03.jpg",1366,885,false],"landscape":["https:\/\/imagazine.it\/wp-content\/uploads\/2025\/09\/estate-insieme-2025-03.jpg",1366,885,false],"portraits":["https:\/\/imagazine.it\/wp-content\/uploads\/2025\/09\/estate-insieme-2025-03.jpg",1366,885,false],"thumbnail":["https:\/\/imagazine.it\/wp-content\/uploads\/2025\/09\/estate-insieme-2025-03-150x150.jpg",150,150,true],"medium":["https:\/\/imagazine.it\/wp-content\/uploads\/2025\/09\/estate-insieme-2025-03-300x194.jpg",300,194,true],"large":["https:\/\/imagazine.it\/wp-content\/uploads\/2025\/09\/estate-insieme-2025-03-1024x663.jpg",640,414,true],"thumblist":["https:\/\/imagazine.it\/wp-content\/uploads\/2025\/09\/estate-insieme-2025-03-300x300.jpg",300,300,true],"thumbrelated":["https:\/\/imagazine.it\/wp-content\/uploads\/2025\/09\/estate-insieme-2025-03-500x500.jpg",500,500,true],"meccarouselthumb":["https:\/\/imagazine.it\/wp-content\/uploads\/2025\/09\/estate-insieme-2025-03-474x324.jpg",474,324,true],"gridsquare":["https:\/\/imagazine.it\/wp-content\/uploads\/2025\/09\/estate-insieme-2025-03-391x260.jpg",391,260,true],"tileview":["https:\/\/imagazine.it\/wp-content\/uploads\/2025\/09\/estate-insieme-2025-03-300x400.jpg",300,400,true],"1536x1536":["https:\/\/imagazine.it\/wp-content\/uploads\/2025\/09\/estate-insieme-2025-03.jpg",1366,885,false],"2048x2048":["https:\/\/imagazine.it\/wp-content\/uploads\/2025\/09\/estate-insieme-2025-03.jpg",1366,885,false],"newsup-slider-full":["https:\/\/imagazine.it\/wp-content\/uploads\/2025\/09\/estate-insieme-2025-03-1280x720.jpg",1280,720,true],"newsup-featured":["https:\/\/imagazine.it\/wp-content\/uploads\/2025\/09\/estate-insieme-2025-03-1024x663.jpg",1024,663,true],"newsup-medium":["https:\/\/imagazine.it\/wp-content\/uploads\/2025\/09\/estate-insieme-2025-03-720x380.jpg",720,380,true],"tptn_thumbnail":["https:\/\/imagazine.it\/wp-content\/uploads\/2025\/09\/estate-insieme-2025-03-250x210.jpg",250,210,true],"sow-carousel-default":["https:\/\/imagazine.it\/wp-content\/uploads\/2025\/09\/estate-insieme-2025-03-272x182.jpg",272,182,true]},"rttpg_author":{"display_name":"Livio Nonis","author_link":"https:\/\/imagazine.it\/home_desk\/author\/nonis\/"},"rttpg_comment":0,"rttpg_category":"<a href=\"https:\/\/imagazine.it\/home_desk\/category\/attualita\/\" rel=\"category tag\">ATTUALIT\u00c0<\/a>","rttpg_excerpt":"Rinnovato a Cervignano il tradizionale appuntamento con il centro estivo del Ricreatorio: esperienza formativa per i partecipanti e per gli animatori","_links":{"self":[{"href":"https:\/\/imagazine.it\/home_desk\/wp-json\/wp\/v2\/posts\/67706","targetHints":{"allow":["GET"]}}],"collection":[{"href":"https:\/\/imagazine.it\/home_desk\/wp-json\/wp\/v2\/posts"}],"about":[{"href":"https:\/\/imagazine.it\/home_desk\/wp-json\/wp\/v2\/types\/post"}],"author":[{"embeddable":true,"href":"https:\/\/imagazine.it\/home_desk\/wp-json\/wp\/v2\/users\/22"}],"replies":[{"embeddable":true,"href":"https:\/\/imagazine.it\/home_desk\/wp-json\/wp\/v2\/comments?post=67706"}],"version-history":[{"count":1,"href":"https:\/\/imagazine.it\/home_desk\/wp-json\/wp\/v2\/posts\/67706\/revisions"}],"predecessor-version":[{"id":67709,"href":"https:\/\/imagazine.it\/home_desk\/wp-json\/wp\/v2\/posts\/67706\/revisions\/67709"}],"wp:featuredmedia":[{"embeddable":true,"href":"https:\/\/imagazine.it\/home_desk\/wp-json\/wp\/v2\/media\/67708"}],"wp:attachment":[{"href":"https:\/\/imagazine.it\/home_desk\/wp-json\/wp\/v2\/media?parent=67706"}],"wp:term":[{"taxonomy":"category","embeddable":true,"href":"https:\/\/imagazine.it\/home_desk\/wp-json\/wp\/v2\/categories?post=67706"},{"taxonomy":"post_tag","embeddable":true,"href":"https:\/\/imagazine.it\/home_desk\/wp-json\/wp\/v2\/tags?post=67706"}],"curies":[{"name":"wp","href":"https:\/\/api.w.org\/{rel}","templated":true}]}}