{"id":67703,"date":"2025-09-03T12:25:09","date_gmt":"2025-09-03T10:25:09","guid":{"rendered":"https:\/\/imagazine.it\/home_desk\/?p=67703"},"modified":"2025-09-04T17:05:17","modified_gmt":"2025-09-04T15:05:17","slug":"gabriele-rizzetto-nuovo-dg-delluniversita-di-udine","status":"publish","type":"post","link":"https:\/\/imagazine.it\/home_desk\/gabriele-rizzetto-nuovo-dg-delluniversita-di-udine\/","title":{"rendered":"Gabriele Rizzetto nuovo dg dell&#8217;Universit\u00e0 di Udine"},"content":{"rendered":"<p><span style=\"font-size: 10pt;\"><em>Gabriele Rizzetto<\/em><\/span><\/p>\n<p>UDINE \u2013 <strong>Gabriele Rizzetto<\/strong>, 52 anni, \u00e8 il <strong>nuovo direttore generale dell\u2019Universit\u00e0 di Udine<\/strong>.<\/p>\n<p>\u00c8 stato nominato dal Consiglio di amministrazione su proposta del rettore Roberto Pinton. <strong>Prender\u00e0 servizio a gennaio 2026 e rester\u00e0 in carica tre anni.<\/strong><\/p>\n<p>Succede a Massimo Di Silverio, che ha ricoperto il ruolo per 12 anni con i rettori Alberto Felice De Toni e Roberto Pinton, e a Fabio Romanelli, dirigente dell\u2019Ateneo che gli \u00e8 temporaneamente subentrato nel ruolo fino all\u2019insediamento del nuovo direttore generale.<\/p>\n<p>Gabriele Rizzetto, lombardo di nascita, ma veneto di adozione, laurea in Economia aziendale all\u2019Universit\u00e0 Ca\u2019 Foscari Venezia e master in Management dell\u2019universit\u00e0 e della ricerca al Politecnico di Milano, vanta 25 anni di esperienza nel settore universitario.<\/p>\n<p>Attualmente \u00e8 direttore generale all\u2019Universit\u00e0 Ca\u2019 Foscari Venezia (dal gennaio 2021).<\/p>\n<p>In precedenza \u00e8 stato per otto anni segretario generale della Scuola internazionale superiore di studi avanzati (Sissa) di Trieste. Ha lavorato anche all\u2019Universit\u00e0 di Padova, al Politecnico di Milano e all\u2019Universit\u00e0 Iuav di Venezia. Ha avuto ulteriori incarichi all\u2019Agenzia nazionale per la valutazione dell\u2019universit\u00e0 e della ricerca (Anvur) e in altri Atenei, come membro del Nucleo di valutazione (Sant\u2019Anna di Pisa, Universit\u00e0 di Pavia e di Udine).<\/p>\n<p>Al bando di selezione hanno presentato domanda 37 candidati, 14 sono stati ammessi al colloquio orale dove si sono presentati cinque. La commissione di valutazione ha quindi selezionato i tre nominativi per il colloquio finale con il rettore, come previsto dal Regolamento, per l\u2019individuazione del candidato pi\u00f9 idoneo a ricoprire il ruolo di direttore generale.<\/p>\n<p>\u00abLe esperienze professionali e la preparazione dimostrate dal dottor Rizzetto \u2013 spiega il rettore <strong>Roberto Pinton<\/strong> \u2013 confermano una sua approfondita conoscenza del sistema universitario e della collocazione del nostro Ateneo nel contesto accademico italiano. Sono fiducioso che il dottor Rizzetto sapr\u00e0 affrontare con competenza e realismo gli aspetti manageriali connessi al ruolo di direttore generale, di individuare le peculiarit\u00e0 della nostra universit\u00e0 e di prospettarne possibili valorizzazioni all\u2019interno di una coerente visione strategica\u00bb.<\/p>\n","protected":false},"excerpt":{"rendered":"<p>Nominato dal Consiglio di amministrazione su proposta del rettore. Prender\u00e0 servizio a gennaio 2026 e rester\u00e0 in carica per 3 anni<\/p>\n","protected":false},"author":28,"featured_media":67704,"comment_status":"closed","ping_status":"closed","sticky":false,"template":"","format":"image","meta":{"dwc-title":[""],"dwc-content":[""],"footnotes":""},"categories":[5],"tags":[101,206,388],"class_list":["post-67703","post","type-post","status-publish","format-image","has-post-thumbnail","hentry","category-attualita","tag-udine","tag-uniud","tag-universita","post_format-post-format-image"],"rttpg_featured_image_url":{"full":["https:\/\/imagazine.it\/wp-content\/uploads\/2025\/09\/Gabriele-Rizzetto.jpg",1366,913,false],"landscape":["https:\/\/imagazine.it\/wp-content\/uploads\/2025\/09\/Gabriele-Rizzetto.jpg",1366,913,false],"portraits":["https:\/\/imagazine.it\/wp-content\/uploads\/2025\/09\/Gabriele-Rizzetto.jpg",1366,913,false],"thumbnail":["https:\/\/imagazine.it\/wp-content\/uploads\/2025\/09\/Gabriele-Rizzetto-150x150.jpg",150,150,true],"medium":["https:\/\/imagazine.it\/wp-content\/uploads\/2025\/09\/Gabriele-Rizzetto-300x201.jpg",300,201,true],"large":["https:\/\/imagazine.it\/wp-content\/uploads\/2025\/09\/Gabriele-Rizzetto-1024x684.jpg",640,428,true],"thumblist":["https:\/\/imagazine.it\/wp-content\/uploads\/2025\/09\/Gabriele-Rizzetto-300x300.jpg",300,300,true],"thumbrelated":["https:\/\/imagazine.it\/wp-content\/uploads\/2025\/09\/Gabriele-Rizzetto-500x500.jpg",500,500,true],"meccarouselthumb":["https:\/\/imagazine.it\/wp-content\/uploads\/2025\/09\/Gabriele-Rizzetto-474x324.jpg",474,324,true],"gridsquare":["https:\/\/imagazine.it\/wp-content\/uploads\/2025\/09\/Gabriele-Rizzetto-391x260.jpg",391,260,true],"tileview":["https:\/\/imagazine.it\/wp-content\/uploads\/2025\/09\/Gabriele-Rizzetto-300x400.jpg",300,400,true],"1536x1536":["https:\/\/imagazine.it\/wp-content\/uploads\/2025\/09\/Gabriele-Rizzetto.jpg",1366,913,false],"2048x2048":["https:\/\/imagazine.it\/wp-content\/uploads\/2025\/09\/Gabriele-Rizzetto.jpg",1366,913,false],"newsup-slider-full":["https:\/\/imagazine.it\/wp-content\/uploads\/2025\/09\/Gabriele-Rizzetto-1280x720.jpg",1280,720,true],"newsup-featured":["https:\/\/imagazine.it\/wp-content\/uploads\/2025\/09\/Gabriele-Rizzetto-1024x684.jpg",1024,684,true],"newsup-medium":["https:\/\/imagazine.it\/wp-content\/uploads\/2025\/09\/Gabriele-Rizzetto-720x380.jpg",720,380,true],"tptn_thumbnail":["https:\/\/imagazine.it\/wp-content\/uploads\/2025\/09\/Gabriele-Rizzetto-250x210.jpg",250,210,true],"sow-carousel-default":["https:\/\/imagazine.it\/wp-content\/uploads\/2025\/09\/Gabriele-Rizzetto-272x182.jpg",272,182,true]},"rttpg_author":{"display_name":"redazione","author_link":"https:\/\/imagazine.it\/home_desk\/author\/redazione\/"},"rttpg_comment":0,"rttpg_category":"<a href=\"https:\/\/imagazine.it\/home_desk\/category\/attualita\/\" rel=\"category tag\">ATTUALIT\u00c0<\/a>","rttpg_excerpt":"Nominato dal Consiglio di amministrazione su proposta del rettore. Prender\u00e0 servizio a gennaio 2026 e rester\u00e0 in carica per 3 anni","_links":{"self":[{"href":"https:\/\/imagazine.it\/home_desk\/wp-json\/wp\/v2\/posts\/67703","targetHints":{"allow":["GET"]}}],"collection":[{"href":"https:\/\/imagazine.it\/home_desk\/wp-json\/wp\/v2\/posts"}],"about":[{"href":"https:\/\/imagazine.it\/home_desk\/wp-json\/wp\/v2\/types\/post"}],"author":[{"embeddable":true,"href":"https:\/\/imagazine.it\/home_desk\/wp-json\/wp\/v2\/users\/28"}],"replies":[{"embeddable":true,"href":"https:\/\/imagazine.it\/home_desk\/wp-json\/wp\/v2\/comments?post=67703"}],"version-history":[{"count":1,"href":"https:\/\/imagazine.it\/home_desk\/wp-json\/wp\/v2\/posts\/67703\/revisions"}],"predecessor-version":[{"id":67705,"href":"https:\/\/imagazine.it\/home_desk\/wp-json\/wp\/v2\/posts\/67703\/revisions\/67705"}],"wp:featuredmedia":[{"embeddable":true,"href":"https:\/\/imagazine.it\/home_desk\/wp-json\/wp\/v2\/media\/67704"}],"wp:attachment":[{"href":"https:\/\/imagazine.it\/home_desk\/wp-json\/wp\/v2\/media?parent=67703"}],"wp:term":[{"taxonomy":"category","embeddable":true,"href":"https:\/\/imagazine.it\/home_desk\/wp-json\/wp\/v2\/categories?post=67703"},{"taxonomy":"post_tag","embeddable":true,"href":"https:\/\/imagazine.it\/home_desk\/wp-json\/wp\/v2\/tags?post=67703"}],"curies":[{"name":"wp","href":"https:\/\/api.w.org\/{rel}","templated":true}]}}