{"id":67689,"date":"2025-09-02T17:27:53","date_gmt":"2025-09-02T15:27:53","guid":{"rendered":"https:\/\/imagazine.it\/home_desk\/?p=67689"},"modified":"2025-09-04T11:33:54","modified_gmt":"2025-09-04T09:33:54","slug":"aquileia-16-nuovi-alloggi-di-edilizia-pubblica","status":"publish","type":"post","link":"https:\/\/imagazine.it\/home_desk\/aquileia-16-nuovi-alloggi-di-edilizia-pubblica\/","title":{"rendered":"Aquileia: 16 nuovi alloggi di edilizia pubblica"},"content":{"rendered":"<p><span style=\"font-size: 10pt;\"><em>I nuovi edifici Ater di via Costa<\/em><\/span><\/p>\n<p>AQUILEIA \u2014 Un nuovo complesso residenziale che nasce per portare edilizia pubblica di qualit\u00e0 dentro il tessuto della citt\u00e0.<\/p>\n<p>\u00c8 l\u2019idea progettuale che ha guidato <strong>Ater Udine<\/strong> nella realizzazione, ad Aquileia, di <strong>quattro\u00a0piccoli edifici inseriti tra villette e palazzine basse<\/strong>, collegati da una nuova strada che si innesta su corso Gramsci, con marciapiedi, posti auto interni e predisposizione per una futura pista ciclabile.<\/p>\n<h3><strong>La cerimonia<\/strong><\/h3>\n<p>In via Roberto Costa 1\u20134 si \u00e8 svolta la consegna degli alloggi ai nuovi inquilini con autorit\u00e0 locali e regionali, tra cui l\u2019assessore regionale alle infrastrutture e territorio, <strong>Cristina Amirante<\/strong>, la presidente di Ater\u00a0Udine, <strong>Vanessa Colosetti<\/strong>, e\u00a0il sindaco di Aquileia, <strong>Emanuele Zorino<\/strong>.<\/p>\n<p>Hanno presenziato alla cerimonia la senatrice <strong>Francesca Tubetti<\/strong> e la deputata <strong>Isabella De Monte<\/strong> oltre ai consiglieri regionali\u00a0<strong>Alberto Budai<\/strong> e <strong>Igor Treleani<\/strong>.<\/p>\n<p>A fare gli onori di casa il direttore Ater Udine, <strong>Lorenzo Puzzi<\/strong>. Intervenuto anche il parroco di Aquileia, <strong>monsignor Mirko\u00a0Franetovich<\/strong>, per la canonica benedizione. L&#8217;evento \u00e8 stato organizzato in concomitanza con la cerimonia di intitolazione della strada da parte del Comune di Aquileia.<\/p>\n<p>\u201cConsegniamo oggi \u2013 le parole della presidente Colosetti \u2013 case moderne, efficienti e luminose, progettate per integrarsi nel quartiere e garantire comfort e costi di gestione contenuti. Con questi 16 alloggi Ater conferma la propria affidabilit\u00e0 e la capacit\u00e0 di dare risposte concrete alla domanda abitativa del territorio\u201d.<\/p>\n<p>\u201cSono importanti \u2013 ha sottolineato l\u2019assessore Amirante \u2013 gli investimenti sulle azioni di generazione e rigenerazione urbana, pensando alle comunit\u00e0 tutte ma in particolare modo alle giovani coppie con figli che possono in questo modo\u00a0trovare un primo\u00a0alloggio e cominciare cos\u00ec a organizzare la loro vita. Ringrazio per l\u2019impegno profuso in tal senso i sindaci\u00a0del territorio e le Ater\u00a0FVG\u201d.<\/p>\n<figure id=\"attachment_67691\" aria-describedby=\"caption-attachment-67691\" style=\"width: 1000px\" class=\"wp-caption aligncenter\"><img loading=\"lazy\" decoding=\"async\" class=\"size-full wp-image-67691\" src=\"https:\/\/imagazine.it\/wp-content\/uploads\/2025\/09\/IMG_1540.jpeg\" alt=\"\" width=\"1000\" height=\"694\" title=\"\" srcset=\"https:\/\/imagazine.it\/wp-content\/uploads\/2025\/09\/IMG_1540.jpeg 1000w, https:\/\/imagazine.it\/wp-content\/uploads\/2025\/09\/IMG_1540-300x208.jpeg 300w, https:\/\/imagazine.it\/wp-content\/uploads\/2025\/09\/IMG_1540-768x533.jpeg 768w\" sizes=\"auto, (max-width: 1000px) 100vw, 1000px\" \/><figcaption id=\"caption-attachment-67691\" class=\"wp-caption-text\">L&#8217;intervento di monsignor Franetovich<\/figcaption><\/figure>\n<h3><strong>I nuovi alloggi<\/strong><\/h3>\n<p>Il complesso realizzato da Ater Udine comprende 16 alloggi in 4 edifici a due piani. Le tipologie rispondono a bisogni familiari differenti: 2 unit\u00e0 con tre camere e 14 con due camere, di cui una accessibile a persone con disabilit\u00e0 motoria; ogni alloggio dispone di soggiorno con angolo cottura, pertinenze esterne e posti auto assegnati.<\/p>\n<figure id=\"attachment_67690\" aria-describedby=\"caption-attachment-67690\" style=\"width: 1000px\" class=\"wp-caption aligncenter\"><img loading=\"lazy\" decoding=\"async\" class=\"size-full wp-image-67690\" src=\"https:\/\/imagazine.it\/wp-content\/uploads\/2025\/09\/Ater-Ud-Aquileia-Via-Roberto-Costa-1_4-copia.jpeg\" alt=\"\" width=\"1000\" height=\"623\" title=\"\" srcset=\"https:\/\/imagazine.it\/wp-content\/uploads\/2025\/09\/Ater-Ud-Aquileia-Via-Roberto-Costa-1_4-copia.jpeg 1000w, https:\/\/imagazine.it\/wp-content\/uploads\/2025\/09\/Ater-Ud-Aquileia-Via-Roberto-Costa-1_4-copia-300x187.jpeg 300w, https:\/\/imagazine.it\/wp-content\/uploads\/2025\/09\/Ater-Ud-Aquileia-Via-Roberto-Costa-1_4-copia-768x478.jpeg 768w\" sizes=\"auto, (max-width: 1000px) 100vw, 1000px\" \/><figcaption id=\"caption-attachment-67690\" class=\"wp-caption-text\">Uno dei nuovi edifici Ater di via Costa<\/figcaption><\/figure>\n<p>La soluzione proposta consente al compendio di integrarsi nel tessuto urbano esistente caratterizzato da abitazioni private e piccoli condomini di uno o due piani senza alterarne l\u2019equilibrio complessivo.<\/p>\n<p>Completano l\u2019intervento le opere di illuminazione pubblica di strada e parcheggi.<\/p>\n<p>Grande attenzione \u00e8 stata rivolta all\u2019efficienza energetica dei nuovi alloggi (classe A4), dotati di impianti centralizzati con pompe di calore aria\u2013acqua, riscaldamento a pavimento e predisposizione per la climatizzazione interna e per piano cottura a induzione.<\/p>\n<h3><strong>Quadro tecnico-economico<\/strong><\/h3>\n<p>L\u2019intervento \u00e8 stato affidato alla ditta Alpicos Srl di Tolmezzo, con un appalto dal valore iniziale di poco pi\u00f9 di 2,1 milioni di euro oltre IVA. La direzione dei lavori \u00e8 stata seguita dai tecnici dell\u2019ATER. Avviato nell\u2019autunno del 2020, <strong>il cantiere si \u00e8 concluso nell\u2019estate del 2025<\/strong>, dopo un percorso reso complesso dalle difficolt\u00e0 legate alla pandemia, dall\u2019aumento dei prezzi e dai problemi di approvvigionamento dei materiali.<\/p>\n<p>Nonostante queste criticit\u00e0, l\u2019opera \u00e8 arrivata a compimento, con un importo lavori\u00a0finale di <strong>circa 2,5 milioni di euro<\/strong>.<\/p>\n<p>Il progetto \u00e8 stato finanziato grazie ai fondi regionali previsti dalla DGR 772\/2018 \u2013 Programmazione 2019 e alle risorse proprie di Ater, nell\u2019ambito della convenzione con il Comune di Aquileia.<\/p>\n<p>Nel Comune di Aquileia risultano attualmente 179 alloggi Ater locati (di cui 24 di propriet\u00e0 comunale).<\/p>\n","protected":false},"excerpt":{"rendered":"<p>Cerimonia di consegna in via Costa. Un complesso integrato nel quartiere. Investimento complessivo da 2,5 milioni di euro <\/p>\n","protected":false},"author":28,"featured_media":67692,"comment_status":"closed","ping_status":"closed","sticky":false,"template":"","format":"image","meta":{"dwc-title":[""],"dwc-content":[""],"footnotes":""},"categories":[5],"tags":[3550,349,902,1397],"class_list":["post-67689","post","type-post","status-publish","format-image","has-post-thumbnail","hentry","category-attualita","tag-abitazioni","tag-aquileia","tag-ater","tag-casa","post_format-post-format-image"],"rttpg_featured_image_url":{"full":["https:\/\/imagazine.it\/wp-content\/uploads\/2025\/09\/Ater-Ud-Aquileia-Via-Roberto-Costa-1_4.jpeg",1366,768,false],"landscape":["https:\/\/imagazine.it\/wp-content\/uploads\/2025\/09\/Ater-Ud-Aquileia-Via-Roberto-Costa-1_4.jpeg",1366,768,false],"portraits":["https:\/\/imagazine.it\/wp-content\/uploads\/2025\/09\/Ater-Ud-Aquileia-Via-Roberto-Costa-1_4.jpeg",1366,768,false],"thumbnail":["https:\/\/imagazine.it\/wp-content\/uploads\/2025\/09\/Ater-Ud-Aquileia-Via-Roberto-Costa-1_4-150x150.jpeg",150,150,true],"medium":["https:\/\/imagazine.it\/wp-content\/uploads\/2025\/09\/Ater-Ud-Aquileia-Via-Roberto-Costa-1_4-300x169.jpeg",300,169,true],"large":["https:\/\/imagazine.it\/wp-content\/uploads\/2025\/09\/Ater-Ud-Aquileia-Via-Roberto-Costa-1_4-1024x576.jpeg",640,360,true],"thumblist":["https:\/\/imagazine.it\/wp-content\/uploads\/2025\/09\/Ater-Ud-Aquileia-Via-Roberto-Costa-1_4-300x300.jpeg",300,300,true],"thumbrelated":["https:\/\/imagazine.it\/wp-content\/uploads\/2025\/09\/Ater-Ud-Aquileia-Via-Roberto-Costa-1_4-500x500.jpeg",500,500,true],"meccarouselthumb":["https:\/\/imagazine.it\/wp-content\/uploads\/2025\/09\/Ater-Ud-Aquileia-Via-Roberto-Costa-1_4-474x324.jpeg",474,324,true],"gridsquare":["https:\/\/imagazine.it\/wp-content\/uploads\/2025\/09\/Ater-Ud-Aquileia-Via-Roberto-Costa-1_4-391x260.jpeg",391,260,true],"tileview":["https:\/\/imagazine.it\/wp-content\/uploads\/2025\/09\/Ater-Ud-Aquileia-Via-Roberto-Costa-1_4-300x400.jpeg",300,400,true],"1536x1536":["https:\/\/imagazine.it\/wp-content\/uploads\/2025\/09\/Ater-Ud-Aquileia-Via-Roberto-Costa-1_4.jpeg",1366,768,false],"2048x2048":["https:\/\/imagazine.it\/wp-content\/uploads\/2025\/09\/Ater-Ud-Aquileia-Via-Roberto-Costa-1_4.jpeg",1366,768,false],"newsup-slider-full":["https:\/\/imagazine.it\/wp-content\/uploads\/2025\/09\/Ater-Ud-Aquileia-Via-Roberto-Costa-1_4-1280x720.jpeg",1280,720,true],"newsup-featured":["https:\/\/imagazine.it\/wp-content\/uploads\/2025\/09\/Ater-Ud-Aquileia-Via-Roberto-Costa-1_4-1024x576.jpeg",1024,576,true],"newsup-medium":["https:\/\/imagazine.it\/wp-content\/uploads\/2025\/09\/Ater-Ud-Aquileia-Via-Roberto-Costa-1_4-720x380.jpeg",720,380,true],"tptn_thumbnail":["https:\/\/imagazine.it\/wp-content\/uploads\/2025\/09\/Ater-Ud-Aquileia-Via-Roberto-Costa-1_4-250x210.jpeg",250,210,true],"sow-carousel-default":["https:\/\/imagazine.it\/wp-content\/uploads\/2025\/09\/Ater-Ud-Aquileia-Via-Roberto-Costa-1_4-272x182.jpeg",272,182,true]},"rttpg_author":{"display_name":"redazione","author_link":"https:\/\/imagazine.it\/home_desk\/author\/redazione\/"},"rttpg_comment":0,"rttpg_category":"<a href=\"https:\/\/imagazine.it\/home_desk\/category\/attualita\/\" rel=\"category tag\">ATTUALIT\u00c0<\/a>","rttpg_excerpt":"Cerimonia di consegna in via Costa. Un complesso integrato nel quartiere. Investimento complessivo da 2,5 milioni di euro","_links":{"self":[{"href":"https:\/\/imagazine.it\/home_desk\/wp-json\/wp\/v2\/posts\/67689","targetHints":{"allow":["GET"]}}],"collection":[{"href":"https:\/\/imagazine.it\/home_desk\/wp-json\/wp\/v2\/posts"}],"about":[{"href":"https:\/\/imagazine.it\/home_desk\/wp-json\/wp\/v2\/types\/post"}],"author":[{"embeddable":true,"href":"https:\/\/imagazine.it\/home_desk\/wp-json\/wp\/v2\/users\/28"}],"replies":[{"embeddable":true,"href":"https:\/\/imagazine.it\/home_desk\/wp-json\/wp\/v2\/comments?post=67689"}],"version-history":[{"count":2,"href":"https:\/\/imagazine.it\/home_desk\/wp-json\/wp\/v2\/posts\/67689\/revisions"}],"predecessor-version":[{"id":67695,"href":"https:\/\/imagazine.it\/home_desk\/wp-json\/wp\/v2\/posts\/67689\/revisions\/67695"}],"wp:featuredmedia":[{"embeddable":true,"href":"https:\/\/imagazine.it\/home_desk\/wp-json\/wp\/v2\/media\/67692"}],"wp:attachment":[{"href":"https:\/\/imagazine.it\/home_desk\/wp-json\/wp\/v2\/media?parent=67689"}],"wp:term":[{"taxonomy":"category","embeddable":true,"href":"https:\/\/imagazine.it\/home_desk\/wp-json\/wp\/v2\/categories?post=67689"},{"taxonomy":"post_tag","embeddable":true,"href":"https:\/\/imagazine.it\/home_desk\/wp-json\/wp\/v2\/tags?post=67689"}],"curies":[{"name":"wp","href":"https:\/\/api.w.org\/{rel}","templated":true}]}}