{"id":67655,"date":"2025-09-01T16:51:48","date_gmt":"2025-09-01T14:51:48","guid":{"rendered":"https:\/\/imagazine.it\/home_desk\/?p=67655"},"modified":"2025-09-01T16:55:45","modified_gmt":"2025-09-01T14:55:45","slug":"lute-di-cervignano-verso-nuovi-record","status":"publish","type":"post","link":"https:\/\/imagazine.it\/home_desk\/lute-di-cervignano-verso-nuovi-record\/","title":{"rendered":"L&#8217;UTE di Cervignano verso nuovi record"},"content":{"rendered":"<p><span style=\"font-size: 10pt;\"><em>La presidente dell&#8217;UTE, Irina Coretti, durante la festa di fine anno accademico lo scorso maggio<\/em><\/span><\/p>\n<p>CERVIGNANO DEL FRIULI \u2013 L&#8217;<strong>Universit\u00e0<\/strong> <strong>per la Terza Et\u00e0 &#8220;Citt\u00e0 di Cervignano e Bassa friulana&#8221;<\/strong> si prepara a tagliare il traguardo del suo 14\u00b0 anno accademico.<\/p>\n<p>Un\u2019annata nella quale la tradizione si fonder\u00e0 con l&#8217;innovazione.<\/p>\n<p>Accanto ai corsi pi\u00f9 amati e collaudati, che negli anni hanno saputo conquistare la fiducia degli iscritti, verranno introdotte nuove discipline e attivit\u00e0, pensate per rispondere alle curiosit\u00e0 e alle passioni pi\u00f9 attuali.<\/p>\n<p>Il nuovo libretto dei corsi per l&#8217;anno accademico pu\u00f2 essere ritirato presso la sede UTE in Borgo Salomon 3. La segreteria \u00e8 aperta ogni marted\u00ec, mercoled\u00ec e gioved\u00ec dalle 10 alle 12 per consegnare il programma completo e aiutare a scegliere i corsi pi\u00f9 adatti.<\/p>\n<p>Per fissare un appuntamento per le iscrizioni, \u00e8 possibile telefonare ai numeri 0431 34477 o 392 2487827. Le linee saranno attive nei giorni 8, 9, 10 e 11 settembre, dalle 9 alle 12 e dalle 15 alle 18.<\/p>\n<p>Per chi ha gi\u00e0 fissato un appuntamento, le iscrizioni si terranno nei giorni 16, 17, 18 e 19 settembre, dalle 9 alle 12 e dalle 15 alle 18.<\/p>\n<p>Le iscrizioni aperte a tutti si svolgeranno dal 22 al 26 settembre, con orario solo mattutino, dalle 9 alle 12.<\/p>\n<p>Le <strong>lezioni inizieranno il 20 ottobre<\/strong> e termineranno il 30 aprile 2026. Un totale di <strong>91 docenti<\/strong>, tra figure interne e collaboratori esterni, \u00e8 pronto a dare il via a <strong>136 corsi<\/strong>, un&#8217;offerta in crescita di 12 proposte rispetto all&#8217;anno precedente.<\/p>\n<p>Tra le discipline nuove, si segnalano corsi come: &#8220;<em>Nutrizione: cibo, corpo e mente sana<\/em>&#8220;, &#8220;<em>Bicicletta che passione<\/em>&#8220;, &#8220;<em>Nero su Bianco: Viaggio nella letteratura africana<\/em>&#8220;, &#8220;<em>La musica nella Divina Commedia<\/em>&#8221; e &#8220;<em>Le sfide del XXI secolo<\/em>&#8220;.<\/p>\n<p>L&#8217;obiettivo dichiarato \u00e8 quello di superare le 841 iscrizioni dello scorso anno, un numero che aveva gi\u00e0 segnato un record.<\/p>\n<p>&nbsp;<\/p>\n","protected":false},"excerpt":{"rendered":"<p>La prossima settimana le iscrizioni al nuovo anno accademico. A disposizione 136 corsi grazie a 91 docenti<\/p>\n","protected":false},"author":22,"featured_media":67656,"comment_status":"closed","ping_status":"closed","sticky":false,"template":"","format":"image","meta":{"dwc-title":[""],"dwc-content":[""],"footnotes":""},"categories":[5],"tags":[189,119,1371,1186],"class_list":["post-67655","post","type-post","status-publish","format-image","has-post-thumbnail","hentry","category-attualita","tag-anziani","tag-cervignano","tag-terza-eta","tag-ute","post_format-post-format-image"],"rttpg_featured_image_url":{"full":["https:\/\/imagazine.it\/wp-content\/uploads\/2025\/09\/ute-cervignano-02.jpg",1366,729,false],"landscape":["https:\/\/imagazine.it\/wp-content\/uploads\/2025\/09\/ute-cervignano-02.jpg",1366,729,false],"portraits":["https:\/\/imagazine.it\/wp-content\/uploads\/2025\/09\/ute-cervignano-02.jpg",1366,729,false],"thumbnail":["https:\/\/imagazine.it\/wp-content\/uploads\/2025\/09\/ute-cervignano-02-150x150.jpg",150,150,true],"medium":["https:\/\/imagazine.it\/wp-content\/uploads\/2025\/09\/ute-cervignano-02-300x160.jpg",300,160,true],"large":["https:\/\/imagazine.it\/wp-content\/uploads\/2025\/09\/ute-cervignano-02-1024x546.jpg",640,341,true],"thumblist":["https:\/\/imagazine.it\/wp-content\/uploads\/2025\/09\/ute-cervignano-02-300x300.jpg",300,300,true],"thumbrelated":["https:\/\/imagazine.it\/wp-content\/uploads\/2025\/09\/ute-cervignano-02-500x500.jpg",500,500,true],"meccarouselthumb":["https:\/\/imagazine.it\/wp-content\/uploads\/2025\/09\/ute-cervignano-02-474x324.jpg",474,324,true],"gridsquare":["https:\/\/imagazine.it\/wp-content\/uploads\/2025\/09\/ute-cervignano-02-391x260.jpg",391,260,true],"tileview":["https:\/\/imagazine.it\/wp-content\/uploads\/2025\/09\/ute-cervignano-02-300x400.jpg",300,400,true],"1536x1536":["https:\/\/imagazine.it\/wp-content\/uploads\/2025\/09\/ute-cervignano-02.jpg",1366,729,false],"2048x2048":["https:\/\/imagazine.it\/wp-content\/uploads\/2025\/09\/ute-cervignano-02.jpg",1366,729,false],"newsup-slider-full":["https:\/\/imagazine.it\/wp-content\/uploads\/2025\/09\/ute-cervignano-02-1280x720.jpg",1280,720,true],"newsup-featured":["https:\/\/imagazine.it\/wp-content\/uploads\/2025\/09\/ute-cervignano-02-1024x546.jpg",1024,546,true],"newsup-medium":["https:\/\/imagazine.it\/wp-content\/uploads\/2025\/09\/ute-cervignano-02-720x380.jpg",720,380,true],"tptn_thumbnail":["https:\/\/imagazine.it\/wp-content\/uploads\/2025\/09\/ute-cervignano-02-250x210.jpg",250,210,true],"sow-carousel-default":["https:\/\/imagazine.it\/wp-content\/uploads\/2025\/09\/ute-cervignano-02-272x182.jpg",272,182,true]},"rttpg_author":{"display_name":"Livio Nonis","author_link":"https:\/\/imagazine.it\/home_desk\/author\/nonis\/"},"rttpg_comment":0,"rttpg_category":"<a href=\"https:\/\/imagazine.it\/home_desk\/category\/attualita\/\" rel=\"category tag\">ATTUALIT\u00c0<\/a>","rttpg_excerpt":"La prossima settimana le iscrizioni al nuovo anno accademico. A disposizione 136 corsi grazie a 91 docenti","_links":{"self":[{"href":"https:\/\/imagazine.it\/home_desk\/wp-json\/wp\/v2\/posts\/67655","targetHints":{"allow":["GET"]}}],"collection":[{"href":"https:\/\/imagazine.it\/home_desk\/wp-json\/wp\/v2\/posts"}],"about":[{"href":"https:\/\/imagazine.it\/home_desk\/wp-json\/wp\/v2\/types\/post"}],"author":[{"embeddable":true,"href":"https:\/\/imagazine.it\/home_desk\/wp-json\/wp\/v2\/users\/22"}],"replies":[{"embeddable":true,"href":"https:\/\/imagazine.it\/home_desk\/wp-json\/wp\/v2\/comments?post=67655"}],"version-history":[{"count":2,"href":"https:\/\/imagazine.it\/home_desk\/wp-json\/wp\/v2\/posts\/67655\/revisions"}],"predecessor-version":[{"id":67658,"href":"https:\/\/imagazine.it\/home_desk\/wp-json\/wp\/v2\/posts\/67655\/revisions\/67658"}],"wp:featuredmedia":[{"embeddable":true,"href":"https:\/\/imagazine.it\/home_desk\/wp-json\/wp\/v2\/media\/67656"}],"wp:attachment":[{"href":"https:\/\/imagazine.it\/home_desk\/wp-json\/wp\/v2\/media?parent=67655"}],"wp:term":[{"taxonomy":"category","embeddable":true,"href":"https:\/\/imagazine.it\/home_desk\/wp-json\/wp\/v2\/categories?post=67655"},{"taxonomy":"post_tag","embeddable":true,"href":"https:\/\/imagazine.it\/home_desk\/wp-json\/wp\/v2\/tags?post=67655"}],"curies":[{"name":"wp","href":"https:\/\/api.w.org\/{rel}","templated":true}]}}