{"id":67623,"date":"2025-08-29T15:57:23","date_gmt":"2025-08-29T13:57:23","guid":{"rendered":"https:\/\/imagazine.it\/home_desk\/?p=67623"},"modified":"2025-09-01T17:53:32","modified_gmt":"2025-09-01T15:53:32","slug":"politica-internazionale-a-gorizia-una-laurea-unica-in-italia","status":"publish","type":"post","link":"https:\/\/imagazine.it\/home_desk\/politica-internazionale-a-gorizia-una-laurea-unica-in-italia\/","title":{"rendered":"Politica internazionale: a Gorizia una laurea unica in Italia"},"content":{"rendered":"<p><span style=\"font-size: 10pt;\"><em>La presentazione alla stampa del nuovo corso di laurea<\/em><\/span><\/p>\n<p>GORIZIA \u2013 Sar\u00e0 <strong>Gorizia<\/strong> la sede di riferimento del corso di laurea magistrale <em>Joint Master&#8217;s Programme in Political Science \u2013 Integration &amp; Governance (PoSIG)<\/em>.<\/p>\n<p>Un programma biennale erogato interamente in inglese, che coinvolge l\u2019<strong>Universit\u00e0<\/strong> <strong>di Trieste<\/strong>, con 13 atenei di otto Paesi complessivamente coinvolti.<\/p>\n<p>Rivolto a studenti con una laurea triennale in Scienze politiche o Relazioni internazionali,\u00a0questo corso di studio integrato inter ateneo\u00a0rafforza ulteriormente la vocazione internazionale di Gorizia.<\/p>\n<p>\u201cAnno dopo anno \u2013 ha dichiarato alla presentazione il sindaco di Gorizia, <strong>Rodolfo Ziberna<\/strong> \u2013 assistiamo al graduale allargamento dell\u2019offerta didattica dell\u2019Universit\u00e0 di Trieste a Gorizia con corsi di prestigio, che consentono di rafforzare il ruolo della nostra citt\u00e0 nello scenario geopolitico e la sua vocazione internazionale\u201c.<\/p>\n<p>\u201cSono orgogliosa \u2013 ha fatto eco la nuova rettrice dell\u2019Universit\u00e0 di Trieste, <strong>Donata Vianelli<\/strong> \u2013 di presentare questa nuova proposta didattica del nostro Ateneo a Gorizia, sede che intendiamo continuare a valorizzare in stretta collaborazione con gli enti locali. PoSIG \u00e8 un corso unico in Italia e Europa: l&#8217;obiettivo \u00e8 quello di unire i popoli e offrire opportunit\u00e0 realmente spendibili nel mondo del lavoro ai giovani\u201c.<\/p>\n<p>\u201cDurante una delle Academy organizzate tradizionalmente a Salisburgo dagli ideatori di PoSIG \u2013 ha ricordato <strong>Giuliana Parotto<\/strong>,\u00a0coordinatrice PoSiG per l\u2019Universit\u00e0 di Trieste \u2013 ho conosciuto personalmente i docenti coinvolti in questa iniziativa didattica. Da qui \u00e8 nato da quest&#8217;anno il coinvolgimento di UniTS come unica universit\u00e0 italiana. Gorizia diventer\u00e0 uno straordinario punto di attrazione per gli studenti che frequenteranno qui i Corsi di metodologia, relazioni internazionali e teoria politica\u201c.<\/p>\n<p><strong>Franz Kok<\/strong>, coordinatore generale di PoSIG e rappresentante del rettore dell\u2019Universit\u00e0 Paris Lodron University of Salzburg (PLUS), ha illustrato nei dettagli le caratteristiche del corso.<\/p>\n<p>Gli iscritti avranno la possibilit\u00e0 di studiare in almeno due diverse sedi tra Austria, Albania, Armenia, Bosnia-Erzegovina, Georgia, Italia, Macedonia del Nord e Kosovo, ricevendo un <em>joint degree<\/em> riconosciuto da tutti gli atenei partecipanti.<\/p>\n<p>Il corso, interamente in lingua inglese, combina una solida preparazione teorica con un forte orientamento alla ricerca sui processi decisionali e le politiche pubbliche, con particolare attenzione ai temi della <em>governance<\/em> e dell\u2019integrazione in contesti nazionali e internazionali.<\/p>\n<p>Il percorso include moduli in Politica comparata, Integrazione europea, Relazioni internazionali, Amministrazione e politiche pubbliche, Teoria politica. Il programma prevede anche tirocini in organizzazioni partner internazionali, come il Regional Cooperation Council (RCC), la Central European Initiative (CEI), l\u2019Institute of the Regions of Europe (IRE), l\u2019UNODC e l\u2019Ufficio regionale per la cooperazione giovanile (RYCO). PoSIG promuove un modello europeo di formazione alla politica multilaterale e rappresenta un\u2019offerta unica per chi intende formarsi come esperto di integrazione e governance in contesti internazionali.<\/p>\n<p>L\u2019Universit\u00e0 di Trieste contribuisce al progetto offrendo 30 crediti: Strategic Studies \u2013 Relazioni internazionali, Political theory, Conflict Resolution \u2013 Relazioni internazionali, Metodologia \u2013 Project Cicle management, Metodologia \u2013 analisi quantitativa.<\/p>\n<p>Il corso \u00e8 stato fondato nel 2016 a Salisburgo. Inizialmente gli studenti dovevano frequentare il primo anno a Salisburgo o a Lubiana, ma dal 2023 \u00e8 caduta questa limitazione. Con gli anni si \u00e8 allargato il Consorzio, includendo anche alcune universit\u00e0 del Caucaso, accreditate nel 2025.<\/p>\n<p>L\u2019adesione al Consorzio \u00e8 importante per l\u2019internazionalizzazione dell\u2019Universit\u00e0 di Trieste: un <em>Joint Degree<\/em> con queste caratteristiche non esiste in nessuna sede universitaria italiana.<\/p>\n<p>Il diploma di laurea PoSig, per le sue caratteristiche, \u00e8 molto attrattivo e permetter\u00e0 di sviluppare rapporti internazionali con aree extra Unione europea in vista di un\u2019adesione futura di questi Paesi.<\/p>\n<p>Attualmente, considerando anche PLUS e UniTS, fanno parte del consorzio 13 universit\u00e0 di otto Stati: Albania, Tirana: European University of Tirana (UET) University of Tirana (UTIR); Armenia, Erevan: Yerevan State University (YSU) Eurasia International University Yerevan (EIU); Bosnia Erzegovina, Sarajevo: University of Sarajevo (UNSA) Sarajevo School of Science and Technology (SSST); Georgia, Tbilisi: Tbilisi State University (TSU) Georgian Institute for Public Affairs (GIPA); Macedonia del Nord, Skopje: Cyril and Methodius University in Skopje (UKIM); Kosovo, Pristina: University of Business and Technology Prishtina.<\/p>\n","protected":false},"excerpt":{"rendered":"<p>Il capoluogo isontino sede principale del corso magistrale che coinvolge l\u2019Universit\u00e0 di Trieste, con 13 atenei di 8 Paesi europei<\/p>\n","protected":false},"author":28,"featured_media":67624,"comment_status":"closed","ping_status":"closed","sticky":false,"template":"","format":"image","meta":{"dwc-title":[""],"dwc-content":[""],"footnotes":""},"categories":[5],"tags":[400,43,1059,2723,389,388],"class_list":["post-67623","post","type-post","status-publish","format-image","has-post-thumbnail","hentry","category-attualita","tag-formazione","tag-gorizia","tag-politica","tag-studio","tag-units","tag-universita","post_format-post-format-image"],"rttpg_featured_image_url":{"full":["https:\/\/imagazine.it\/wp-content\/uploads\/2025\/08\/Posig-1.jpg",1366,836,false],"landscape":["https:\/\/imagazine.it\/wp-content\/uploads\/2025\/08\/Posig-1.jpg",1366,836,false],"portraits":["https:\/\/imagazine.it\/wp-content\/uploads\/2025\/08\/Posig-1.jpg",1366,836,false],"thumbnail":["https:\/\/imagazine.it\/wp-content\/uploads\/2025\/08\/Posig-1-150x150.jpg",150,150,true],"medium":["https:\/\/imagazine.it\/wp-content\/uploads\/2025\/08\/Posig-1-300x184.jpg",300,184,true],"large":["https:\/\/imagazine.it\/wp-content\/uploads\/2025\/08\/Posig-1-1024x627.jpg",640,392,true],"thumblist":["https:\/\/imagazine.it\/wp-content\/uploads\/2025\/08\/Posig-1-300x300.jpg",300,300,true],"thumbrelated":["https:\/\/imagazine.it\/wp-content\/uploads\/2025\/08\/Posig-1-500x500.jpg",500,500,true],"meccarouselthumb":["https:\/\/imagazine.it\/wp-content\/uploads\/2025\/08\/Posig-1-474x324.jpg",474,324,true],"gridsquare":["https:\/\/imagazine.it\/wp-content\/uploads\/2025\/08\/Posig-1-391x260.jpg",391,260,true],"tileview":["https:\/\/imagazine.it\/wp-content\/uploads\/2025\/08\/Posig-1-300x400.jpg",300,400,true],"1536x1536":["https:\/\/imagazine.it\/wp-content\/uploads\/2025\/08\/Posig-1.jpg",1366,836,false],"2048x2048":["https:\/\/imagazine.it\/wp-content\/uploads\/2025\/08\/Posig-1.jpg",1366,836,false],"newsup-slider-full":["https:\/\/imagazine.it\/wp-content\/uploads\/2025\/08\/Posig-1-1280x720.jpg",1280,720,true],"newsup-featured":["https:\/\/imagazine.it\/wp-content\/uploads\/2025\/08\/Posig-1-1024x627.jpg",1024,627,true],"newsup-medium":["https:\/\/imagazine.it\/wp-content\/uploads\/2025\/08\/Posig-1-720x380.jpg",720,380,true],"tptn_thumbnail":["https:\/\/imagazine.it\/wp-content\/uploads\/2025\/08\/Posig-1-250x210.jpg",250,210,true],"sow-carousel-default":["https:\/\/imagazine.it\/wp-content\/uploads\/2025\/08\/Posig-1-272x182.jpg",272,182,true]},"rttpg_author":{"display_name":"redazione","author_link":"https:\/\/imagazine.it\/home_desk\/author\/redazione\/"},"rttpg_comment":0,"rttpg_category":"<a href=\"https:\/\/imagazine.it\/home_desk\/category\/attualita\/\" rel=\"category tag\">ATTUALIT\u00c0<\/a>","rttpg_excerpt":"Il capoluogo isontino sede principale del corso magistrale che coinvolge l\u2019Universit\u00e0 di Trieste, con 13 atenei di 8 Paesi europei","_links":{"self":[{"href":"https:\/\/imagazine.it\/home_desk\/wp-json\/wp\/v2\/posts\/67623","targetHints":{"allow":["GET"]}}],"collection":[{"href":"https:\/\/imagazine.it\/home_desk\/wp-json\/wp\/v2\/posts"}],"about":[{"href":"https:\/\/imagazine.it\/home_desk\/wp-json\/wp\/v2\/types\/post"}],"author":[{"embeddable":true,"href":"https:\/\/imagazine.it\/home_desk\/wp-json\/wp\/v2\/users\/28"}],"replies":[{"embeddable":true,"href":"https:\/\/imagazine.it\/home_desk\/wp-json\/wp\/v2\/comments?post=67623"}],"version-history":[{"count":1,"href":"https:\/\/imagazine.it\/home_desk\/wp-json\/wp\/v2\/posts\/67623\/revisions"}],"predecessor-version":[{"id":67672,"href":"https:\/\/imagazine.it\/home_desk\/wp-json\/wp\/v2\/posts\/67623\/revisions\/67672"}],"wp:featuredmedia":[{"embeddable":true,"href":"https:\/\/imagazine.it\/home_desk\/wp-json\/wp\/v2\/media\/67624"}],"wp:attachment":[{"href":"https:\/\/imagazine.it\/home_desk\/wp-json\/wp\/v2\/media?parent=67623"}],"wp:term":[{"taxonomy":"category","embeddable":true,"href":"https:\/\/imagazine.it\/home_desk\/wp-json\/wp\/v2\/categories?post=67623"},{"taxonomy":"post_tag","embeddable":true,"href":"https:\/\/imagazine.it\/home_desk\/wp-json\/wp\/v2\/tags?post=67623"}],"curies":[{"name":"wp","href":"https:\/\/api.w.org\/{rel}","templated":true}]}}