{"id":67561,"date":"2025-08-26T18:45:26","date_gmt":"2025-08-26T16:45:26","guid":{"rendered":"https:\/\/imagazine.it\/home_desk\/?p=67561"},"modified":"2025-08-29T11:24:45","modified_gmt":"2025-08-29T09:24:45","slug":"alzheimer-trieste-a-sostegno-di-malati-e-caregiver","status":"publish","type":"post","link":"https:\/\/imagazine.it\/home_desk\/alzheimer-trieste-a-sostegno-di-malati-e-caregiver\/","title":{"rendered":"Alzheimer: Trieste a sostegno di malati e caregiver"},"content":{"rendered":"<p><span style=\"font-size: 10pt;\"><em>La presentazione del Mese Viola a Trieste<\/em><\/span><\/p>\n<p>TRIESTE \u2013 Anche quest\u2019anno, grazie all\u2019<strong>Associazione de Banfield<\/strong>, <strong>Trieste<\/strong> si tinger\u00e0 idealmente di viola per tutto il mese di <strong>settembre<\/strong>: il colore che in tutto il mondo identifica la malattia di <strong>Alzheimer<\/strong>.<\/p>\n<p>In occasione della <strong>Giornata mondiale<\/strong> del <strong>21 settembre<\/strong>, l\u2019associazione triestina promuove \u2013 con il <strong>Patrocinio del Comune di Trieste<\/strong> \u2013 un ricco calendario di iniziative che accompagner\u00e0 la citt\u00e0 lungo l\u2019intero mese: un programma diffuso di <strong>eventi pensati per coinvolgere pubblici diversi e stimolare una riflessione condivisa<\/strong> sul valore del ricordo e sulla necessit\u00e0 di costruire <strong>comunit\u00e0 solidali e inclusive<\/strong>.<\/p>\n<p>Sar\u00e0 un mese dedicato a chi convive con la fragilit\u00e0 della memoria, parte essenziale della nostra identit\u00e0, volto a contrastare lo stigma che ancora troppo spesso grava sulla malattia di Alzheimer.<\/p>\n<p>Le <strong>iniziative <\/strong>sono state presentate stamani dalla vicepresidente dell\u2019Associazione de Banfield, <strong>Mariella Magistri de Francesco<\/strong>, con l\u2019assessore comunale alle politiche sociali, <strong>Massimo Tognolli<\/strong>, e il segretario provinciale della Fipe \u2013 Confcommercio di Trieste, <strong>Fabrizio Ziberna<\/strong>. Video messaggio il presidente dell\u2019Associazione de Banfield, <strong>Massimo Simeon<\/strong>.<\/p>\n<p>Il <strong>Mese Viola<\/strong> \u00e8 divenuto ormai un <strong>appuntamento atteso e riconosciuto<\/strong> nella vita sociale di Trieste, e anche nel 2025 torner\u00e0 ad animare la citt\u00e0 con una pluralit\u00e0 di proposte.<\/p>\n<p>Una <strong>formula che l\u2019Associazione de Banfield<\/strong> \u2013 che da oltre trent\u2019anni opera con un\u2019equipe multiprofessionale per la valutazione multidimensionale della persona presa in carico ed \u00e8 punto di riferimento imprescindibile nel Terzo Settore sul fronte delle persone fragili, anziane e\/ o con demenza o Alzheimer \u2013 porta avanti <strong>arricchendola ogni anno di nuovi strumenti di sensibilizzazione<\/strong>: incontri di divulgazione, momenti culturali e occasioni di socialit\u00e0 capaci di avvicinare le persone, accrescere la consapevolezza collettiva e <strong>promuovere una comunit\u00e0 pi\u00f9 consapevole, inclusiva, informata e accogliente.<\/strong><\/p>\n<p>Oggi nel mondo oltre 58 milioni di persone vivono con una forma di demenza, e la cifra \u00e8 destinata quasi a triplicarsi nei prossimi decenni. In Italia i malati sono oltre 1,2 milioni, mentre in Friuli Venezia Giulia si stimano pi\u00f9 di 27.000 casi.<\/p>\n<p>Dietro questi numeri ci sono <strong>famiglie che ogni giorno affrontano la malattia<\/strong>, spesso con fatica e solitudine. A loro <strong>l\u2019Associazione dedica non soltanto servizi e sostegno concreto attraverso CasaViola<\/strong>, ma anche momenti di sensibilizzazione che aiutino l\u2019intera comunit\u00e0 a riconoscersi parte attiva nella cura.<\/p>\n<h3><strong>Le iniziative del Mese Viola 2025<\/strong><\/h3>\n<p>\u201cPiatto\u201d forte delle iniziative del Mese Viola \u00e8 \u201c<strong>Aggiungi il Viola a Tavola<\/strong>\u201d, che quest\u2019anno vede la partecipazione di <strong>oltre 70 locali triestini<\/strong> \u2013 tra <strong>ristoranti, bar, gelaterie, caff\u00e8 storici<\/strong> e nuove realt\u00e0 \u2013 per un totale di <strong>pi\u00f9 di 100 esercenti<\/strong> coinvolti, grazie alla collaborazione con <strong>FIPE Trieste<\/strong>.<\/p>\n<p>Ogni esercizio proporr\u00e0 un piatto, un cocktail, un dolce o una bevanda con una nota di colore viola, <strong>trasformando la tavola in occasione di incontro e solidariet\u00e0<\/strong>. Una rete di <strong>creativit\u00e0 gastronomica che diventa un invito gentile a parlare di Alzheimer<\/strong> senza paura, accompagnata da materiale informativo e dai <strong>salvadanai<\/strong> posizionati accanto alla cassa, destinati alle donazioni. L\u2019obiettivo \u00e8 concreto: garantire con il ricavato <strong>trenta appuntamenti<\/strong> del progetto \u201c<strong>Sabato in citt\u00e0<\/strong>\u201d, pensato per offrire ore di sollievo e socialit\u00e0 alle <strong>persone con demenza e ai loro caregiver<\/strong>.<\/p>\n<p>Il cuore pulsante del Mese Viola sar\u00e0 la <strong><em>Foresta Viola da vivere<\/em><\/strong>, che dal <strong>10 al 13 settembre<\/strong> trasformer\u00e0 <strong>Piazza della Borsa<\/strong> in un <strong>giardino simbolico di ricordi<\/strong>. I cittadini saranno invitati a scrivere pensieri e memorie su cartoncini da appendere ai rami dei tanzaku, in <strong>un gesto collettivo che unisce suggestione orientale e sensibilit\u00e0 locale<\/strong>.<\/p>\n<p>Ma la Foresta non sar\u00e0 solo installazione: <strong>ogni giorno porter\u00e0 con s\u00e9 un evento speciale<\/strong>. Il <strong>10 settembre<\/strong> l\u2019inaugurazione per pubblico e stampa aprir\u00e0 le giornate di riflessione; <strong>l\u201911 settembre il grande Cruciverba<\/strong> di quattro metri per due, ideato dall\u2019enigmista <strong>Giorgio Dendi<\/strong>, inviter\u00e0 a \u201ctenere in allenamento\u201d il cervello con il gioco; il <strong>12 settembre<\/strong> la musica dei musicoterapeuti di <strong>Aul\u00f2s<\/strong>, tra classica e tradizione popolare, creer\u00e0 un\u2019atmosfera di ascolto e condivisione; il <strong>13 settembre<\/strong>, infine, i pi\u00f9 piccoli saranno protagonisti con le letture animate di <strong>Nati per Leggere<\/strong>, a ricordare come la cura della memoria inizi sin dall\u2019infanzia.<\/p>\n<p>All\u2019iniziativa della <em>Foresta Viola<\/em> collabora anche l\u2019azienda farmaceutica <strong>Eurospital<\/strong>, che ha coinvolto i suoi dipendenti in un progetto di <strong>volontariato d\u2019impresa<\/strong> con cui saranno impegnati nella Foresta Viola tra il 10 e il 12 settembre.<\/p>\n<p>Durante tutte le giornate in <strong>piazza della Borsa<\/strong>, sar\u00e0 presente l\u2019ormai celebre <strong>Pulmino Viola <\/strong>dell\u2019attivit\u00e0 \u201c<strong><em>Metti in moto il cervello<\/em><\/strong>\u201d, <strong>punto di ascolto mobile<\/strong> con assistenti sociali e psicologhe pronte a offrire consulenze gratuite e informazioni.<\/p>\n<p>Oltre alla permanenza all\u2019interno della <em>Foresta Viola<\/em>, il pulmino della prevenzione alla demenza su quattro ruote <strong>riprende la sua corsa gi\u00e0 dal 3 settembre<\/strong> con un nuovo calendario di interventi tra Trieste e provincia: fino al <strong>20 novembre previsti un totale di 22 appuntamenti<\/strong>, con permanenza di tre ore (dalle 9 alle 12) per <strong>2 appuntamenti<\/strong> a settimana, uno sui Comuni del Carso Giuliano e uno sul Comune di Trieste, continuando a coprire anche zone periferiche. All\u2019interno del furgone \u00e8 possibile trovare consulenze sociosanitarie per l\u2019assistenza alla persona anziana fragile, supporto individuale ai caregiver, spunti per la stimolazione cognitiva, consigli per la salute del cervello e la prevenzione della demenza, materiale informativo di vario tipo tra cui un guida sulla prevenzione della demenza.<\/p>\n<p>A garantire questi servizi a titolo gratuito <strong>un\u2019equipe di professioniste <\/strong>(2 assistenti sociali, 3 psicologhe e un\u2019infermiera) <strong>coadiuvata da un gruppo di volontari <\/strong>per l\u2019accoglienza delle persone e la guida del mezzo.<\/p>\n<p>Contestualmente, <strong>per tutto settembre <\/strong>la struttura specificamente dedicata ai caregiver <strong>CasaViola<\/strong> proporr\u00e0 <strong>cinque sessioni<\/strong> di <strong>valutazioni cognitive preventive<\/strong>, ogni luned\u00ec mattina dalle 9 alle 12. Si tratta di <strong>incontri gratuiti<\/strong>, individuali, della durata di circa mezz\u2019ora, condotti dalle psicologhe dell\u2019Associazione: un\u2019occasione semplice ma preziosa per prendere consapevolezza dello stato di salute cognitiva e sottolineare il valore della prevenzione.<\/p>\n<p>Il <strong>21 settembre<\/strong>, <strong>Giornata Mondiale dell\u2019Alzheimer<\/strong>, il <strong>colore viola illuminer\u00e0 Trieste e il territorio circostante<\/strong>. Monumenti e luoghi simbolici si accenderanno tutti di luce viola.<\/p>\n<figure id=\"attachment_67562\" aria-describedby=\"caption-attachment-67562\" style=\"width: 1000px\" class=\"wp-caption aligncenter\"><img loading=\"lazy\" decoding=\"async\" class=\"size-full wp-image-67562\" src=\"https:\/\/imagazine.it\/wp-content\/uploads\/2025\/08\/STATUA-DEL-NETTUNO_viola.jpg\" alt=\"\" width=\"1000\" height=\"666\" title=\"\" srcset=\"https:\/\/imagazine.it\/wp-content\/uploads\/2025\/08\/STATUA-DEL-NETTUNO_viola.jpg 1000w, https:\/\/imagazine.it\/wp-content\/uploads\/2025\/08\/STATUA-DEL-NETTUNO_viola-300x200.jpg 300w, https:\/\/imagazine.it\/wp-content\/uploads\/2025\/08\/STATUA-DEL-NETTUNO_viola-768x511.jpg 768w, https:\/\/imagazine.it\/wp-content\/uploads\/2025\/08\/STATUA-DEL-NETTUNO_viola-391x260.jpg 391w, https:\/\/imagazine.it\/wp-content\/uploads\/2025\/08\/STATUA-DEL-NETTUNO_viola-272x182.jpg 272w\" sizes=\"auto, (max-width: 1000px) 100vw, 1000px\" \/><figcaption id=\"caption-attachment-67562\" class=\"wp-caption-text\">La Statua del Nettuno illuminata di viola<\/figcaption><\/figure>\n<p>\u00c8 in corso l\u2019adesione di altre istituzioni \u2013 dalla Prefettura alla Questura \u2013 e come ogni anno anche i <strong>Comuni dell\u2019Ambito Carso Giuliano<\/strong> parteciperanno illuminando ciascuno un proprio edificio pubblico.<\/p>\n<p>Accanto a questi momenti pubblici, il <strong>Mese Viola 2025<\/strong> dar\u00e0 spazio anche alle <strong>storie dei <em>caregiver<\/em><\/strong>, con una serie di <strong>interviste video<\/strong> che verranno diffuse sui <strong>canali social di CasaViola<\/strong>. Tre lunghe testimonianze racconteranno, senza filtri, cosa significa prendersi cura di una persona con demenza, mentre altri caregiver hanno scelto di inviare brevi messaggi video di sensibilizzazione. Una coralit\u00e0 di voci che restituisce la complessit\u00e0 e il valore della cura quotidiana.<\/p>\n<p>A questo racconto si aggiunge l\u2019<strong>Antico Caff\u00e8 San Marco<\/strong>, che ha avviato un percorso per diventare <strong><em>Dementia Friendly Community<\/em><\/strong>. Nel mese di settembre, chi far\u00e0 un acquisto in libreria ricever\u00e0 una copia del libro <em>La Nonna sul Pianeta Blu<\/em>, mentre in collaborazione con la Casa del Cinema verr\u00e0 proposta una \u201c<strong>passeggiata cinematografica virtuale<\/strong>\u201d, un\u2019esperienza immersiva che arricchisce il calendario delle attivit\u00e0 di CasaViola.<\/p>\n<p>Tutte le attivit\u00e0 sono gratuite. \u00c8 consigliata la prenotazione per gli appuntamenti che lo richiedono, chiamando il numero 040 362766 o scrivendo a casaviola@debanfield.it<\/p>\n","protected":false},"excerpt":{"rendered":"<p>Presentate le iniziative in occasione del mese e della giornata mondiale. Per promuovere una comunit\u00e0 pi\u00f9 consapevole, inclusiva, informata e accogliente<\/p>\n","protected":false},"author":28,"featured_media":67563,"comment_status":"closed","ping_status":"closed","sticky":false,"template":"","format":"image","meta":{"dwc-title":[""],"dwc-content":[""],"footnotes":""},"categories":[5],"tags":[190,97,95,65],"class_list":["post-67561","post","type-post","status-publish","format-image","has-post-thumbnail","hentry","category-attualita","tag-alzheimer","tag-salute","tag-sanita","tag-trieste","post_format-post-format-image"],"rttpg_featured_image_url":{"full":["https:\/\/imagazine.it\/wp-content\/uploads\/2025\/08\/debanfield1.jpeg",1366,787,false],"landscape":["https:\/\/imagazine.it\/wp-content\/uploads\/2025\/08\/debanfield1.jpeg",1366,787,false],"portraits":["https:\/\/imagazine.it\/wp-content\/uploads\/2025\/08\/debanfield1.jpeg",1366,787,false],"thumbnail":["https:\/\/imagazine.it\/wp-content\/uploads\/2025\/08\/debanfield1-150x150.jpeg",150,150,true],"medium":["https:\/\/imagazine.it\/wp-content\/uploads\/2025\/08\/debanfield1-300x173.jpeg",300,173,true],"large":["https:\/\/imagazine.it\/wp-content\/uploads\/2025\/08\/debanfield1-1024x590.jpeg",640,369,true],"thumblist":["https:\/\/imagazine.it\/wp-content\/uploads\/2025\/08\/debanfield1-300x300.jpeg",300,300,true],"thumbrelated":["https:\/\/imagazine.it\/wp-content\/uploads\/2025\/08\/debanfield1-500x500.jpeg",500,500,true],"meccarouselthumb":["https:\/\/imagazine.it\/wp-content\/uploads\/2025\/08\/debanfield1-474x324.jpeg",474,324,true],"gridsquare":["https:\/\/imagazine.it\/wp-content\/uploads\/2025\/08\/debanfield1-391x260.jpeg",391,260,true],"tileview":["https:\/\/imagazine.it\/wp-content\/uploads\/2025\/08\/debanfield1-300x400.jpeg",300,400,true],"1536x1536":["https:\/\/imagazine.it\/wp-content\/uploads\/2025\/08\/debanfield1.jpeg",1366,787,false],"2048x2048":["https:\/\/imagazine.it\/wp-content\/uploads\/2025\/08\/debanfield1.jpeg",1366,787,false],"newsup-slider-full":["https:\/\/imagazine.it\/wp-content\/uploads\/2025\/08\/debanfield1-1280x720.jpeg",1280,720,true],"newsup-featured":["https:\/\/imagazine.it\/wp-content\/uploads\/2025\/08\/debanfield1-1024x590.jpeg",1024,590,true],"newsup-medium":["https:\/\/imagazine.it\/wp-content\/uploads\/2025\/08\/debanfield1-720x380.jpeg",720,380,true],"tptn_thumbnail":["https:\/\/imagazine.it\/wp-content\/uploads\/2025\/08\/debanfield1-250x210.jpeg",250,210,true],"sow-carousel-default":["https:\/\/imagazine.it\/wp-content\/uploads\/2025\/08\/debanfield1-272x182.jpeg",272,182,true]},"rttpg_author":{"display_name":"redazione","author_link":"https:\/\/imagazine.it\/home_desk\/author\/redazione\/"},"rttpg_comment":0,"rttpg_category":"<a href=\"https:\/\/imagazine.it\/home_desk\/category\/attualita\/\" rel=\"category tag\">ATTUALIT\u00c0<\/a>","rttpg_excerpt":"Presentate le iniziative in occasione del mese e della giornata mondiale. Per promuovere una comunit\u00e0 pi\u00f9 consapevole, inclusiva, informata e accogliente","_links":{"self":[{"href":"https:\/\/imagazine.it\/home_desk\/wp-json\/wp\/v2\/posts\/67561","targetHints":{"allow":["GET"]}}],"collection":[{"href":"https:\/\/imagazine.it\/home_desk\/wp-json\/wp\/v2\/posts"}],"about":[{"href":"https:\/\/imagazine.it\/home_desk\/wp-json\/wp\/v2\/types\/post"}],"author":[{"embeddable":true,"href":"https:\/\/imagazine.it\/home_desk\/wp-json\/wp\/v2\/users\/28"}],"replies":[{"embeddable":true,"href":"https:\/\/imagazine.it\/home_desk\/wp-json\/wp\/v2\/comments?post=67561"}],"version-history":[{"count":0,"href":"https:\/\/imagazine.it\/home_desk\/wp-json\/wp\/v2\/posts\/67561\/revisions"}],"wp:featuredmedia":[{"embeddable":true,"href":"https:\/\/imagazine.it\/home_desk\/wp-json\/wp\/v2\/media\/67563"}],"wp:attachment":[{"href":"https:\/\/imagazine.it\/home_desk\/wp-json\/wp\/v2\/media?parent=67561"}],"wp:term":[{"taxonomy":"category","embeddable":true,"href":"https:\/\/imagazine.it\/home_desk\/wp-json\/wp\/v2\/categories?post=67561"},{"taxonomy":"post_tag","embeddable":true,"href":"https:\/\/imagazine.it\/home_desk\/wp-json\/wp\/v2\/tags?post=67561"}],"curies":[{"name":"wp","href":"https:\/\/api.w.org\/{rel}","templated":true}]}}