{"id":67489,"date":"2025-08-25T13:11:40","date_gmt":"2025-08-25T11:11:40","guid":{"rendered":"https:\/\/imagazine.it\/home_desk\/?p=67489"},"modified":"2025-08-26T11:25:26","modified_gmt":"2025-08-26T09:25:26","slug":"confagricoltura-fvg-panciera-di-zoppola-gambara-nuovo-presidente","status":"publish","type":"post","link":"https:\/\/imagazine.it\/home_desk\/confagricoltura-fvg-panciera-di-zoppola-gambara-nuovo-presidente\/","title":{"rendered":"Confagricoltura Fvg: Panciera di Zoppola Gambara nuovo presidente"},"content":{"rendered":"<p><span style=\"font-size: 10pt;\"><em>Nicol\u00f2 Panciera di Zoppola Gambara<\/em><\/span><\/p>\n<p>UDINE \u2013 Cambio di presidenza per<strong> Confagricoltura Friuli Venezia Giulia<\/strong>.<\/p>\n<p>Il Consiglio direttivo, infatti, ha eletto <strong>Nicol\u00f2 Panciera di Zoppola Gambara<\/strong> quale nuovo presidente regionale dell\u2019organizzazione per il triennio 2025-2028. L\u2019imprenditore agricolo, classe 1976, succede a <strong>Philip Thurn Valsassina<\/strong>.<\/p>\n<p>Sposato, padre di due figli e residente a Zoppola di Pordenone, Panciera di Zoppola Gambara \u00e8 un imprenditore agricolo professionale, titolare di un\u2019azienda di circa 200 ettari con coltivazioni a seminativi e frutticoltura specializzata in noci e nocciole.<\/p>\n<h3><strong>Gestire il cambiamento<\/strong><\/h3>\n<p>\u00abL\u2019agricoltura \u2013 ha affermato il neopresidente nel suo intervento di insediamento \u2013sta affrontando una stagione di grande cambiamento. \u00c8 nostro compito accompagnare le imprese in questo passaggio, rafforzando il sostegno a livello regionale e nazionale. Dobbiamo lavorare per una politica agricola comune pi\u00f9 vicina alle reali esigenze degli agricoltori, sostenendo le ragioni di un\u2019agricoltura professionale che non pu\u00f2, sicuramente, accettare una riduzione delle risorse e un aumento degli obblighi\u00bb.<\/p>\n<p>\u00abServono strumenti semplici e accessibili \u2013 ha concluso Panciera di Zoppola Gambara \u2013 per gestire la transizione digitale, che non deve diventare un ostacolo ma un\u2019opportunit\u00e0 per aumentare l\u2019efficienza e la sostenibilit\u00e0 delle aziende. Cos\u00ec come \u00e8 necessario mantenere alta l\u2019attenzione su normative ambientali che spesso si dimostrano troppo lontane dalla realt\u00e0 dei campi. Infine, non possiamo dimenticare il tema della sicurezza sul lavoro: un valore fondamentale che va coltivato con formazione, prevenzione e cultura. Come presidente, lavorer\u00f2 affinch\u00e9 Confagricoltura Fvg continui a essere un punto di riferimento per le aziende e un interlocutore riconosciuto per le Istituzioni\u00bb.<\/p>\n","protected":false},"excerpt":{"rendered":"<p>Succede a Philip Thurn Valsassina, e rester\u00e0 in carica nel prossimo triennio in una fase particolarmente delicata per l\u2019agricoltura regionale<\/p>\n","protected":false},"author":28,"featured_media":67490,"comment_status":"closed","ping_status":"closed","sticky":false,"template":"","format":"image","meta":{"dwc-title":[""],"dwc-content":[""],"footnotes":""},"categories":[5],"tags":[1373,3538,101],"class_list":["post-67489","post","type-post","status-publish","format-image","has-post-thumbnail","hentry","category-attualita","tag-agricoltura","tag-nomine","tag-udine","post_format-post-format-image"],"rttpg_featured_image_url":{"full":["https:\/\/imagazine.it\/wp-content\/uploads\/2025\/08\/Nicolo-Panciera-di-Zoppola-Gambara.jpg",1366,788,false],"landscape":["https:\/\/imagazine.it\/wp-content\/uploads\/2025\/08\/Nicolo-Panciera-di-Zoppola-Gambara.jpg",1366,788,false],"portraits":["https:\/\/imagazine.it\/wp-content\/uploads\/2025\/08\/Nicolo-Panciera-di-Zoppola-Gambara.jpg",1366,788,false],"thumbnail":["https:\/\/imagazine.it\/wp-content\/uploads\/2025\/08\/Nicolo-Panciera-di-Zoppola-Gambara-150x150.jpg",150,150,true],"medium":["https:\/\/imagazine.it\/wp-content\/uploads\/2025\/08\/Nicolo-Panciera-di-Zoppola-Gambara-300x173.jpg",300,173,true],"large":["https:\/\/imagazine.it\/wp-content\/uploads\/2025\/08\/Nicolo-Panciera-di-Zoppola-Gambara-1024x591.jpg",640,369,true],"thumblist":["https:\/\/imagazine.it\/wp-content\/uploads\/2025\/08\/Nicolo-Panciera-di-Zoppola-Gambara-300x300.jpg",300,300,true],"thumbrelated":["https:\/\/imagazine.it\/wp-content\/uploads\/2025\/08\/Nicolo-Panciera-di-Zoppola-Gambara-500x500.jpg",500,500,true],"meccarouselthumb":["https:\/\/imagazine.it\/wp-content\/uploads\/2025\/08\/Nicolo-Panciera-di-Zoppola-Gambara-474x324.jpg",474,324,true],"gridsquare":["https:\/\/imagazine.it\/wp-content\/uploads\/2025\/08\/Nicolo-Panciera-di-Zoppola-Gambara-391x260.jpg",391,260,true],"tileview":["https:\/\/imagazine.it\/wp-content\/uploads\/2025\/08\/Nicolo-Panciera-di-Zoppola-Gambara-300x400.jpg",300,400,true],"1536x1536":["https:\/\/imagazine.it\/wp-content\/uploads\/2025\/08\/Nicolo-Panciera-di-Zoppola-Gambara.jpg",1366,788,false],"2048x2048":["https:\/\/imagazine.it\/wp-content\/uploads\/2025\/08\/Nicolo-Panciera-di-Zoppola-Gambara.jpg",1366,788,false],"newsup-slider-full":["https:\/\/imagazine.it\/wp-content\/uploads\/2025\/08\/Nicolo-Panciera-di-Zoppola-Gambara-1280x720.jpg",1280,720,true],"newsup-featured":["https:\/\/imagazine.it\/wp-content\/uploads\/2025\/08\/Nicolo-Panciera-di-Zoppola-Gambara-1024x591.jpg",1024,591,true],"newsup-medium":["https:\/\/imagazine.it\/wp-content\/uploads\/2025\/08\/Nicolo-Panciera-di-Zoppola-Gambara-720x380.jpg",720,380,true],"tptn_thumbnail":["https:\/\/imagazine.it\/wp-content\/uploads\/2025\/08\/Nicolo-Panciera-di-Zoppola-Gambara-250x210.jpg",250,210,true],"sow-carousel-default":["https:\/\/imagazine.it\/wp-content\/uploads\/2025\/08\/Nicolo-Panciera-di-Zoppola-Gambara-272x182.jpg",272,182,true]},"rttpg_author":{"display_name":"redazione","author_link":"https:\/\/imagazine.it\/home_desk\/author\/redazione\/"},"rttpg_comment":0,"rttpg_category":"<a href=\"https:\/\/imagazine.it\/home_desk\/category\/attualita\/\" rel=\"category tag\">ATTUALIT\u00c0<\/a>","rttpg_excerpt":"Succede a Philip Thurn Valsassina, e rester\u00e0 in carica nel prossimo triennio in una fase particolarmente delicata per l\u2019agricoltura regionale","_links":{"self":[{"href":"https:\/\/imagazine.it\/home_desk\/wp-json\/wp\/v2\/posts\/67489","targetHints":{"allow":["GET"]}}],"collection":[{"href":"https:\/\/imagazine.it\/home_desk\/wp-json\/wp\/v2\/posts"}],"about":[{"href":"https:\/\/imagazine.it\/home_desk\/wp-json\/wp\/v2\/types\/post"}],"author":[{"embeddable":true,"href":"https:\/\/imagazine.it\/home_desk\/wp-json\/wp\/v2\/users\/28"}],"replies":[{"embeddable":true,"href":"https:\/\/imagazine.it\/home_desk\/wp-json\/wp\/v2\/comments?post=67489"}],"version-history":[{"count":0,"href":"https:\/\/imagazine.it\/home_desk\/wp-json\/wp\/v2\/posts\/67489\/revisions"}],"wp:featuredmedia":[{"embeddable":true,"href":"https:\/\/imagazine.it\/home_desk\/wp-json\/wp\/v2\/media\/67490"}],"wp:attachment":[{"href":"https:\/\/imagazine.it\/home_desk\/wp-json\/wp\/v2\/media?parent=67489"}],"wp:term":[{"taxonomy":"category","embeddable":true,"href":"https:\/\/imagazine.it\/home_desk\/wp-json\/wp\/v2\/categories?post=67489"},{"taxonomy":"post_tag","embeddable":true,"href":"https:\/\/imagazine.it\/home_desk\/wp-json\/wp\/v2\/tags?post=67489"}],"curies":[{"name":"wp","href":"https:\/\/api.w.org\/{rel}","templated":true}]}}