{"id":67100,"date":"2025-08-01T17:42:15","date_gmt":"2025-08-01T15:42:15","guid":{"rendered":"https:\/\/imagazine.it\/home_desk\/?p=67100"},"modified":"2025-08-05T11:49:10","modified_gmt":"2025-08-05T09:49:10","slug":"totem-multimediale-nel-centro-di-monfalfcone","status":"publish","type":"post","link":"https:\/\/imagazine.it\/home_desk\/totem-multimediale-nel-centro-di-monfalfcone\/","title":{"rendered":"Totem multimediale nel centro di Monfalcone"},"content":{"rendered":"<p><span style=\"font-size: 10pt;\"><em>La presentazione alla stampa dell&#8217;iniziativa<\/em><\/span><\/p>\n<p>MONFALCONE \u2013 \u00c8 stato installato oggi, in <strong>piazza della Repubblica<\/strong>, il <strong>primo totem multimediale<\/strong> del <em>Distretto del Commercio del \u201cPunto pi\u00f9 a Nord del Mediterraneo\u201d<\/em>.<\/p>\n<p>Monfalcone \u00e8 il comune capofila del progetto e dell\u2019innovazione digitale a servizio del commercio e del territorio.<\/p>\n<p>\u201cIl distretto \u2013 ha spiegato il sindaco, <strong>Luca Fasan<\/strong> \u2013raccoglie Comuni diversi, ciascuno con le proprie peculiarit\u00e0, ma uniti da un elemento trasversale: il totem. All\u2019interno di quest\u2019ultimo verranno inseriti tutti i contenuti entro settembre e verr\u00e0 costantemente aggiornato. Il cittadino o il turista potr\u00e0 programmare l\u2019intera giornata e ci\u00f2 \u00e8 reso possibile dalle varie iniziative presenti e dalle attivit\u00e0 accreditate\u201d.<\/p>\n<p>\u201cUn grazie \u2013 ha sottolineato \u2013 va al dirigente del SUAP <strong>Rudi Bagatto<\/strong>, ad <strong>Andrea Pavano<\/strong>, manager del distretto, e agli uffici che con me hanno gestito il progetto con professionalit\u00e0 e competenza, mantenendo una comunicazione e collaborazione costante con tutti i portatori di interesse\u201d.<\/p>\n<p>Lo schermo touch da 55 pollici permetter\u00e0 a cittadini e turisti di accedere con semplicit\u00e0 a informazioni su eventi, itinerari, esercizi commerciali, attrazioni culturali e servizi locali.<\/p>\n<p>Posizionato a pochi passi dal Municipio, il Totem mira a divenire un punto di riferimento fisico e digitale per orientarsi e vivere al meglio l\u2019offerta della citt\u00e0.<\/p>\n<figure id=\"attachment_67102\" aria-describedby=\"caption-attachment-67102\" style=\"width: 561px\" class=\"wp-caption aligncenter\"><img loading=\"lazy\" decoding=\"async\" class=\"size-large wp-image-67102\" src=\"https:\/\/imagazine.it\/wp-content\/uploads\/2025\/08\/Totem-561x1024.jpg\" alt=\"\" width=\"561\" height=\"1024\" title=\"\" srcset=\"https:\/\/imagazine.it\/wp-content\/uploads\/2025\/08\/Totem-561x1024.jpg 561w, https:\/\/imagazine.it\/wp-content\/uploads\/2025\/08\/Totem-164x300.jpg 164w, https:\/\/imagazine.it\/wp-content\/uploads\/2025\/08\/Totem-768x1402.jpg 768w, https:\/\/imagazine.it\/wp-content\/uploads\/2025\/08\/Totem.jpg 800w\" sizes=\"auto, (max-width: 561px) 100vw, 561px\" \/><figcaption id=\"caption-attachment-67102\" class=\"wp-caption-text\">Il nuovo totem multimediale<\/figcaption><\/figure>\n<p>\u201cAttraverso la web app collegata \u2013 ha spiegato l\u2019assessore <strong>Paolo Venni<\/strong> \u2013 si potranno anche ricevere aggiornamenti in tempo reale su eventi, iniziative e opportunit\u00e0\u201d.<\/p>\n<p>\u201cIl distretto e il totem in particolare \u2013 \u00a0ha aggiunto l\u2019assessore delegato al Commercio, <strong>Luca Zorzenon<\/strong> \u2013 rappresentano un\u2019opportunit\u00e0 straordinaria per i nostri commercianti. Per la prima volta mettiamo in rete le attivit\u00e0 di pi\u00f9 Comuni, offrendo alle realt\u00e0 dei diversi territori, una vetrina condivisa e facilmente visitabile. Questo significa maggiore visibilit\u00e0, possibilit\u00e0 di attrarre nuovi clienti\u201d.<\/p>\n<p>Il Distretto del Commercio, cofinanziato dalla Regione Friuli Venezia Giulia per un valore complessivo di 960mila euro, prevede tra le altre, l\u2019installazione di nove strumenti multimediali, uno per ciascun Comune aderente: Aquileia, Grado, Duino Aurisina, Muggia, San Canzian d\u2019Isonzo, Staranzano, San Pier d\u2019Isonzo, Ronchi dei Legionari e Monfalcone.<br \/>\nCiascuno sar\u00e0 collegato a un sistema digitale centralizzato, costantemente aggiornato e coordinato, cos\u00ec da garantire uniformit\u00e0 e completezza delle informazioni offerte.<\/p>\n<p>L\u2019installazione negli altri comuni avverr\u00e0 a partire dalle prossime settimane, secondo un calendario concordato. Contestualmente, verr\u00e0 attivato il portale web del Distretto e avviate le attivit\u00e0 di formazione e supporto agli operatori commerciali per sfruttare al meglio questa nuova vetrina digitale.<\/p>\n","protected":false},"excerpt":{"rendered":"<p>Finanziato grazie al Distretto del Commercio, permetter\u00e0 a cittadini e turisti di accedere a informazioni su eventi, itinerari, esercizi commerciali, attrazioni culturali e servizi locali<\/p>\n","protected":false},"author":28,"featured_media":67101,"comment_status":"closed","ping_status":"closed","sticky":false,"template":"","format":"image","meta":{"dwc-title":[""],"dwc-content":[""],"footnotes":""},"categories":[5],"tags":[392,2275,51,567,423,976],"class_list":["post-67100","post","type-post","status-publish","format-image","has-post-thumbnail","hentry","category-attualita","tag-commercio","tag-marketing","tag-monfalcone","tag-multimedialita","tag-promozione","tag-tecnologia","post_format-post-format-image"],"rttpg_featured_image_url":{"full":["https:\/\/imagazine.it\/wp-content\/uploads\/2025\/08\/Conferenza-stampa-totem.jpg",1366,822,false],"landscape":["https:\/\/imagazine.it\/wp-content\/uploads\/2025\/08\/Conferenza-stampa-totem.jpg",1366,822,false],"portraits":["https:\/\/imagazine.it\/wp-content\/uploads\/2025\/08\/Conferenza-stampa-totem.jpg",1366,822,false],"thumbnail":["https:\/\/imagazine.it\/wp-content\/uploads\/2025\/08\/Conferenza-stampa-totem-150x150.jpg",150,150,true],"medium":["https:\/\/imagazine.it\/wp-content\/uploads\/2025\/08\/Conferenza-stampa-totem-300x181.jpg",300,181,true],"large":["https:\/\/imagazine.it\/wp-content\/uploads\/2025\/08\/Conferenza-stampa-totem-1024x616.jpg",640,385,true],"thumblist":["https:\/\/imagazine.it\/wp-content\/uploads\/2025\/08\/Conferenza-stampa-totem-300x300.jpg",300,300,true],"thumbrelated":["https:\/\/imagazine.it\/wp-content\/uploads\/2025\/08\/Conferenza-stampa-totem-500x500.jpg",500,500,true],"meccarouselthumb":["https:\/\/imagazine.it\/wp-content\/uploads\/2025\/08\/Conferenza-stampa-totem-474x324.jpg",474,324,true],"gridsquare":["https:\/\/imagazine.it\/wp-content\/uploads\/2025\/08\/Conferenza-stampa-totem-391x260.jpg",391,260,true],"tileview":["https:\/\/imagazine.it\/wp-content\/uploads\/2025\/08\/Conferenza-stampa-totem-300x400.jpg",300,400,true],"1536x1536":["https:\/\/imagazine.it\/wp-content\/uploads\/2025\/08\/Conferenza-stampa-totem.jpg",1366,822,false],"2048x2048":["https:\/\/imagazine.it\/wp-content\/uploads\/2025\/08\/Conferenza-stampa-totem.jpg",1366,822,false],"newsup-slider-full":["https:\/\/imagazine.it\/wp-content\/uploads\/2025\/08\/Conferenza-stampa-totem-1280x720.jpg",1280,720,true],"newsup-featured":["https:\/\/imagazine.it\/wp-content\/uploads\/2025\/08\/Conferenza-stampa-totem-1024x616.jpg",1024,616,true],"newsup-medium":["https:\/\/imagazine.it\/wp-content\/uploads\/2025\/08\/Conferenza-stampa-totem-720x380.jpg",720,380,true],"tptn_thumbnail":["https:\/\/imagazine.it\/wp-content\/uploads\/2025\/08\/Conferenza-stampa-totem-250x210.jpg",250,210,true],"sow-carousel-default":["https:\/\/imagazine.it\/wp-content\/uploads\/2025\/08\/Conferenza-stampa-totem-272x182.jpg",272,182,true]},"rttpg_author":{"display_name":"redazione","author_link":"https:\/\/imagazine.it\/home_desk\/author\/redazione\/"},"rttpg_comment":0,"rttpg_category":"<a href=\"https:\/\/imagazine.it\/home_desk\/category\/attualita\/\" rel=\"category tag\">ATTUALIT\u00c0<\/a>","rttpg_excerpt":"Finanziato grazie al Distretto del Commercio, permetter\u00e0 a cittadini e turisti di accedere a informazioni su eventi, itinerari, esercizi commerciali, attrazioni culturali e servizi locali","_links":{"self":[{"href":"https:\/\/imagazine.it\/home_desk\/wp-json\/wp\/v2\/posts\/67100","targetHints":{"allow":["GET"]}}],"collection":[{"href":"https:\/\/imagazine.it\/home_desk\/wp-json\/wp\/v2\/posts"}],"about":[{"href":"https:\/\/imagazine.it\/home_desk\/wp-json\/wp\/v2\/types\/post"}],"author":[{"embeddable":true,"href":"https:\/\/imagazine.it\/home_desk\/wp-json\/wp\/v2\/users\/28"}],"replies":[{"embeddable":true,"href":"https:\/\/imagazine.it\/home_desk\/wp-json\/wp\/v2\/comments?post=67100"}],"version-history":[{"count":0,"href":"https:\/\/imagazine.it\/home_desk\/wp-json\/wp\/v2\/posts\/67100\/revisions"}],"wp:featuredmedia":[{"embeddable":true,"href":"https:\/\/imagazine.it\/home_desk\/wp-json\/wp\/v2\/media\/67101"}],"wp:attachment":[{"href":"https:\/\/imagazine.it\/home_desk\/wp-json\/wp\/v2\/media?parent=67100"}],"wp:term":[{"taxonomy":"category","embeddable":true,"href":"https:\/\/imagazine.it\/home_desk\/wp-json\/wp\/v2\/categories?post=67100"},{"taxonomy":"post_tag","embeddable":true,"href":"https:\/\/imagazine.it\/home_desk\/wp-json\/wp\/v2\/tags?post=67100"}],"curies":[{"name":"wp","href":"https:\/\/api.w.org\/{rel}","templated":true}]}}