{"id":67036,"date":"2025-07-25T17:03:58","date_gmt":"2025-07-25T15:03:58","guid":{"rendered":"https:\/\/imagazine.it\/home_desk\/?p=67036"},"modified":"2025-07-29T17:28:58","modified_gmt":"2025-07-29T15:28:58","slug":"la-bassa-friulana-saluta-don-paul","status":"publish","type":"post","link":"https:\/\/imagazine.it\/home_desk\/la-bassa-friulana-saluta-don-paul\/","title":{"rendered":"La bassa friulana saluta don Paul"},"content":{"rendered":"<p><span style=\"font-size: 10pt;\"><em>Don Paul Varghese con la comunit\u00e0 di Muscoli<\/em><\/span><\/p>\n<p>CERVIGNANO DEL FRIULI \u2013 <strong>Don Paul Varghese<\/strong> ha salutato le Comunit\u00e0 dell&#8217;Unit\u00e0 Pastorale Bassa Friulana, celebrando messe di commiato nelle varie parrocchie.<\/p>\n<p>In Italia per studio verso la licenza in liturgia a Roma, per alcuni anni ha aiutato durante i periodi estivi e delle feste di Natale e Pasqua.<\/p>\n<p>Ha raccontato che il giorno in cui \u00e8 diventato sacerdote, sua madre gli disse che il Signore lo aveva scelto ancor prima della sua nascita.<\/p>\n<p>Quando la madre di don Paul era incinta, lavorava fuori casa e tornava solo dopo una settimana. Un giorno, mentre era al lavoro, si accorse di avere gravi problemi. La portarono all&#8217;ospedale pi\u00f9 vicino, dove il medico la mise di fronte all\u2019alternativa tra la sua vita e la continuazione della gravidanza.<\/p>\n<p>L\u2019improvvisa mancanza di energia elettrica nell&#8217;ospedale dove era pronto l\u2019intervento chirurgico, il trasferimento in un altro ospedale pi\u00f9 attrezzato, dove per\u00f2 un altro medico le consigli\u00f2 invece di portare avanti la gravidanza.<\/p>\n<p>Don Paul nacque prematuro ed era molto gracile, gli diedero non pi\u00f9 di una settimana di vita.<\/p>\n<p>Il resto non ha bisogno di spiegazioni&#8230;<\/p>\n<p>Don Paul, che \u00e8 un salesiano, riprende il suo servizio in India nell\u2019arcidiocesi di Bengaluru dove oltre a insegnare sar\u00e0 anche l\u2019economo.<\/p>\n","protected":false},"excerpt":{"rendered":"<p>Il sacerdote rientra in India dopo aver completato il suo percorso di studi. Il commiato dalle parrocchie in cui ha collaborato in questi anni<\/p>\n","protected":false},"author":22,"featured_media":67037,"comment_status":"closed","ping_status":"closed","sticky":false,"template":"","format":"image","meta":{"dwc-title":[""],"dwc-content":[""],"footnotes":""},"categories":[5],"tags":[119,939],"class_list":["post-67036","post","type-post","status-publish","format-image","has-post-thumbnail","hentry","category-attualita","tag-cervignano","tag-chiesa","post_format-post-format-image"],"rttpg_featured_image_url":{"full":["https:\/\/imagazine.it\/wp-content\/uploads\/2025\/07\/don-paul-muscoli.jpg",1366,777,false],"landscape":["https:\/\/imagazine.it\/wp-content\/uploads\/2025\/07\/don-paul-muscoli.jpg",1366,777,false],"portraits":["https:\/\/imagazine.it\/wp-content\/uploads\/2025\/07\/don-paul-muscoli.jpg",1366,777,false],"thumbnail":["https:\/\/imagazine.it\/wp-content\/uploads\/2025\/07\/don-paul-muscoli-150x150.jpg",150,150,true],"medium":["https:\/\/imagazine.it\/wp-content\/uploads\/2025\/07\/don-paul-muscoli-300x171.jpg",300,171,true],"large":["https:\/\/imagazine.it\/wp-content\/uploads\/2025\/07\/don-paul-muscoli-1024x582.jpg",640,364,true],"thumblist":["https:\/\/imagazine.it\/wp-content\/uploads\/2025\/07\/don-paul-muscoli-300x300.jpg",300,300,true],"thumbrelated":["https:\/\/imagazine.it\/wp-content\/uploads\/2025\/07\/don-paul-muscoli-500x500.jpg",500,500,true],"meccarouselthumb":["https:\/\/imagazine.it\/wp-content\/uploads\/2025\/07\/don-paul-muscoli-474x324.jpg",474,324,true],"gridsquare":["https:\/\/imagazine.it\/wp-content\/uploads\/2025\/07\/don-paul-muscoli-391x260.jpg",391,260,true],"tileview":["https:\/\/imagazine.it\/wp-content\/uploads\/2025\/07\/don-paul-muscoli-300x400.jpg",300,400,true],"1536x1536":["https:\/\/imagazine.it\/wp-content\/uploads\/2025\/07\/don-paul-muscoli.jpg",1366,777,false],"2048x2048":["https:\/\/imagazine.it\/wp-content\/uploads\/2025\/07\/don-paul-muscoli.jpg",1366,777,false],"newsup-slider-full":["https:\/\/imagazine.it\/wp-content\/uploads\/2025\/07\/don-paul-muscoli-1280x720.jpg",1280,720,true],"newsup-featured":["https:\/\/imagazine.it\/wp-content\/uploads\/2025\/07\/don-paul-muscoli-1024x582.jpg",1024,582,true],"newsup-medium":["https:\/\/imagazine.it\/wp-content\/uploads\/2025\/07\/don-paul-muscoli-720x380.jpg",720,380,true],"tptn_thumbnail":["https:\/\/imagazine.it\/wp-content\/uploads\/2025\/07\/don-paul-muscoli-250x210.jpg",250,210,true],"sow-carousel-default":["https:\/\/imagazine.it\/wp-content\/uploads\/2025\/07\/don-paul-muscoli-272x182.jpg",272,182,true]},"rttpg_author":{"display_name":"Livio Nonis","author_link":"https:\/\/imagazine.it\/home_desk\/author\/nonis\/"},"rttpg_comment":0,"rttpg_category":"<a href=\"https:\/\/imagazine.it\/home_desk\/category\/attualita\/\" rel=\"category tag\">ATTUALIT\u00c0<\/a>","rttpg_excerpt":"Il sacerdote rientra in India dopo aver completato il suo percorso di studi. Il commiato dalle parrocchie in cui ha collaborato in questi anni","_links":{"self":[{"href":"https:\/\/imagazine.it\/home_desk\/wp-json\/wp\/v2\/posts\/67036","targetHints":{"allow":["GET"]}}],"collection":[{"href":"https:\/\/imagazine.it\/home_desk\/wp-json\/wp\/v2\/posts"}],"about":[{"href":"https:\/\/imagazine.it\/home_desk\/wp-json\/wp\/v2\/types\/post"}],"author":[{"embeddable":true,"href":"https:\/\/imagazine.it\/home_desk\/wp-json\/wp\/v2\/users\/22"}],"replies":[{"embeddable":true,"href":"https:\/\/imagazine.it\/home_desk\/wp-json\/wp\/v2\/comments?post=67036"}],"version-history":[{"count":0,"href":"https:\/\/imagazine.it\/home_desk\/wp-json\/wp\/v2\/posts\/67036\/revisions"}],"wp:featuredmedia":[{"embeddable":true,"href":"https:\/\/imagazine.it\/home_desk\/wp-json\/wp\/v2\/media\/67037"}],"wp:attachment":[{"href":"https:\/\/imagazine.it\/home_desk\/wp-json\/wp\/v2\/media?parent=67036"}],"wp:term":[{"taxonomy":"category","embeddable":true,"href":"https:\/\/imagazine.it\/home_desk\/wp-json\/wp\/v2\/categories?post=67036"},{"taxonomy":"post_tag","embeddable":true,"href":"https:\/\/imagazine.it\/home_desk\/wp-json\/wp\/v2\/tags?post=67036"}],"curies":[{"name":"wp","href":"https:\/\/api.w.org\/{rel}","templated":true}]}}