{"id":67007,"date":"2025-07-26T15:17:27","date_gmt":"2025-07-26T13:17:27","guid":{"rendered":"https:\/\/imagazine.it\/home_desk\/?p=67007"},"modified":"2025-07-26T15:17:27","modified_gmt":"2025-07-26T13:17:27","slug":"da-scodovacca-a-barbana-una-storia-lunga-169-anni","status":"publish","type":"post","link":"https:\/\/imagazine.it\/home_desk\/da-scodovacca-a-barbana-una-storia-lunga-169-anni\/","title":{"rendered":"Da Scodovacca a Barbana: una storia lunga 169 anni"},"content":{"rendered":"<p><span style=\"font-size: 10pt;\"><em>La comunit\u00e0 di Scodovacca a Barbana<\/em><\/span><\/p>\n<p>GRADO \u2013 \u00c8 dal 1856 che la <strong>comunit\u00e0 di Scodovacca<\/strong> si reca al <strong>Santuario Mariano di Barbana<\/strong> per onorare il voto fatto allora per ringraziare la Beata Vergine per aver preservato gli animali dal colera.<\/p>\n<p>In quest&#8217;occasione viene esposto il dipinto, realizzato 169 anni fa, che raffigura gli animali, allora fondamentali per il lavoro nei campi.<\/p>\n<p>Il quadro storico ritrae anche i sacerdoti e la popolazione di Scodovacca mentre in processione si stavano recando sull&#8217;isola per ringraziare la Beata Vergine.<\/p>\n<p>Oggi la comunit\u00e0 cristiana di Scodovacca ha rinnovato la tradizione con il pellegrinaggio a Barbana.<\/p>\n<p>L&#8217;evento \u00e8 stato un momento di preghiera e riflessione, incentrato sul ruolo della comunit\u00e0 cristiana e sulla figura di Maria come modello e guida spirituale.<\/p>\n<p>Giunti a Barbana, i pellegrini, scesi dal motoscafo proveniente da Grado, sono stati accolti da don Damian.<\/p>\n<p>La messa in santuario \u00e8 stata presieduta dal parroco <strong>don Sinuhe Marotta<\/strong>, assistito all&#8217;altare dai ministranti di Scodovacca, con l\u2019accompagnamento del Coro parrocchiale San Marco.<\/p>\n<p>Successivamente si \u00e8 tenuto il pranzo comunitario al sacco: secondo la pi\u00f9 genuina tradizione, ognuno ha portato qualcosa da casa che \u00e8 stato poi condiviso.<\/p>\n","protected":false},"excerpt":{"rendered":"<p>Rinnovato il tradizionale pellegrinaggio. Celebrazione in santuario alla presenza di un dipinto realizzato nel 1856<\/p>\n","protected":false},"author":22,"featured_media":67008,"comment_status":"closed","ping_status":"closed","sticky":false,"template":"","format":"image","meta":{"dwc-title":[""],"dwc-content":[""],"footnotes":""},"categories":[5],"tags":[2008,1720,395],"class_list":["post-67007","post","type-post","status-publish","format-image","has-post-thumbnail","hentry","category-attualita","tag-barbana","tag-pellegrinaggio","tag-scodovacca","post_format-post-format-image"],"rttpg_featured_image_url":{"full":["https:\/\/imagazine.it\/wp-content\/uploads\/2025\/07\/pellbarbana-scodovacca-2025-01.jpg",1366,724,false],"landscape":["https:\/\/imagazine.it\/wp-content\/uploads\/2025\/07\/pellbarbana-scodovacca-2025-01.jpg",1366,724,false],"portraits":["https:\/\/imagazine.it\/wp-content\/uploads\/2025\/07\/pellbarbana-scodovacca-2025-01.jpg",1366,724,false],"thumbnail":["https:\/\/imagazine.it\/wp-content\/uploads\/2025\/07\/pellbarbana-scodovacca-2025-01-150x150.jpg",150,150,true],"medium":["https:\/\/imagazine.it\/wp-content\/uploads\/2025\/07\/pellbarbana-scodovacca-2025-01-300x159.jpg",300,159,true],"large":["https:\/\/imagazine.it\/wp-content\/uploads\/2025\/07\/pellbarbana-scodovacca-2025-01-1024x543.jpg",640,339,true],"thumblist":["https:\/\/imagazine.it\/wp-content\/uploads\/2025\/07\/pellbarbana-scodovacca-2025-01-300x300.jpg",300,300,true],"thumbrelated":["https:\/\/imagazine.it\/wp-content\/uploads\/2025\/07\/pellbarbana-scodovacca-2025-01-500x500.jpg",500,500,true],"meccarouselthumb":["https:\/\/imagazine.it\/wp-content\/uploads\/2025\/07\/pellbarbana-scodovacca-2025-01-474x324.jpg",474,324,true],"gridsquare":["https:\/\/imagazine.it\/wp-content\/uploads\/2025\/07\/pellbarbana-scodovacca-2025-01-391x260.jpg",391,260,true],"tileview":["https:\/\/imagazine.it\/wp-content\/uploads\/2025\/07\/pellbarbana-scodovacca-2025-01-300x400.jpg",300,400,true],"1536x1536":["https:\/\/imagazine.it\/wp-content\/uploads\/2025\/07\/pellbarbana-scodovacca-2025-01.jpg",1366,724,false],"2048x2048":["https:\/\/imagazine.it\/wp-content\/uploads\/2025\/07\/pellbarbana-scodovacca-2025-01.jpg",1366,724,false],"newsup-slider-full":["https:\/\/imagazine.it\/wp-content\/uploads\/2025\/07\/pellbarbana-scodovacca-2025-01-1280x720.jpg",1280,720,true],"newsup-featured":["https:\/\/imagazine.it\/wp-content\/uploads\/2025\/07\/pellbarbana-scodovacca-2025-01-1024x543.jpg",1024,543,true],"newsup-medium":["https:\/\/imagazine.it\/wp-content\/uploads\/2025\/07\/pellbarbana-scodovacca-2025-01-720x380.jpg",720,380,true],"tptn_thumbnail":["https:\/\/imagazine.it\/wp-content\/uploads\/2025\/07\/pellbarbana-scodovacca-2025-01-250x210.jpg",250,210,true],"sow-carousel-default":["https:\/\/imagazine.it\/wp-content\/uploads\/2025\/07\/pellbarbana-scodovacca-2025-01-272x182.jpg",272,182,true]},"rttpg_author":{"display_name":"Livio Nonis","author_link":"https:\/\/imagazine.it\/home_desk\/author\/nonis\/"},"rttpg_comment":0,"rttpg_category":"<a href=\"https:\/\/imagazine.it\/home_desk\/category\/attualita\/\" rel=\"category tag\">ATTUALIT\u00c0<\/a>","rttpg_excerpt":"Rinnovato il tradizionale pellegrinaggio. Celebrazione in santuario alla presenza di un dipinto realizzato nel 1856","_links":{"self":[{"href":"https:\/\/imagazine.it\/home_desk\/wp-json\/wp\/v2\/posts\/67007","targetHints":{"allow":["GET"]}}],"collection":[{"href":"https:\/\/imagazine.it\/home_desk\/wp-json\/wp\/v2\/posts"}],"about":[{"href":"https:\/\/imagazine.it\/home_desk\/wp-json\/wp\/v2\/types\/post"}],"author":[{"embeddable":true,"href":"https:\/\/imagazine.it\/home_desk\/wp-json\/wp\/v2\/users\/22"}],"replies":[{"embeddable":true,"href":"https:\/\/imagazine.it\/home_desk\/wp-json\/wp\/v2\/comments?post=67007"}],"version-history":[{"count":0,"href":"https:\/\/imagazine.it\/home_desk\/wp-json\/wp\/v2\/posts\/67007\/revisions"}],"wp:featuredmedia":[{"embeddable":true,"href":"https:\/\/imagazine.it\/home_desk\/wp-json\/wp\/v2\/media\/67008"}],"wp:attachment":[{"href":"https:\/\/imagazine.it\/home_desk\/wp-json\/wp\/v2\/media?parent=67007"}],"wp:term":[{"taxonomy":"category","embeddable":true,"href":"https:\/\/imagazine.it\/home_desk\/wp-json\/wp\/v2\/categories?post=67007"},{"taxonomy":"post_tag","embeddable":true,"href":"https:\/\/imagazine.it\/home_desk\/wp-json\/wp\/v2\/tags?post=67007"}],"curies":[{"name":"wp","href":"https:\/\/api.w.org\/{rel}","templated":true}]}}