{"id":66969,"date":"2025-07-21T18:12:46","date_gmt":"2025-07-21T16:12:46","guid":{"rendered":"https:\/\/imagazine.it\/home_desk\/?p=66969"},"modified":"2025-07-24T18:20:23","modified_gmt":"2025-07-24T16:20:23","slug":"ruda-condivide-il-futuro-delloratorio","status":"publish","type":"post","link":"https:\/\/imagazine.it\/home_desk\/ruda-condivide-il-futuro-delloratorio\/","title":{"rendered":"Ruda condivide il futuro dell&#8217;oratorio"},"content":{"rendered":"<p><span style=\"font-size: 10pt;\"><em>Un momento della serata<\/em><\/span><\/p>\n<p>RUDA \u2013 L\u2019amministratore parrocchiale <strong>don Manuel Millo<\/strong> ha radunato una sessantina di persone all&#8217;interno dell&#8217;oratorio intitolato a don Valeriano Lepre. L&#8217;atmosfera era vivace e serena, con famiglie, bambini, volontari e catechisti che si sono ritrovati attorno a un tavolo per una cena condivisa: un momento non solo di convivialit\u00e0, ma anche di riflessione.<\/p>\n<p>L&#8217;obiettivo dell&#8217;incontro, infatti, era fare il punto sulla situazione attuale dell&#8217;oratorio e tracciare le linee guida per il suo futuro.<\/p>\n<p>L&#8217;evento ha offerto l&#8217;opportunit\u00e0 di ripercorrere la storia di questo luogo, un vero e proprio &#8220;focolare&#8221; per la comunit\u00e0.<\/p>\n<p>Come ha sottolineato don Millo, l&#8217;oratorio non \u00e8 stato costruito solo con mattoni e cemento, ma con l&#8217;ambizione profonda di edificare la Chiesa di domani. La sua funzione trascende il semplice spazio fisico: \u00e8 un crocevia di vite, un punto di riferimento per la crescita spirituale e umana, dove si intrecciano le storie di bambini, ragazzi e adulti.<\/p>\n<p>Questa visione lungimirante \u00e8 merito di <strong>don Francesco Plet<\/strong>, che ha voluto fortemente la realizzazione di quest&#8217;opera.<\/p>\n<p>L&#8217;oratorio rappresenta la sua eredit\u00e0 pi\u00f9 autentica: un luogo vivo, che continua a formare i cristiani di oggi per renderli protagonisti della comunit\u00e0 del futuro.<\/p>\n","protected":false},"excerpt":{"rendered":"<p>Famiglie, bambini, volontari e catechisti si sono ritrovati assieme per tracciare le linee guida con cui valorizzare la struttura<\/p>\n","protected":false},"author":22,"featured_media":66970,"comment_status":"closed","ping_status":"closed","sticky":false,"template":"","format":"image","meta":{"dwc-title":[""],"dwc-content":[""],"footnotes":""},"categories":[5],"tags":[198,330,83,212],"class_list":["post-66969","post","type-post","status-publish","format-image","has-post-thumbnail","hentry","category-attualita","tag-educazione","tag-famiglie","tag-giovani","tag-ruda","post_format-post-format-image"],"rttpg_featured_image_url":{"full":["https:\/\/imagazine.it\/wp-content\/uploads\/2025\/07\/incontro-oratorio-scaled.jpg",2560,1629,false],"landscape":["https:\/\/imagazine.it\/wp-content\/uploads\/2025\/07\/incontro-oratorio-scaled.jpg",2560,1629,false],"portraits":["https:\/\/imagazine.it\/wp-content\/uploads\/2025\/07\/incontro-oratorio-scaled.jpg",2560,1629,false],"thumbnail":["https:\/\/imagazine.it\/wp-content\/uploads\/2025\/07\/incontro-oratorio-150x150.jpg",150,150,true],"medium":["https:\/\/imagazine.it\/wp-content\/uploads\/2025\/07\/incontro-oratorio-300x191.jpg",300,191,true],"large":["https:\/\/imagazine.it\/wp-content\/uploads\/2025\/07\/incontro-oratorio-1024x652.jpg",640,408,true],"thumblist":["https:\/\/imagazine.it\/wp-content\/uploads\/2025\/07\/incontro-oratorio-300x300.jpg",300,300,true],"thumbrelated":["https:\/\/imagazine.it\/wp-content\/uploads\/2025\/07\/incontro-oratorio-500x500.jpg",500,500,true],"meccarouselthumb":["https:\/\/imagazine.it\/wp-content\/uploads\/2025\/07\/incontro-oratorio-474x324.jpg",474,324,true],"gridsquare":["https:\/\/imagazine.it\/wp-content\/uploads\/2025\/07\/incontro-oratorio-391x260.jpg",391,260,true],"tileview":["https:\/\/imagazine.it\/wp-content\/uploads\/2025\/07\/incontro-oratorio-300x400.jpg",300,400,true],"1536x1536":["https:\/\/imagazine.it\/wp-content\/uploads\/2025\/07\/incontro-oratorio-1536x978.jpg",1536,978,true],"2048x2048":["https:\/\/imagazine.it\/wp-content\/uploads\/2025\/07\/incontro-oratorio-2048x1303.jpg",2048,1303,true],"newsup-slider-full":["https:\/\/imagazine.it\/wp-content\/uploads\/2025\/07\/incontro-oratorio-1280x720.jpg",1280,720,true],"newsup-featured":["https:\/\/imagazine.it\/wp-content\/uploads\/2025\/07\/incontro-oratorio-1024x652.jpg",1024,652,true],"newsup-medium":["https:\/\/imagazine.it\/wp-content\/uploads\/2025\/07\/incontro-oratorio-720x380.jpg",720,380,true],"tptn_thumbnail":["https:\/\/imagazine.it\/wp-content\/uploads\/2025\/07\/incontro-oratorio-250x210.jpg",250,210,true],"sow-carousel-default":["https:\/\/imagazine.it\/wp-content\/uploads\/2025\/07\/incontro-oratorio-272x182.jpg",272,182,true]},"rttpg_author":{"display_name":"Livio Nonis","author_link":"https:\/\/imagazine.it\/home_desk\/author\/nonis\/"},"rttpg_comment":0,"rttpg_category":"<a href=\"https:\/\/imagazine.it\/home_desk\/category\/attualita\/\" rel=\"category tag\">ATTUALIT\u00c0<\/a>","rttpg_excerpt":"Famiglie, bambini, volontari e catechisti si sono ritrovati assieme per tracciare le linee guida con cui valorizzare la struttura","_links":{"self":[{"href":"https:\/\/imagazine.it\/home_desk\/wp-json\/wp\/v2\/posts\/66969","targetHints":{"allow":["GET"]}}],"collection":[{"href":"https:\/\/imagazine.it\/home_desk\/wp-json\/wp\/v2\/posts"}],"about":[{"href":"https:\/\/imagazine.it\/home_desk\/wp-json\/wp\/v2\/types\/post"}],"author":[{"embeddable":true,"href":"https:\/\/imagazine.it\/home_desk\/wp-json\/wp\/v2\/users\/22"}],"replies":[{"embeddable":true,"href":"https:\/\/imagazine.it\/home_desk\/wp-json\/wp\/v2\/comments?post=66969"}],"version-history":[{"count":0,"href":"https:\/\/imagazine.it\/home_desk\/wp-json\/wp\/v2\/posts\/66969\/revisions"}],"wp:featuredmedia":[{"embeddable":true,"href":"https:\/\/imagazine.it\/home_desk\/wp-json\/wp\/v2\/media\/66970"}],"wp:attachment":[{"href":"https:\/\/imagazine.it\/home_desk\/wp-json\/wp\/v2\/media?parent=66969"}],"wp:term":[{"taxonomy":"category","embeddable":true,"href":"https:\/\/imagazine.it\/home_desk\/wp-json\/wp\/v2\/categories?post=66969"},{"taxonomy":"post_tag","embeddable":true,"href":"https:\/\/imagazine.it\/home_desk\/wp-json\/wp\/v2\/tags?post=66969"}],"curies":[{"name":"wp","href":"https:\/\/api.w.org\/{rel}","templated":true}]}}