{"id":66962,"date":"2025-07-24T17:56:29","date_gmt":"2025-07-24T15:56:29","guid":{"rendered":"https:\/\/imagazine.it\/home_desk\/?p=66962"},"modified":"2025-07-24T17:56:29","modified_gmt":"2025-07-24T15:56:29","slug":"dallindia-al-friuli-sui-passi-della-fede","status":"publish","type":"post","link":"https:\/\/imagazine.it\/home_desk\/dallindia-al-friuli-sui-passi-della-fede\/","title":{"rendered":"Dall&#8217;India al Friuli sui passi della fede"},"content":{"rendered":"<p><span style=\"font-size: 10pt;\"><em>Bhanu Yeswanth Kumar Marlapati insieme a don Manuel Millo in canonica a Cervignano<\/em><\/span><\/p>\n<p>CERVIGNANO DEL FRIULI \u2013 Il sacerdote <strong>Bhanu Yeswanth Kumar Marlapati<\/strong>, proveniente dalla parrocchia di Bhyravapatnam, diocesi di Vijayawada, Andhra Pradesh (India del sud), \u00e8 ospite da alcuni giorni della Parrocchia di San Michele Arcangelo a Cervignano.<\/p>\n<p>Bhanu Yeswanth \u00e8 in Italia per completare i suoi studi di Teologia Biblica presso la Pontificia Universit\u00e0 Urbaniana di Roma.<\/p>\n<p>Durante il periodo estivo, supporter\u00e0 i sacerdoti locali nei vari servizi di culto.<\/p>\n<p>Lo abbiamo incontrato per conoscerlo meglio e presentarlo a tutti coloro che sono incuriositi dalla sua presenza.<\/p>\n<p><strong>Potrebbe raccontarci qualcosa del suo percorso spirituale che l&#8217;ha portata a diventare sacerdote?<\/strong><\/p>\n<p>\u201cLa mia famiglia \u00e8 stata la prima nel nostro villaggio ad abbracciare il cattolicesimo nel 1900. Mio padre era un catechista che aiutava i sacerdoti della parrocchia. La mia formazione cattolica \u00e8 stata il fondamento della mia vocazione al sacerdozio. Fin dall\u2019et\u00e0 di 7 anni ho vissuto in un oratorio con un sacerdote del Kerala (padre Sebastian Kottoor), insieme a mio fratello, poich\u00e9 nel nostro villaggio non c\u2019era una scuola. Vivendo con il sacerdote, ho studiato in una scuola cattolica gestita dalle Suore Orsoline a Kaikalur, e questa esperienza mi ha ispirato a diventare sacerdote\u201d.<\/p>\n<p><strong>Qual \u00e8 la prima impressione che ha avuto di Cervignano e dei suoi abitanti?<\/strong><\/p>\n<p>\u201cAnche se sono qui solo da pochi giorni, mi sono gi\u00e0 innamorato di questo posto. \u00c8 la mia prima visita a Cervignano. Dopo aver sempre studiato nella citt\u00e0 attiva e frenetica di Roma, Cervignano mi ha regalato una ventata di silenzio e pace. Sono stato accolto calorosamente dal parroco don Sinuhe, dalle suore e dai parrocchiani. Come sacerdote migrante in Italia, che sta imparando la lingua e la cultura, niente d\u00e0 pi\u00f9 coraggio della comprensione e del sostegno del popolo italiano\u201d.<\/p>\n<p><strong>C&#8217;\u00e8 qualcosa in particolare che le piacerebbe vedere o fare durante il suo soggiorno qui?<\/strong><\/p>\n<p>\u201cNel mio Paese, la mia diocesi si trova lungo la costa. Quindi, sapere che qui il mare \u00e8 vicino mi fa sentire a casa. Imparare qualcosa sulle lingue \u00e8 stata un\u2019altra scoperta interessante, una cosa che non avevo mai incontrato nei miei primi sei mesi a Roma. Per ora ho imparato la parola \u201c<em>Mandi<\/em>\u201d e mi \u00e8 stato detto che deriva dal latino \u201c<em>Manus Dei<\/em>\u201d, che significa \u201c<em>Che Dio ti tenga nella Sua mano<\/em>\u201d. Mi piacerebbe conoscere meglio la lingua locale e la cultura del posto\u201d.<\/p>\n<p><strong>Cosa spera di portare via da questa esperienza in Italia, sia a livello personale che spirituale?<\/strong><\/p>\n<p>\u201cAvere l\u2019opportunit\u00e0 di studiare a Roma \u00e8 gi\u00e0 una benedizione, e la considero un dono sia per la mia vita pastorale che spirituale. Non dimenticher\u00f2 mai l\u2019esperienza di aver assistito da vicino al funerale di Papa Francesco, al conclave e all\u2019elezione di Papa Leone. Personalmente, come giovane sacerdote proveniente da un paese di missione, ho molto da imparare dalla vita dei sacerdoti pi\u00f9 anziani di un paese tradizionalmente cattolico come l\u2019Italia, soprattutto nel modo in cui organizzano il loro ministero. Ci sono anche molte iniziative pastorali e comunitarie che si potrebbero adattare nelle nostre parrocchie, tenendo conto delle sfide di oggi\u201d.<\/p>\n<p><strong>Qual \u00e8 l&#8217;aspetto pi\u00f9 gratificante del suo ministero e quali sono le sfide principali che affronta?<\/strong><\/p>\n<p>\u201cNella mia esperienza pastorale finora l\u2019aspetto pi\u00f9 gratificante \u00e8 stato vedere quanto i laici cattolici partecipino attivamente e sostengano i loro sacerdoti e la vita parrocchiale. Questo \u00e8 in contrasto con il mio paese, dove c\u2019\u00e8 ancora molta dipendenza dal sacerdote, anche se le cose stanno lentamente cambiando in alcune citt\u00e0 pi\u00f9 istruite e sviluppate. Una delle principali crisi che minacciano la societ\u00e0 e la Chiesa \u00e8 l\u2019indebolimento della vita matrimoniale. In un paese dove il cinquantesimo anniversario di matrimonio \u00e8 celebrato con tanta gioia, fa male vedere l\u2019istituzione del matrimonio minata da divorzi e convivenze. Purtroppo vedo questa realt\u00e0 insinuarsi lentamente anche nel nostro paese. Salvare la santit\u00e0 del matrimonio significa salvare la moralit\u00e0, i figli, la famiglia, la societ\u00e0, la Chiesa e il futuro dell\u2019umanit\u00e0\u201d.<\/p>\n<p><strong>Quali sono le sue aspettative per questo periodo di permanenza in Italia e a Cervignano?<\/strong><\/p>\n<p>\u201cCredo semplicemente che questa sia una grande opportunit\u00e0 per incontrare, vivere e imparare come si vive la fede \u2014 specificamente a Cervignano (o dovunque sar\u00f2 inviato in seguito) e in generale in Italia \u2014 durante gli anni dei miei studi. Spero che ci\u00f2 che imparer\u00f2 qui mi arricchisca personalmente e, se possibile, possa servire in qualche modo per il bene della mia diocesi d\u2019origine\u201d.<\/p>\n","protected":false},"excerpt":{"rendered":"<p>Il sacerdote Bhanu Yeswanth Kumar Marlapati ospite a Cervignano durante il periodo estivo: &#8220;Bello vedere i laici cattolici cos\u00ec attivi&#8221;<\/p>\n","protected":false},"author":22,"featured_media":66963,"comment_status":"closed","ping_status":"closed","sticky":false,"template":"","format":"image","meta":{"dwc-title":[""],"dwc-content":[""],"footnotes":""},"categories":[5],"tags":[119,939,3506],"class_list":["post-66962","post","type-post","status-publish","format-image","has-post-thumbnail","hentry","category-attualita","tag-cervignano","tag-chiesa","tag-india","post_format-post-format-image"],"rttpg_featured_image_url":{"full":["https:\/\/imagazine.it\/wp-content\/uploads\/2025\/07\/Bhanu-Yeswanth-Kumar-Marlapati-03.jpg",1366,854,false],"landscape":["https:\/\/imagazine.it\/wp-content\/uploads\/2025\/07\/Bhanu-Yeswanth-Kumar-Marlapati-03.jpg",1366,854,false],"portraits":["https:\/\/imagazine.it\/wp-content\/uploads\/2025\/07\/Bhanu-Yeswanth-Kumar-Marlapati-03.jpg",1366,854,false],"thumbnail":["https:\/\/imagazine.it\/wp-content\/uploads\/2025\/07\/Bhanu-Yeswanth-Kumar-Marlapati-03-150x150.jpg",150,150,true],"medium":["https:\/\/imagazine.it\/wp-content\/uploads\/2025\/07\/Bhanu-Yeswanth-Kumar-Marlapati-03-300x188.jpg",300,188,true],"large":["https:\/\/imagazine.it\/wp-content\/uploads\/2025\/07\/Bhanu-Yeswanth-Kumar-Marlapati-03-1024x640.jpg",640,400,true],"thumblist":["https:\/\/imagazine.it\/wp-content\/uploads\/2025\/07\/Bhanu-Yeswanth-Kumar-Marlapati-03-300x300.jpg",300,300,true],"thumbrelated":["https:\/\/imagazine.it\/wp-content\/uploads\/2025\/07\/Bhanu-Yeswanth-Kumar-Marlapati-03-500x500.jpg",500,500,true],"meccarouselthumb":["https:\/\/imagazine.it\/wp-content\/uploads\/2025\/07\/Bhanu-Yeswanth-Kumar-Marlapati-03-474x324.jpg",474,324,true],"gridsquare":["https:\/\/imagazine.it\/wp-content\/uploads\/2025\/07\/Bhanu-Yeswanth-Kumar-Marlapati-03-391x260.jpg",391,260,true],"tileview":["https:\/\/imagazine.it\/wp-content\/uploads\/2025\/07\/Bhanu-Yeswanth-Kumar-Marlapati-03-300x400.jpg",300,400,true],"1536x1536":["https:\/\/imagazine.it\/wp-content\/uploads\/2025\/07\/Bhanu-Yeswanth-Kumar-Marlapati-03.jpg",1366,854,false],"2048x2048":["https:\/\/imagazine.it\/wp-content\/uploads\/2025\/07\/Bhanu-Yeswanth-Kumar-Marlapati-03.jpg",1366,854,false],"newsup-slider-full":["https:\/\/imagazine.it\/wp-content\/uploads\/2025\/07\/Bhanu-Yeswanth-Kumar-Marlapati-03-1280x720.jpg",1280,720,true],"newsup-featured":["https:\/\/imagazine.it\/wp-content\/uploads\/2025\/07\/Bhanu-Yeswanth-Kumar-Marlapati-03-1024x640.jpg",1024,640,true],"newsup-medium":["https:\/\/imagazine.it\/wp-content\/uploads\/2025\/07\/Bhanu-Yeswanth-Kumar-Marlapati-03-720x380.jpg",720,380,true],"tptn_thumbnail":["https:\/\/imagazine.it\/wp-content\/uploads\/2025\/07\/Bhanu-Yeswanth-Kumar-Marlapati-03-250x210.jpg",250,210,true],"sow-carousel-default":["https:\/\/imagazine.it\/wp-content\/uploads\/2025\/07\/Bhanu-Yeswanth-Kumar-Marlapati-03-272x182.jpg",272,182,true]},"rttpg_author":{"display_name":"Livio Nonis","author_link":"https:\/\/imagazine.it\/home_desk\/author\/nonis\/"},"rttpg_comment":0,"rttpg_category":"<a href=\"https:\/\/imagazine.it\/home_desk\/category\/attualita\/\" rel=\"category tag\">ATTUALIT\u00c0<\/a>","rttpg_excerpt":"Il sacerdote Bhanu Yeswanth Kumar Marlapati ospite a Cervignano durante il periodo estivo: \"Bello vedere i laici cattolici cos\u00ec attivi\"","_links":{"self":[{"href":"https:\/\/imagazine.it\/home_desk\/wp-json\/wp\/v2\/posts\/66962","targetHints":{"allow":["GET"]}}],"collection":[{"href":"https:\/\/imagazine.it\/home_desk\/wp-json\/wp\/v2\/posts"}],"about":[{"href":"https:\/\/imagazine.it\/home_desk\/wp-json\/wp\/v2\/types\/post"}],"author":[{"embeddable":true,"href":"https:\/\/imagazine.it\/home_desk\/wp-json\/wp\/v2\/users\/22"}],"replies":[{"embeddable":true,"href":"https:\/\/imagazine.it\/home_desk\/wp-json\/wp\/v2\/comments?post=66962"}],"version-history":[{"count":0,"href":"https:\/\/imagazine.it\/home_desk\/wp-json\/wp\/v2\/posts\/66962\/revisions"}],"wp:featuredmedia":[{"embeddable":true,"href":"https:\/\/imagazine.it\/home_desk\/wp-json\/wp\/v2\/media\/66963"}],"wp:attachment":[{"href":"https:\/\/imagazine.it\/home_desk\/wp-json\/wp\/v2\/media?parent=66962"}],"wp:term":[{"taxonomy":"category","embeddable":true,"href":"https:\/\/imagazine.it\/home_desk\/wp-json\/wp\/v2\/categories?post=66962"},{"taxonomy":"post_tag","embeddable":true,"href":"https:\/\/imagazine.it\/home_desk\/wp-json\/wp\/v2\/tags?post=66962"}],"curies":[{"name":"wp","href":"https:\/\/api.w.org\/{rel}","templated":true}]}}