{"id":66943,"date":"2025-07-24T12:33:39","date_gmt":"2025-07-24T10:33:39","guid":{"rendered":"https:\/\/imagazine.it\/home_desk\/?p=66943"},"modified":"2025-07-24T12:33:39","modified_gmt":"2025-07-24T10:33:39","slug":"la-solidarieta-di-grado-per-la-costa-davorio","status":"publish","type":"post","link":"https:\/\/imagazine.it\/home_desk\/la-solidarieta-di-grado-per-la-costa-davorio\/","title":{"rendered":"La solidariet\u00e0 di Grado per la Costa d&#8217;Avorio"},"content":{"rendered":"<p><span style=\"font-size: 10pt;\"><em>La mostra missionaria a Grado<\/em><\/span><\/p>\n<p>GRADO \u2013 Nella cornice della <strong>ex chiesa di San Rocco<\/strong>, situata nell&#8217;omonimo e storico rione, il <strong>Gruppo Missionario<\/strong> allestisce ogni estate la <strong>Mostra Missionaria<\/strong>. Quest&#8217;iniziativa non \u00e8 solo un\u2019esposizione, ma offre l&#8217;opportunit\u00e0 di contribuire a nobili cause.<\/p>\n<p>Si pu\u00f2 infatti curiosare tra i banchi allestiti, ricchi di oggetti artigianali, prodotti tipici e curiosit\u00e0, dove sar\u00e0 possibile trovare vari lavori fatti a mano, centrotavola, tovaglie, presine all&#8217;uncinetto, biancheria per la casa, ma anche soprammobili, servizi da tavola, quadri, libri e molto altro ancora.<\/p>\n<p>Tutto il ricavato andr\u00e0 a sostegno delle Opere Missionarie diocesane a <strong>Bouak\u00e9<\/strong>, in <strong>Costa d\u2019Avorio<\/strong>.<\/p>\n<p>Il mercatino \u00e8 aperto ogni sera, senza interruzioni, dalle 20.30 alle 23; \u00e8 prevista un&#8217;apertura straordinaria la domenica mattina.<\/p>\n<figure id=\"attachment_66944\" aria-describedby=\"caption-attachment-66944\" style=\"width: 800px\" class=\"wp-caption aligncenter\"><img loading=\"lazy\" decoding=\"async\" class=\"size-full wp-image-66944\" src=\"https:\/\/imagazine.it\/wp-content\/uploads\/2025\/07\/mostra-missionaria-2025-04.jpg\" alt=\"\" width=\"800\" height=\"691\" title=\"\" srcset=\"https:\/\/imagazine.it\/wp-content\/uploads\/2025\/07\/mostra-missionaria-2025-04.jpg 800w, https:\/\/imagazine.it\/wp-content\/uploads\/2025\/07\/mostra-missionaria-2025-04-300x259.jpg 300w, https:\/\/imagazine.it\/wp-content\/uploads\/2025\/07\/mostra-missionaria-2025-04-768x663.jpg 768w\" sizes=\"auto, (max-width: 800px) 100vw, 800px\" \/><figcaption id=\"caption-attachment-66944\" class=\"wp-caption-text\">L&#8217;ex chiesa di San Rocco dove \u00e8 allestita la mostra missionaria<\/figcaption><\/figure>\n<p>Alcune signore volontarie, che operano da oltre quarant&#8217;anni in questa struttura, ricordano che tutto \u00e8 partito negli anni &#8217;60, quando a Grado arriv\u00f2 Raoul Follereau, giornalista, poeta e filantropo francese noto per il suo impegno a favore dei malati di lebbra.<\/p>\n<p>Durante una conferenza, Follereau spieg\u00f2 in modo molto realistico tutte le problematiche di queste persone. Fu cos\u00ec concreto e toccante che, pochi giorni dopo, inizi\u00f2 una raccolta di lenzuola con le quali vennero confezionate bende per i malati. Questo input diede vita a quello che poi divenne il mercatino.<\/p>\n<p>Negli anni &#8217;70 ci fu un vero e proprio boom di iniziative, tanto che si pens\u00f2 di aiutare le popolazioni africane, anche perch\u00e9, in quel periodo, l&#8217;arcidiocesi aveva iniziato a mandare missionari in Costa d&#8217;Avorio, quindi si decise di supportare direttamente quelle popolazioni.<\/p>\n<figure id=\"attachment_66945\" aria-describedby=\"caption-attachment-66945\" style=\"width: 800px\" class=\"wp-caption aligncenter\"><img loading=\"lazy\" decoding=\"async\" class=\"size-full wp-image-66945\" src=\"https:\/\/imagazine.it\/wp-content\/uploads\/2025\/07\/mostra-missionaria-2025-03.jpg\" alt=\"\" width=\"800\" height=\"600\" title=\"\" srcset=\"https:\/\/imagazine.it\/wp-content\/uploads\/2025\/07\/mostra-missionaria-2025-03.jpg 800w, https:\/\/imagazine.it\/wp-content\/uploads\/2025\/07\/mostra-missionaria-2025-03-300x225.jpg 300w, https:\/\/imagazine.it\/wp-content\/uploads\/2025\/07\/mostra-missionaria-2025-03-768x576.jpg 768w\" sizes=\"auto, (max-width: 800px) 100vw, 800px\" \/><figcaption id=\"caption-attachment-66945\" class=\"wp-caption-text\">L&#8217;allestimento interno<\/figcaption><\/figure>\n<p>Dopo tanti anni, l&#8217;impegno non \u00e8 mai scemato: le volontarie dedicano molto del loro tempo a preparare e a selezionare con cura gli oggetti che verranno esposti e venduti. La loro dedizione \u00e8 il cuore pulsante di questa iniziativa, garantendo che ogni pezzo esposto contribuisca direttamente al sostegno delle missioni.<\/p>\n<p>Il mercatino \u00e8, infatti, un simbolo vivente di solidariet\u00e0 e un punto di riferimento, pronto ad accogliere chiunque desideri dare il proprio contributo.<\/p>\n","protected":false},"excerpt":{"rendered":"<p>Nell&#8217;ex chiesa di San Rocco allestita la Mostra Missionaria per raccogliere fondi in favore delle opere diocesane nel paese africano<\/p>\n","protected":false},"author":22,"featured_media":66946,"comment_status":"closed","ping_status":"closed","sticky":false,"template":"","format":"image","meta":{"dwc-title":[""],"dwc-content":[""],"footnotes":""},"categories":[5],"tags":[1761,146,939,174,1760,145],"class_list":["post-66943","post","type-post","status-publish","format-image","has-post-thumbnail","hentry","category-attualita","tag-africa","tag-beneficenza","tag-chiesa","tag-grado","tag-missioni","tag-solidarieta","post_format-post-format-image"],"rttpg_featured_image_url":{"full":["https:\/\/imagazine.it\/wp-content\/uploads\/2025\/07\/mostra-missionaria-2025-02.jpg",1366,798,false],"landscape":["https:\/\/imagazine.it\/wp-content\/uploads\/2025\/07\/mostra-missionaria-2025-02.jpg",1366,798,false],"portraits":["https:\/\/imagazine.it\/wp-content\/uploads\/2025\/07\/mostra-missionaria-2025-02.jpg",1366,798,false],"thumbnail":["https:\/\/imagazine.it\/wp-content\/uploads\/2025\/07\/mostra-missionaria-2025-02-150x150.jpg",150,150,true],"medium":["https:\/\/imagazine.it\/wp-content\/uploads\/2025\/07\/mostra-missionaria-2025-02-300x175.jpg",300,175,true],"large":["https:\/\/imagazine.it\/wp-content\/uploads\/2025\/07\/mostra-missionaria-2025-02-1024x598.jpg",640,374,true],"thumblist":["https:\/\/imagazine.it\/wp-content\/uploads\/2025\/07\/mostra-missionaria-2025-02-300x300.jpg",300,300,true],"thumbrelated":["https:\/\/imagazine.it\/wp-content\/uploads\/2025\/07\/mostra-missionaria-2025-02-500x500.jpg",500,500,true],"meccarouselthumb":["https:\/\/imagazine.it\/wp-content\/uploads\/2025\/07\/mostra-missionaria-2025-02-474x324.jpg",474,324,true],"gridsquare":["https:\/\/imagazine.it\/wp-content\/uploads\/2025\/07\/mostra-missionaria-2025-02-391x260.jpg",391,260,true],"tileview":["https:\/\/imagazine.it\/wp-content\/uploads\/2025\/07\/mostra-missionaria-2025-02-300x400.jpg",300,400,true],"1536x1536":["https:\/\/imagazine.it\/wp-content\/uploads\/2025\/07\/mostra-missionaria-2025-02.jpg",1366,798,false],"2048x2048":["https:\/\/imagazine.it\/wp-content\/uploads\/2025\/07\/mostra-missionaria-2025-02.jpg",1366,798,false],"newsup-slider-full":["https:\/\/imagazine.it\/wp-content\/uploads\/2025\/07\/mostra-missionaria-2025-02-1280x720.jpg",1280,720,true],"newsup-featured":["https:\/\/imagazine.it\/wp-content\/uploads\/2025\/07\/mostra-missionaria-2025-02-1024x598.jpg",1024,598,true],"newsup-medium":["https:\/\/imagazine.it\/wp-content\/uploads\/2025\/07\/mostra-missionaria-2025-02-720x380.jpg",720,380,true],"tptn_thumbnail":["https:\/\/imagazine.it\/wp-content\/uploads\/2025\/07\/mostra-missionaria-2025-02-250x210.jpg",250,210,true],"sow-carousel-default":["https:\/\/imagazine.it\/wp-content\/uploads\/2025\/07\/mostra-missionaria-2025-02-272x182.jpg",272,182,true]},"rttpg_author":{"display_name":"Livio Nonis","author_link":"https:\/\/imagazine.it\/home_desk\/author\/nonis\/"},"rttpg_comment":0,"rttpg_category":"<a href=\"https:\/\/imagazine.it\/home_desk\/category\/attualita\/\" rel=\"category tag\">ATTUALIT\u00c0<\/a>","rttpg_excerpt":"Nell'ex chiesa di San Rocco allestita la Mostra Missionaria per raccogliere fondi in favore delle opere diocesane nel paese africano","_links":{"self":[{"href":"https:\/\/imagazine.it\/home_desk\/wp-json\/wp\/v2\/posts\/66943","targetHints":{"allow":["GET"]}}],"collection":[{"href":"https:\/\/imagazine.it\/home_desk\/wp-json\/wp\/v2\/posts"}],"about":[{"href":"https:\/\/imagazine.it\/home_desk\/wp-json\/wp\/v2\/types\/post"}],"author":[{"embeddable":true,"href":"https:\/\/imagazine.it\/home_desk\/wp-json\/wp\/v2\/users\/22"}],"replies":[{"embeddable":true,"href":"https:\/\/imagazine.it\/home_desk\/wp-json\/wp\/v2\/comments?post=66943"}],"version-history":[{"count":0,"href":"https:\/\/imagazine.it\/home_desk\/wp-json\/wp\/v2\/posts\/66943\/revisions"}],"wp:featuredmedia":[{"embeddable":true,"href":"https:\/\/imagazine.it\/home_desk\/wp-json\/wp\/v2\/media\/66946"}],"wp:attachment":[{"href":"https:\/\/imagazine.it\/home_desk\/wp-json\/wp\/v2\/media?parent=66943"}],"wp:term":[{"taxonomy":"category","embeddable":true,"href":"https:\/\/imagazine.it\/home_desk\/wp-json\/wp\/v2\/categories?post=66943"},{"taxonomy":"post_tag","embeddable":true,"href":"https:\/\/imagazine.it\/home_desk\/wp-json\/wp\/v2\/tags?post=66943"}],"curies":[{"name":"wp","href":"https:\/\/api.w.org\/{rel}","templated":true}]}}