{"id":66936,"date":"2025-07-20T18:16:40","date_gmt":"2025-07-20T16:16:40","guid":{"rendered":"https:\/\/imagazine.it\/home_desk\/?p=66936"},"modified":"2025-07-23T18:22:44","modified_gmt":"2025-07-23T16:22:44","slug":"sulle-tracce-di-emma-di-gurk","status":"publish","type":"post","link":"https:\/\/imagazine.it\/home_desk\/sulle-tracce-di-emma-di-gurk\/","title":{"rendered":"Sulle tracce di Emma di Gurk"},"content":{"rendered":"<p>CERVIGNANO DEL FRIULI \u2013 Pellegrinaggio della <strong>Comunit\u00e0 Pastorale Bassa Friulana<\/strong> in Carinzia alla scoperta della figura di Emma di Gurk, vissuta a cavallo dell\u2019anno 1000.<\/p>\n<p>Dopo aver perduto il marito e i figli, Emma impieg\u00f2 le sue sostanze per i poveri e per la Chiesa, in opere di carit\u00e0 e nella costruzione di monasteri, e si dedic\u00f2 interamente al bene del prossimo fino alla morte, nel 1045.<\/p>\n<p>Prima di raggiungere la meta prefissata, il maestoso Duomo di Gurk, la comitiva coordinata dal parroco <strong>don Sinuhe Marotta<\/strong> ha visitato Friesach con il suo caratteristico centro storico e i castelli e chiese circostanti.<\/p>\n<p>Il Duomo di Gurk, capolavoro romanico austriaco costruito tra il 1140 e il 1200, \u00e8 considerato uno dei pi\u00f9 importanti esempi in Europa ed ospita la tomba di Santa Hemma. L&#8217;altare maggiore barocco (1626-1632), opera di Maichel Hoenel, \u00e8 un tripudio di sculture dorate, con la statua della Vergine al centro.<\/p>\n<p>La chiesa vanta altri altari, sculture e affreschi, inclusa la notevole Bischofskapelle con affreschi del XIII secolo (Zackenstil) raffiguranti la storia di Adamo ed Eva, il Paradiso Terrestre e la Gerusalemme Celeste.<\/p>\n<p>Nel nartece esterno del XIV secolo si trovano affreschi biblici influenzati da Giotto e un portale romanico del 1190.<\/p>\n<p>Il pranzo in un locale tipico del luogo ha coronato la giornata, condita dalla preghiera all\u2019andata e al ritorno in pullman.<\/p>\n","protected":false},"excerpt":{"rendered":"<p>Visita in Carinzia per la Comunit\u00e0 Pastorale Bassa Friulana. Ripercorse le gesta della donna che impieg\u00f2 le sue sostanze per i poveri e per la Chiesa<\/p>\n","protected":false},"author":22,"featured_media":66937,"comment_status":"closed","ping_status":"closed","sticky":false,"template":"","format":"image","meta":{"dwc-title":[""],"dwc-content":[""],"footnotes":""},"categories":[5],"tags":[1897,119,151],"class_list":["post-66936","post","type-post","status-publish","format-image","has-post-thumbnail","hentry","category-attualita","tag-carinzia","tag-cervignano","tag-viaggi","post_format-post-format-image"],"rttpg_featured_image_url":{"full":["https:\/\/imagazine.it\/wp-content\/uploads\/2025\/07\/emma-gurk-01a.jpg",1366,745,false],"landscape":["https:\/\/imagazine.it\/wp-content\/uploads\/2025\/07\/emma-gurk-01a.jpg",1366,745,false],"portraits":["https:\/\/imagazine.it\/wp-content\/uploads\/2025\/07\/emma-gurk-01a.jpg",1366,745,false],"thumbnail":["https:\/\/imagazine.it\/wp-content\/uploads\/2025\/07\/emma-gurk-01a-150x150.jpg",150,150,true],"medium":["https:\/\/imagazine.it\/wp-content\/uploads\/2025\/07\/emma-gurk-01a-300x164.jpg",300,164,true],"large":["https:\/\/imagazine.it\/wp-content\/uploads\/2025\/07\/emma-gurk-01a-1024x558.jpg",640,349,true],"thumblist":["https:\/\/imagazine.it\/wp-content\/uploads\/2025\/07\/emma-gurk-01a-300x300.jpg",300,300,true],"thumbrelated":["https:\/\/imagazine.it\/wp-content\/uploads\/2025\/07\/emma-gurk-01a-500x500.jpg",500,500,true],"meccarouselthumb":["https:\/\/imagazine.it\/wp-content\/uploads\/2025\/07\/emma-gurk-01a-474x324.jpg",474,324,true],"gridsquare":["https:\/\/imagazine.it\/wp-content\/uploads\/2025\/07\/emma-gurk-01a-391x260.jpg",391,260,true],"tileview":["https:\/\/imagazine.it\/wp-content\/uploads\/2025\/07\/emma-gurk-01a-300x400.jpg",300,400,true],"1536x1536":["https:\/\/imagazine.it\/wp-content\/uploads\/2025\/07\/emma-gurk-01a.jpg",1366,745,false],"2048x2048":["https:\/\/imagazine.it\/wp-content\/uploads\/2025\/07\/emma-gurk-01a.jpg",1366,745,false],"newsup-slider-full":["https:\/\/imagazine.it\/wp-content\/uploads\/2025\/07\/emma-gurk-01a-1280x720.jpg",1280,720,true],"newsup-featured":["https:\/\/imagazine.it\/wp-content\/uploads\/2025\/07\/emma-gurk-01a-1024x558.jpg",1024,558,true],"newsup-medium":["https:\/\/imagazine.it\/wp-content\/uploads\/2025\/07\/emma-gurk-01a-720x380.jpg",720,380,true],"tptn_thumbnail":["https:\/\/imagazine.it\/wp-content\/uploads\/2025\/07\/emma-gurk-01a-250x210.jpg",250,210,true],"sow-carousel-default":["https:\/\/imagazine.it\/wp-content\/uploads\/2025\/07\/emma-gurk-01a-272x182.jpg",272,182,true]},"rttpg_author":{"display_name":"Livio Nonis","author_link":"https:\/\/imagazine.it\/home_desk\/author\/nonis\/"},"rttpg_comment":0,"rttpg_category":"<a href=\"https:\/\/imagazine.it\/home_desk\/category\/attualita\/\" rel=\"category tag\">ATTUALIT\u00c0<\/a>","rttpg_excerpt":"Visita in Carinzia per la Comunit\u00e0 Pastorale Bassa Friulana. Ripercorse le gesta della donna che impieg\u00f2 le sue sostanze per i poveri e per la Chiesa","_links":{"self":[{"href":"https:\/\/imagazine.it\/home_desk\/wp-json\/wp\/v2\/posts\/66936","targetHints":{"allow":["GET"]}}],"collection":[{"href":"https:\/\/imagazine.it\/home_desk\/wp-json\/wp\/v2\/posts"}],"about":[{"href":"https:\/\/imagazine.it\/home_desk\/wp-json\/wp\/v2\/types\/post"}],"author":[{"embeddable":true,"href":"https:\/\/imagazine.it\/home_desk\/wp-json\/wp\/v2\/users\/22"}],"replies":[{"embeddable":true,"href":"https:\/\/imagazine.it\/home_desk\/wp-json\/wp\/v2\/comments?post=66936"}],"version-history":[{"count":0,"href":"https:\/\/imagazine.it\/home_desk\/wp-json\/wp\/v2\/posts\/66936\/revisions"}],"wp:featuredmedia":[{"embeddable":true,"href":"https:\/\/imagazine.it\/home_desk\/wp-json\/wp\/v2\/media\/66937"}],"wp:attachment":[{"href":"https:\/\/imagazine.it\/home_desk\/wp-json\/wp\/v2\/media?parent=66936"}],"wp:term":[{"taxonomy":"category","embeddable":true,"href":"https:\/\/imagazine.it\/home_desk\/wp-json\/wp\/v2\/categories?post=66936"},{"taxonomy":"post_tag","embeddable":true,"href":"https:\/\/imagazine.it\/home_desk\/wp-json\/wp\/v2\/tags?post=66936"}],"curies":[{"name":"wp","href":"https:\/\/api.w.org\/{rel}","templated":true}]}}