{"id":66927,"date":"2025-07-23T15:41:54","date_gmt":"2025-07-23T13:41:54","guid":{"rendered":"https:\/\/imagazine.it\/home_desk\/?p=66927"},"modified":"2025-07-25T16:12:08","modified_gmt":"2025-07-25T14:12:08","slug":"sala-polifunzionale-per-detenuti-e-cittadini","status":"publish","type":"post","link":"https:\/\/imagazine.it\/home_desk\/sala-polifunzionale-per-detenuti-e-cittadini\/","title":{"rendered":"Sala polifunzionale per detenuti e cittadini"},"content":{"rendered":"<p><span style=\"font-size: 10pt;\"><em>Bruna Gover illustra il rendering della sala<\/em><\/span><\/p>\n<p>UDINE \u2013 Entro fine anno vedr\u00e0 la luce nel <strong>carcere di Udine di via Spalato<\/strong> una <strong>nuova sala polifunzionale<\/strong>, uno spazio destinato ad attivit\u00e0 culturali, formative e teatrali, che potr\u00e0 essere fruita anche dalla collettivit\u00e0 esterna.<\/p>\n<p>Una trasformazione fisica e simbolica, resa possibile grazie a un percorso condiviso e partecipato, promosso da <strong>LegacoopSociali Fvg<\/strong> con il contributo della <strong>cooperativa Dinsi Une Man<\/strong>, che ha destinato 20mila euro all\u2019allestimento della sala e della biblioteca del carcere.<\/p>\n<p>\u201cUn esempio concreto \u2013 commenta <strong>Bruna Gover<\/strong>, coordinatrice regionale di LegacoopSociali Fvg \u2013di alleanza tra imprese sociali, istituzioni e mondo della cultura. Il carcere \u00e8 parte della nostra comunit\u00e0 e, come tale, merita attenzione, ascolto e progettualit\u00e0. Non c\u2019\u00e8 reale inclusione se non si costruiscono ponti anche verso i luoghi pi\u00f9 marginali. Questo progetto, dunque, \u00e8 la dimostrazione che le cooperative possono essere protagoniste di un cambiamento che \u00e8 etico prima ancora che strutturale\u201d.<\/p>\n<p>Il progetto, coordinato dall\u2019Ufficio del Garante dei diritti delle persone private della libert\u00e0 personale, si inserisce in un pi\u00f9 ampio processo di rigenerazione che sta investendo la casa circondariale di via Spalato. Negli ultimi anni, il Dipartimento dell\u2019Amministrazione Penitenziaria (Dap) ha avviato una serie di interventi \u2013 dal nuovo reparto per i semiliberi al polo didattico e lavorativo \u2013 che puntano a rendere il carcere un luogo pi\u00f9 vivibile, aperto al dialogo con la citt\u00e0.<\/p>\n<h3><strong>I presupposti e il lavoro preparatorio<\/strong><\/h3>\n<p>Nel 2023 l\u2019Universit\u00e0 di Udine aveva avviato un workshop per ripensare il carcere di via Spalato come risorsa urbana, grazie a una convenzione con il Dap.<\/p>\n<p>L\u2019analisi ha rivelato complessivamente <strong>oltre 8.000 metri quadri inutilizzati<\/strong>, aprendo la strada a una strategia di interventi progressivi e coordinati. Il progetto propone un carcere \u201cpalinsesto\u201d, ricco di spazi collettivi e aperto alla citt\u00e0, superando l\u2019idea della cella come centro della detenzione.<\/p>\n<p>Un nuovo modello che intreccia detenzione, cultura e inclusione, trasformando il carcere in presidio civile e luogo di relazioni con il territorio.<\/p>\n<h3><strong>La nuova sala polifunzionale<\/strong><\/h3>\n<p>Da questi presupposti, all\u2019interno della casa circondariale di Udine, dopo i lavori gi\u00e0 completati o in\u00a0 fase di completamento (sezione semiliberi, le nuove aule scolastiche, spazi lavoro e, da ultimo, la biblioteca e una sala affettivit\u00e0) sta quindi per prendere forma una nuova sala polivalente, concepita come spazio aperto e modulabile, destinato a ospitare attivit\u00e0 educative e culturali e <strong>con un doppio ingresso, uno per i detenuti e uno per il pubblico esterno<\/strong>.<\/p>\n<figure id=\"attachment_66929\" aria-describedby=\"caption-attachment-66929\" style=\"width: 1000px\" class=\"wp-caption aligncenter\"><img loading=\"lazy\" decoding=\"async\" class=\"size-full wp-image-66929\" src=\"https:\/\/imagazine.it\/wp-content\/uploads\/2025\/07\/Render-interno-02-teatro-sala-polivalente.jpg\" alt=\"\" width=\"1000\" height=\"704\" title=\"\" srcset=\"https:\/\/imagazine.it\/wp-content\/uploads\/2025\/07\/Render-interno-02-teatro-sala-polivalente.jpg 1000w, https:\/\/imagazine.it\/wp-content\/uploads\/2025\/07\/Render-interno-02-teatro-sala-polivalente-300x211.jpg 300w, https:\/\/imagazine.it\/wp-content\/uploads\/2025\/07\/Render-interno-02-teatro-sala-polivalente-768x541.jpg 768w\" sizes=\"auto, (max-width: 1000px) 100vw, 1000px\" \/><figcaption id=\"caption-attachment-66929\" class=\"wp-caption-text\">Rendering della nuova sala polifunzionale<\/figcaption><\/figure>\n<p>L\u2019intervento, frutto di un progetto condiviso tra istituzioni, cooperative e progettisti, prevede anche un teatro-auditorium di 200 metri quadri e con 98 posti a sedere, due aule studio e una <em>hall<\/em> accessibile anche dall\u2019esterno, con ampie vetrate che connettono interno ed esterno, restituendo respiro e luminosit\u00e0 a un luogo finora angusto.<\/p>\n<p>La nuova struttura sar\u00e0 utilizzabile sia dai detenuti che dalla collettivit\u00e0 cittadina, segnando un passo importante nel superare l\u2019isolamento del carcere.<\/p>\n<p>Pensata con attenzione a bellezza e armonia, sar\u00e0 anche occasione di coinvolgimento diretto dei detenuti nella realizzazione, promuovendo senso di appartenenza, cura e responsabilit\u00e0.<\/p>\n<p>\u201cIl carcere \u2013 spiega <strong>Andrea Sandra<\/strong>, garante per i diritti delle persone private della libert\u00e0 personale del Comune di Udine \u2013 \u00e8 uno spazio della citt\u00e0 e come tale deve essere pensato, progettato, vissuto. La nuova sala polifunzionale sar\u00e0 uno dei luoghi in cui, concretamente, carcere e societ\u00e0 potranno incontrarsi, dialogare, riconoscersi\u201d.<\/p>\n<p>Progettata dallo studio di architettura Barreca &amp; La Varra di Milano, la sala sar\u00e0 uno spazio modulare, dotato di aule, teatro e una grande area esterna.<\/p>\n<p>Un luogo capace di accogliere eventi collettivi, laboratori, attivit\u00e0 educative, ma anche momenti di ascolto e confronto.<\/p>\n<p>\u201cAbbiamo immaginato uno spazio aperto, trasformabile, capace di generare relazioni \u2013 fa sapere <strong>Giovanni La Varra<\/strong>, che da anni si occupa di edilizia carceraria \u2013. Una struttura che rompe l\u2019isolamento e propone un nuovo modello di carcere: un presidio urbano e civile, un motore di scambi tra persone, saperi, diritti\u201d.<\/p>\n<h3><strong>Dal sovraffollamento all\u2019importanza di \u201cnon girarsi dall\u2019altra parte\u201d<\/strong><\/h3>\n<p>La maggior parte delle persone che entrano in un istituto di pena provengono da situazioni di marginalit\u00e0 sociale ed economica, disagi psichici e dipendenze caratterizzano gran parte della popolazione detenuta, anche nel carcere di Udine.<\/p>\n<p>E i numeri continuano a crescere: <strong>ad oggi in via Spalato sono presenti 183 detenuti per una capienza regolare di 95, il doppio della capienza regolamentare.<\/strong><\/p>\n<p>La cooperativa sociale Dinsi Une Man, insieme a LegacoopSociali Fvg, ha cos\u00ec deciso di condividere il progetto \u201c<em>Oltre i muri<\/em>\u201d.<\/p>\n<p>\u201cCrediamo che la responsabilit\u00e0 sociale di un\u2019impresa si misuri anche nella capacit\u00e0 di prendere posizione \u2013 dichiara <strong>Davide Sartori<\/strong>, presidente della cooperativa Dinsi Une Man \u2013. Il nostro contributo per la sala polivalente e, in piccola parte, anche per la biblioteca, nasce dalla consapevolezza che il carcere non deve essere un mondo separato, ma parte della comunit\u00e0, con la dignit\u00e0 dei suoi abitanti e il valore del loro percorso di reinserimento\u201d.<\/p>\n","protected":false},"excerpt":{"rendered":"<p>Il carcere di Udine diventa luogo di relazione e apertura verso la comunit\u00e0. Ospiter\u00e0 una struttura da 200 metri quadri, 98 posti e con due ingressi<\/p>\n","protected":false},"author":28,"featured_media":66928,"comment_status":"closed","ping_status":"closed","sticky":false,"template":"","format":"image","meta":{"dwc-title":[""],"dwc-content":[""],"footnotes":""},"categories":[6],"tags":[2409,885,820,101],"class_list":["post-66927","post","type-post","status-publish","format-image","has-post-thumbnail","hentry","category-societa","tag-carcere","tag-inclusione","tag-sociale","tag-udine","post_format-post-format-image"],"rttpg_featured_image_url":{"full":["https:\/\/imagazine.it\/wp-content\/uploads\/2025\/07\/Bruna-Gover_LegacoopSociali-Fvg-presenta-il-render-della-sala-02.jpg",1366,739,false],"landscape":["https:\/\/imagazine.it\/wp-content\/uploads\/2025\/07\/Bruna-Gover_LegacoopSociali-Fvg-presenta-il-render-della-sala-02.jpg",1366,739,false],"portraits":["https:\/\/imagazine.it\/wp-content\/uploads\/2025\/07\/Bruna-Gover_LegacoopSociali-Fvg-presenta-il-render-della-sala-02.jpg",1366,739,false],"thumbnail":["https:\/\/imagazine.it\/wp-content\/uploads\/2025\/07\/Bruna-Gover_LegacoopSociali-Fvg-presenta-il-render-della-sala-02-150x150.jpg",150,150,true],"medium":["https:\/\/imagazine.it\/wp-content\/uploads\/2025\/07\/Bruna-Gover_LegacoopSociali-Fvg-presenta-il-render-della-sala-02-300x162.jpg",300,162,true],"large":["https:\/\/imagazine.it\/wp-content\/uploads\/2025\/07\/Bruna-Gover_LegacoopSociali-Fvg-presenta-il-render-della-sala-02-1024x554.jpg",640,346,true],"thumblist":["https:\/\/imagazine.it\/wp-content\/uploads\/2025\/07\/Bruna-Gover_LegacoopSociali-Fvg-presenta-il-render-della-sala-02-300x300.jpg",300,300,true],"thumbrelated":["https:\/\/imagazine.it\/wp-content\/uploads\/2025\/07\/Bruna-Gover_LegacoopSociali-Fvg-presenta-il-render-della-sala-02-500x500.jpg",500,500,true],"meccarouselthumb":["https:\/\/imagazine.it\/wp-content\/uploads\/2025\/07\/Bruna-Gover_LegacoopSociali-Fvg-presenta-il-render-della-sala-02-474x324.jpg",474,324,true],"gridsquare":["https:\/\/imagazine.it\/wp-content\/uploads\/2025\/07\/Bruna-Gover_LegacoopSociali-Fvg-presenta-il-render-della-sala-02-391x260.jpg",391,260,true],"tileview":["https:\/\/imagazine.it\/wp-content\/uploads\/2025\/07\/Bruna-Gover_LegacoopSociali-Fvg-presenta-il-render-della-sala-02-300x400.jpg",300,400,true],"1536x1536":["https:\/\/imagazine.it\/wp-content\/uploads\/2025\/07\/Bruna-Gover_LegacoopSociali-Fvg-presenta-il-render-della-sala-02.jpg",1366,739,false],"2048x2048":["https:\/\/imagazine.it\/wp-content\/uploads\/2025\/07\/Bruna-Gover_LegacoopSociali-Fvg-presenta-il-render-della-sala-02.jpg",1366,739,false],"newsup-slider-full":["https:\/\/imagazine.it\/wp-content\/uploads\/2025\/07\/Bruna-Gover_LegacoopSociali-Fvg-presenta-il-render-della-sala-02-1280x720.jpg",1280,720,true],"newsup-featured":["https:\/\/imagazine.it\/wp-content\/uploads\/2025\/07\/Bruna-Gover_LegacoopSociali-Fvg-presenta-il-render-della-sala-02-1024x554.jpg",1024,554,true],"newsup-medium":["https:\/\/imagazine.it\/wp-content\/uploads\/2025\/07\/Bruna-Gover_LegacoopSociali-Fvg-presenta-il-render-della-sala-02-720x380.jpg",720,380,true],"tptn_thumbnail":["https:\/\/imagazine.it\/wp-content\/uploads\/2025\/07\/Bruna-Gover_LegacoopSociali-Fvg-presenta-il-render-della-sala-02-250x210.jpg",250,210,true],"sow-carousel-default":["https:\/\/imagazine.it\/wp-content\/uploads\/2025\/07\/Bruna-Gover_LegacoopSociali-Fvg-presenta-il-render-della-sala-02-272x182.jpg",272,182,true]},"rttpg_author":{"display_name":"redazione","author_link":"https:\/\/imagazine.it\/home_desk\/author\/redazione\/"},"rttpg_comment":0,"rttpg_category":"<a href=\"https:\/\/imagazine.it\/home_desk\/category\/societa\/\" rel=\"category tag\">SOCIET\u00c0<\/a>","rttpg_excerpt":"Il carcere di Udine diventa luogo di relazione e apertura verso la comunit\u00e0. Ospiter\u00e0 una struttura da 200 metri quadri, 98 posti e con due ingressi","_links":{"self":[{"href":"https:\/\/imagazine.it\/home_desk\/wp-json\/wp\/v2\/posts\/66927","targetHints":{"allow":["GET"]}}],"collection":[{"href":"https:\/\/imagazine.it\/home_desk\/wp-json\/wp\/v2\/posts"}],"about":[{"href":"https:\/\/imagazine.it\/home_desk\/wp-json\/wp\/v2\/types\/post"}],"author":[{"embeddable":true,"href":"https:\/\/imagazine.it\/home_desk\/wp-json\/wp\/v2\/users\/28"}],"replies":[{"embeddable":true,"href":"https:\/\/imagazine.it\/home_desk\/wp-json\/wp\/v2\/comments?post=66927"}],"version-history":[{"count":0,"href":"https:\/\/imagazine.it\/home_desk\/wp-json\/wp\/v2\/posts\/66927\/revisions"}],"wp:featuredmedia":[{"embeddable":true,"href":"https:\/\/imagazine.it\/home_desk\/wp-json\/wp\/v2\/media\/66928"}],"wp:attachment":[{"href":"https:\/\/imagazine.it\/home_desk\/wp-json\/wp\/v2\/media?parent=66927"}],"wp:term":[{"taxonomy":"category","embeddable":true,"href":"https:\/\/imagazine.it\/home_desk\/wp-json\/wp\/v2\/categories?post=66927"},{"taxonomy":"post_tag","embeddable":true,"href":"https:\/\/imagazine.it\/home_desk\/wp-json\/wp\/v2\/tags?post=66927"}],"curies":[{"name":"wp","href":"https:\/\/api.w.org\/{rel}","templated":true}]}}