{"id":66898,"date":"2025-07-22T17:39:44","date_gmt":"2025-07-22T15:39:44","guid":{"rendered":"https:\/\/imagazine.it\/home_desk\/?p=66898"},"modified":"2025-07-22T17:40:04","modified_gmt":"2025-07-22T15:40:04","slug":"campolongo-tapogliano-rivive-la-festa-comunitaria","status":"publish","type":"post","link":"https:\/\/imagazine.it\/home_desk\/campolongo-tapogliano-rivive-la-festa-comunitaria\/","title":{"rendered":"Campolongo Tapogliano rivive la festa comunitaria"},"content":{"rendered":"<p><span style=\"font-size: 10pt;\"><em>Don Gismano durante la celebrazione<\/em><\/span><\/p>\n<p>CAMPOLONGO TAPOGLIANO \u2013 La chiesetta di San Leonardo ha ospitato la sua festa comunitaria giunta alla 43<sup>a<\/sup> edizione.<\/p>\n<p>L&#8217;evento, intriso di tradizione e significato, \u00e8 stato organizzato anche quest&#8217;anno dal <strong>Gruppo Alpini &#8220;Martin Amelio&#8221;<\/strong> (alpino disperso durante la Seconda guerra mondiale).<\/p>\n<p>La ricorrenza affonda le sue radici in una richiesta storica del Gruppo Alpini all&#8217;allora parroco, don Ennio Tuni, a seguito di significativi lavori di manutenzione che gli stessi alpini avevano svolto nell&#8217;edificio sacro.<\/p>\n<p>La festa simboleggia quindi il profondo e duraturo legame tra la comunit\u00e0 locale e il proprio patrimonio religioso e culturale.<\/p>\n<p><strong>Don Franco Gismano<\/strong> ha celebrato la tradizionale messa all&#8217;aperto di fronte alla piccola pieve, che attualmente \u00e8 in fase di ristrutturazione.<\/p>\n<p>La funzione religiosa ha richiamato un folto numero di fedeli ed \u00e8 stata solennemente accompagnata dal coro parrocchiale.<\/p>\n<p>Al termine si \u00e8 svolto un pranzo comunitario il cui ricavato sar\u00e0 interamente devoluto a sostegno delle diverse manifestazioni locali.<\/p>\n<p>La chiesetta di San Leonardo, immersa nella serena campagna friulana, \u00e8 molto pi\u00f9 di un semplice luogo di culto: \u00e8 un vero e proprio gioiello storico. Sebbene la sua struttura attuale risalga al XVII secolo e conservi un&#8217;atmosfera suggestiva che invita alla riflessione e alla preghiera, la sua storia \u00e8 pi\u00f9 antica.<\/p>\n<p>Studi storico-archeologici e morfologici suggeriscono infatti che il sito di culto sia sorto addirittura nel XIV secolo.<\/p>\n<p>Non solo: sembra che l&#8217;area fosse gi\u00e0 utilizzata come importante postazione in epoca romana, testimoniando una continuit\u00e0 storica e spirituale che attraversa i millenni.<\/p>\n","protected":false},"excerpt":{"rendered":"<p>La chiesa di San Leonardo ha ospitato la 43sima edizione dell&#8217;evento: tra fede e tradizione<\/p>\n","protected":false},"author":22,"featured_media":66899,"comment_status":"closed","ping_status":"closed","sticky":false,"template":"","format":"image","meta":{"dwc-title":[""],"dwc-content":[""],"footnotes":""},"categories":[5],"tags":[376,939,3502,377,419],"class_list":["post-66898","post","type-post","status-publish","format-image","has-post-thumbnail","hentry","category-attualita","tag-campolongo","tag-chiesa","tag-san-leonardo","tag-tapogliano","tag-tradizioni","post_format-post-format-image"],"rttpg_featured_image_url":{"full":["https:\/\/imagazine.it\/wp-content\/uploads\/2025\/07\/2025.jpg",1366,791,false],"landscape":["https:\/\/imagazine.it\/wp-content\/uploads\/2025\/07\/2025.jpg",1366,791,false],"portraits":["https:\/\/imagazine.it\/wp-content\/uploads\/2025\/07\/2025.jpg",1366,791,false],"thumbnail":["https:\/\/imagazine.it\/wp-content\/uploads\/2025\/07\/2025-150x150.jpg",150,150,true],"medium":["https:\/\/imagazine.it\/wp-content\/uploads\/2025\/07\/2025-300x174.jpg",300,174,true],"large":["https:\/\/imagazine.it\/wp-content\/uploads\/2025\/07\/2025-1024x593.jpg",640,371,true],"thumblist":["https:\/\/imagazine.it\/wp-content\/uploads\/2025\/07\/2025-300x300.jpg",300,300,true],"thumbrelated":["https:\/\/imagazine.it\/wp-content\/uploads\/2025\/07\/2025-500x500.jpg",500,500,true],"meccarouselthumb":["https:\/\/imagazine.it\/wp-content\/uploads\/2025\/07\/2025-474x324.jpg",474,324,true],"gridsquare":["https:\/\/imagazine.it\/wp-content\/uploads\/2025\/07\/2025-391x260.jpg",391,260,true],"tileview":["https:\/\/imagazine.it\/wp-content\/uploads\/2025\/07\/2025-300x400.jpg",300,400,true],"1536x1536":["https:\/\/imagazine.it\/wp-content\/uploads\/2025\/07\/2025.jpg",1366,791,false],"2048x2048":["https:\/\/imagazine.it\/wp-content\/uploads\/2025\/07\/2025.jpg",1366,791,false],"newsup-slider-full":["https:\/\/imagazine.it\/wp-content\/uploads\/2025\/07\/2025-1280x720.jpg",1280,720,true],"newsup-featured":["https:\/\/imagazine.it\/wp-content\/uploads\/2025\/07\/2025-1024x593.jpg",1024,593,true],"newsup-medium":["https:\/\/imagazine.it\/wp-content\/uploads\/2025\/07\/2025-720x380.jpg",720,380,true],"tptn_thumbnail":["https:\/\/imagazine.it\/wp-content\/uploads\/2025\/07\/2025-250x210.jpg",250,210,true],"sow-carousel-default":["https:\/\/imagazine.it\/wp-content\/uploads\/2025\/07\/2025-272x182.jpg",272,182,true]},"rttpg_author":{"display_name":"Livio Nonis","author_link":"https:\/\/imagazine.it\/home_desk\/author\/nonis\/"},"rttpg_comment":0,"rttpg_category":"<a href=\"https:\/\/imagazine.it\/home_desk\/category\/attualita\/\" rel=\"category tag\">ATTUALIT\u00c0<\/a>","rttpg_excerpt":"La chiesa di San Leonardo ha ospitato la 43sima edizione dell'evento: tra fede e tradizione","_links":{"self":[{"href":"https:\/\/imagazine.it\/home_desk\/wp-json\/wp\/v2\/posts\/66898","targetHints":{"allow":["GET"]}}],"collection":[{"href":"https:\/\/imagazine.it\/home_desk\/wp-json\/wp\/v2\/posts"}],"about":[{"href":"https:\/\/imagazine.it\/home_desk\/wp-json\/wp\/v2\/types\/post"}],"author":[{"embeddable":true,"href":"https:\/\/imagazine.it\/home_desk\/wp-json\/wp\/v2\/users\/22"}],"replies":[{"embeddable":true,"href":"https:\/\/imagazine.it\/home_desk\/wp-json\/wp\/v2\/comments?post=66898"}],"version-history":[{"count":0,"href":"https:\/\/imagazine.it\/home_desk\/wp-json\/wp\/v2\/posts\/66898\/revisions"}],"wp:featuredmedia":[{"embeddable":true,"href":"https:\/\/imagazine.it\/home_desk\/wp-json\/wp\/v2\/media\/66899"}],"wp:attachment":[{"href":"https:\/\/imagazine.it\/home_desk\/wp-json\/wp\/v2\/media?parent=66898"}],"wp:term":[{"taxonomy":"category","embeddable":true,"href":"https:\/\/imagazine.it\/home_desk\/wp-json\/wp\/v2\/categories?post=66898"},{"taxonomy":"post_tag","embeddable":true,"href":"https:\/\/imagazine.it\/home_desk\/wp-json\/wp\/v2\/tags?post=66898"}],"curies":[{"name":"wp","href":"https:\/\/api.w.org\/{rel}","templated":true}]}}