{"id":66865,"date":"2025-07-22T10:09:14","date_gmt":"2025-07-22T08:09:14","guid":{"rendered":"https:\/\/imagazine.it\/home_desk\/?p=66865"},"modified":"2025-07-23T09:44:12","modified_gmt":"2025-07-23T07:44:12","slug":"confini-e-intelligenza-relazionale-cervignano-prepara-la-festa-patronale","status":"publish","type":"post","link":"https:\/\/imagazine.it\/home_desk\/confini-e-intelligenza-relazionale-cervignano-prepara-la-festa-patronale\/","title":{"rendered":"Confini e intelligenza relazionale: Cervignano prepara la festa patronale"},"content":{"rendered":"<p><span style=\"font-size: 10pt;\"><em>L&#8217;arcivescovo di Gorizia, monsignor Carlo Roberto Maria Redaelli<\/em><\/span><\/p>\n<p>CERVIGNANO DEL FRIULI \u2013 Anche se il patrono di Cervignano, San Michele Arcangelo, sar\u00e0 ricordato a fine settembre, si sta gi\u00e0 iniziando a predisporre un programma di massima dei vari appuntamenti.<\/p>\n<p>La proposta centrale sar\u00e0 l&#8217;incontro al Teatro Pasolini con il professor <strong>Leonardo Becchetti<\/strong> dal titolo: <em>Io, tu, noi: perch\u00e9 abbiamo bisogno dell\u2019intelligenza relazionale<\/em>. Questo evento, organizzato in collaborazione con il <strong>gruppo &#8220;Noi Generativo&#8221;<\/strong>, sar\u00e0 anche riferimento per la Settimana dell&#8217;Educazione di fine gennaio 2026.<\/p>\n<p>Un altro appuntamento sar\u00e0 proposto dal <strong>CiMAS<\/strong> (Civico Museo Archeologico e Storico di Cervignano del Friuli), sulla figura di Leone XIII e il suo rapporto con l\u2019arcangelo Michele, tenuto dal professor <strong>Ivan Portelli<\/strong>.<\/p>\n<p>Inoltre, sar\u00e0 riproposta la tradizionale visita alla Chiesa Madre di San Michele e alla cripta degli scavi, sabato 27 settembre in mattinata, con la presenza dello storico <strong>Antonio Rossetti<\/strong> e da <strong>Annalisa Giovannini<\/strong>, curatrice del CiMAS<\/p>\n<p>Insieme all&#8217;<strong>Auser<\/strong> verr\u00e0 poi presentata la mostra &#8220;<em>Icone dal Fronte<\/em>&#8220;. Questa esposizione raccoglie opere di due pittori ucraini, realizzate su tavole tratte da casse di munizioni, e si terr\u00e0 il 18, 19 e 20 settembre nella <strong>Sala delle Associazioni<\/strong> in piazza Unit\u00e0.<\/p>\n<p>Il <strong>gruppo scout AGESCI Cervignano 1<\/strong> celebrer\u00e0 invece i settant&#8217;anni dalla fondazione con una serie di eventi: dal 13 al 21 settembre sar\u00e0 allestita una mostra fotografica presso la sala parrocchiale e domenica 28 settembre si terr\u00e0 una messa, seguita dal trasferimento al parco scout dove tutti rinnoveranno le loro promesse.<\/p>\n<p>Un altro momento di prestigio sar\u00e0 l&#8217;evento organizzato dall&#8217;Universit\u00e0 della Terza Et\u00e0, inserito nel Festival del Coraggio, che nel pomeriggio di domenica 28 settembre pomeriggio consister\u00e0 in un&#8217;intervista di <strong>Andrea Bellavite<\/strong> all\u2019arcivescovo di Gorizia, <strong>monsignor Carlo Roberto Maria Redaelli<\/strong>, e alla professoressa <strong>Gabriella Burba<\/strong> sul tema dei confini.<\/p>\n<p>In data ancora da fissare ci sar\u00e0 la <strong>restituzione ai fedeli della chiesa di San Marco di Scodovacca<\/strong>, che includer\u00e0 una breve presentazione storica a cura di <strong>Annarita Carlet<\/strong>, con la partecipazione di tecnici e del direttore dell&#8217;arte sacra di Gorizia. Luned\u00ec 29 settembre, giornata di San Michele, alle ore 19 si terr\u00e0 la celebrazione della messa solenne con la benedizione della citt\u00e0.<\/p>\n","protected":false},"excerpt":{"rendered":"<p>Confermati gli incontri con Leonardo Becchetti e il vescovo Redaelli. L&#8217;Auser propone una mostra con le opere di due pittori ucraini<\/p>\n","protected":false},"author":22,"featured_media":66866,"comment_status":"closed","ping_status":"closed","sticky":false,"template":"","format":"image","meta":{"dwc-title":[""],"dwc-content":[""],"footnotes":""},"categories":[5],"tags":[119,261,826,1702],"class_list":["post-66865","post","type-post","status-publish","format-image","has-post-thumbnail","hentry","category-attualita","tag-cervignano","tag-eventi","tag-eventi-fvg","tag-patrono","post_format-post-format-image"],"rttpg_featured_image_url":{"full":["https:\/\/imagazine.it\/wp-content\/uploads\/2025\/07\/vescovo-carlo-02.jpg",1366,764,false],"landscape":["https:\/\/imagazine.it\/wp-content\/uploads\/2025\/07\/vescovo-carlo-02.jpg",1366,764,false],"portraits":["https:\/\/imagazine.it\/wp-content\/uploads\/2025\/07\/vescovo-carlo-02.jpg",1366,764,false],"thumbnail":["https:\/\/imagazine.it\/wp-content\/uploads\/2025\/07\/vescovo-carlo-02-150x150.jpg",150,150,true],"medium":["https:\/\/imagazine.it\/wp-content\/uploads\/2025\/07\/vescovo-carlo-02-300x168.jpg",300,168,true],"large":["https:\/\/imagazine.it\/wp-content\/uploads\/2025\/07\/vescovo-carlo-02-1024x573.jpg",640,358,true],"thumblist":["https:\/\/imagazine.it\/wp-content\/uploads\/2025\/07\/vescovo-carlo-02-300x300.jpg",300,300,true],"thumbrelated":["https:\/\/imagazine.it\/wp-content\/uploads\/2025\/07\/vescovo-carlo-02-500x500.jpg",500,500,true],"meccarouselthumb":["https:\/\/imagazine.it\/wp-content\/uploads\/2025\/07\/vescovo-carlo-02-474x324.jpg",474,324,true],"gridsquare":["https:\/\/imagazine.it\/wp-content\/uploads\/2025\/07\/vescovo-carlo-02-391x260.jpg",391,260,true],"tileview":["https:\/\/imagazine.it\/wp-content\/uploads\/2025\/07\/vescovo-carlo-02-300x400.jpg",300,400,true],"1536x1536":["https:\/\/imagazine.it\/wp-content\/uploads\/2025\/07\/vescovo-carlo-02.jpg",1366,764,false],"2048x2048":["https:\/\/imagazine.it\/wp-content\/uploads\/2025\/07\/vescovo-carlo-02.jpg",1366,764,false],"newsup-slider-full":["https:\/\/imagazine.it\/wp-content\/uploads\/2025\/07\/vescovo-carlo-02-1280x720.jpg",1280,720,true],"newsup-featured":["https:\/\/imagazine.it\/wp-content\/uploads\/2025\/07\/vescovo-carlo-02-1024x573.jpg",1024,573,true],"newsup-medium":["https:\/\/imagazine.it\/wp-content\/uploads\/2025\/07\/vescovo-carlo-02-720x380.jpg",720,380,true],"tptn_thumbnail":["https:\/\/imagazine.it\/wp-content\/uploads\/2025\/07\/vescovo-carlo-02-250x210.jpg",250,210,true],"sow-carousel-default":["https:\/\/imagazine.it\/wp-content\/uploads\/2025\/07\/vescovo-carlo-02-272x182.jpg",272,182,true]},"rttpg_author":{"display_name":"Livio Nonis","author_link":"https:\/\/imagazine.it\/home_desk\/author\/nonis\/"},"rttpg_comment":0,"rttpg_category":"<a href=\"https:\/\/imagazine.it\/home_desk\/category\/attualita\/\" rel=\"category tag\">ATTUALIT\u00c0<\/a>","rttpg_excerpt":"Confermati gli incontri con Leonardo Becchetti e il vescovo Redaelli. L'Auser propone una mostra con le opere di due pittori ucraini","_links":{"self":[{"href":"https:\/\/imagazine.it\/home_desk\/wp-json\/wp\/v2\/posts\/66865","targetHints":{"allow":["GET"]}}],"collection":[{"href":"https:\/\/imagazine.it\/home_desk\/wp-json\/wp\/v2\/posts"}],"about":[{"href":"https:\/\/imagazine.it\/home_desk\/wp-json\/wp\/v2\/types\/post"}],"author":[{"embeddable":true,"href":"https:\/\/imagazine.it\/home_desk\/wp-json\/wp\/v2\/users\/22"}],"replies":[{"embeddable":true,"href":"https:\/\/imagazine.it\/home_desk\/wp-json\/wp\/v2\/comments?post=66865"}],"version-history":[{"count":0,"href":"https:\/\/imagazine.it\/home_desk\/wp-json\/wp\/v2\/posts\/66865\/revisions"}],"wp:featuredmedia":[{"embeddable":true,"href":"https:\/\/imagazine.it\/home_desk\/wp-json\/wp\/v2\/media\/66866"}],"wp:attachment":[{"href":"https:\/\/imagazine.it\/home_desk\/wp-json\/wp\/v2\/media?parent=66865"}],"wp:term":[{"taxonomy":"category","embeddable":true,"href":"https:\/\/imagazine.it\/home_desk\/wp-json\/wp\/v2\/categories?post=66865"},{"taxonomy":"post_tag","embeddable":true,"href":"https:\/\/imagazine.it\/home_desk\/wp-json\/wp\/v2\/tags?post=66865"}],"curies":[{"name":"wp","href":"https:\/\/api.w.org\/{rel}","templated":true}]}}