{"id":66860,"date":"2025-07-19T09:29:31","date_gmt":"2025-07-19T07:29:31","guid":{"rendered":"https:\/\/imagazine.it\/home_desk\/?p=66860"},"modified":"2025-07-22T09:43:35","modified_gmt":"2025-07-22T07:43:35","slug":"in-cammino-sotto-la-luna-tra-emozioni-e-riflessioni","status":"publish","type":"post","link":"https:\/\/imagazine.it\/home_desk\/in-cammino-sotto-la-luna-tra-emozioni-e-riflessioni\/","title":{"rendered":"In cammino sotto la luna tra emozioni e riflessioni"},"content":{"rendered":"<p><span style=\"font-size: 10pt;\"><em>Alcuni dei partecipanti alla camminata sotto la luna<\/em><\/span><\/p>\n<p>AIELLO DEL FRIULI \u2013 Si \u00e8 tenuta la nona edizione della &#8220;<em>Camminata Notturna sotto la Luna<\/em>&#8220;, un appuntamento rinnovato e organizzato dalla <strong>Pro Loco Aiello e Joannis<\/strong> con il patrocinio del Comune.<\/p>\n<p>Un&#8217;ampia partecipazione ha caratterizzato l&#8217;inizio della suggestiva passeggiata notturna, che ha incluso l&#8217;attraversamento del singolare &#8220;tunnel&#8221;, formazione naturale costituita da alberi che, intersecandosi sui due lati del sentiero, creano una volta arborea protettiva, consentendo un transito sicuro agli appassionati di escursioni.<\/p>\n<p>Sebbene realizzato alla fine degli anni &#8217;80, il &#8220;Tunnel&#8221; \u2013 della lunghezza di circa 500 metri \u2013 \u00e8 stato per lungo tempo interdetto a causa del predominio della vegetazione. Decisivo \u00e8 stato l&#8217;intervento della <strong>Protezione Civile<\/strong> locale, affiancata dalle unit\u00e0 dei comuni limitrofi, che ha permesso di riaprire il varco e renderlo accessibile a tutti.<\/p>\n<p>Tra i numerosi partecipanti c&#8217;erano anche i componenti del <strong>Consiglio Comunale dei Ragazzi<\/strong>, che hanno animato le tre soste con alcune letture.<\/p>\n<p>I ragazzi hanno proposto due testi di Gianni Rodari: &#8220;<em>Il cielo \u00e8 di tutti<\/em>&#8221; e &#8220;<em>Sulla luna, per piacere, non mandate un&#8230;<\/em>&#8220;.<\/p>\n<p>Il primo ha toccato temi quali la diversit\u00e0 come ricchezza e l&#8217;impoverimento causato dalle discriminazioni, mentre il secondo \u00e8 stato un inno alla fantasia e alla libert\u00e0 di pensiero.<\/p>\n<p>Infine la lettura de &#8220;<em>Il Bambino che parlava alla Luna<\/em>&#8221; di Aim\u00e9 Duval, la storia di un bambino che osservando la luna dalla finestra inizia a parlarle e a raccontarle una favola.<\/p>\n<figure id=\"attachment_66862\" aria-describedby=\"caption-attachment-66862\" style=\"width: 1000px\" class=\"wp-caption aligncenter\"><img loading=\"lazy\" decoding=\"async\" class=\"size-full wp-image-66862\" src=\"https:\/\/imagazine.it\/wp-content\/uploads\/2025\/07\/camminata-sotto-la-luna-05.jpg\" alt=\"\" width=\"1000\" height=\"750\" title=\"\" srcset=\"https:\/\/imagazine.it\/wp-content\/uploads\/2025\/07\/camminata-sotto-la-luna-05.jpg 1000w, https:\/\/imagazine.it\/wp-content\/uploads\/2025\/07\/camminata-sotto-la-luna-05-300x225.jpg 300w, https:\/\/imagazine.it\/wp-content\/uploads\/2025\/07\/camminata-sotto-la-luna-05-768x576.jpg 768w\" sizes=\"auto, (max-width: 1000px) 100vw, 1000px\" \/><figcaption id=\"caption-attachment-66862\" class=\"wp-caption-text\">La lettura delle riflessioni<\/figcaption><\/figure>\n<p>I partecipanti hanno espresso unanime apprezzamento, riconoscendo come la manifestazione abbia saputo integrare la passeggiata con momenti di significativo valore e spunti di riflessione.<\/p>\n<p>Dopo un\u2019ora e mezza di percorso si \u00e8 arrivati al capolinea, nel Cortile delle Meridiane del Museo della Civilt\u00e0 Contadina del Friuli Imperiale di Aiello, dove i volontari della Pro Loco hanno preparato un rinfresco a base di bibite e crostate.<\/p>\n","protected":false},"excerpt":{"rendered":"<p>Rinnovato il tradizionale appuntamento organizzato dalla Pro Loco di Aiello e Joannis. Coinvolto anche il Consiglio Comunale dei Ragazzi<\/p>\n","protected":false},"author":22,"featured_media":66861,"comment_status":"closed","ping_status":"closed","sticky":false,"template":"","format":"image","meta":{"dwc-title":[""],"dwc-content":[""],"footnotes":""},"categories":[5],"tags":[126,1822,380,72],"class_list":["post-66860","post","type-post","status-publish","format-image","has-post-thumbnail","hentry","category-attualita","tag-aiello","tag-cammino","tag-joannis","tag-natura","post_format-post-format-image"],"rttpg_featured_image_url":{"full":["https:\/\/imagazine.it\/wp-content\/uploads\/2025\/07\/camminata-sotto-la-luna-04.jpg",1366,775,false],"landscape":["https:\/\/imagazine.it\/wp-content\/uploads\/2025\/07\/camminata-sotto-la-luna-04.jpg",1366,775,false],"portraits":["https:\/\/imagazine.it\/wp-content\/uploads\/2025\/07\/camminata-sotto-la-luna-04.jpg",1366,775,false],"thumbnail":["https:\/\/imagazine.it\/wp-content\/uploads\/2025\/07\/camminata-sotto-la-luna-04-150x150.jpg",150,150,true],"medium":["https:\/\/imagazine.it\/wp-content\/uploads\/2025\/07\/camminata-sotto-la-luna-04-300x170.jpg",300,170,true],"large":["https:\/\/imagazine.it\/wp-content\/uploads\/2025\/07\/camminata-sotto-la-luna-04-1024x581.jpg",640,363,true],"thumblist":["https:\/\/imagazine.it\/wp-content\/uploads\/2025\/07\/camminata-sotto-la-luna-04-300x300.jpg",300,300,true],"thumbrelated":["https:\/\/imagazine.it\/wp-content\/uploads\/2025\/07\/camminata-sotto-la-luna-04-500x500.jpg",500,500,true],"meccarouselthumb":["https:\/\/imagazine.it\/wp-content\/uploads\/2025\/07\/camminata-sotto-la-luna-04-474x324.jpg",474,324,true],"gridsquare":["https:\/\/imagazine.it\/wp-content\/uploads\/2025\/07\/camminata-sotto-la-luna-04-391x260.jpg",391,260,true],"tileview":["https:\/\/imagazine.it\/wp-content\/uploads\/2025\/07\/camminata-sotto-la-luna-04-300x400.jpg",300,400,true],"1536x1536":["https:\/\/imagazine.it\/wp-content\/uploads\/2025\/07\/camminata-sotto-la-luna-04.jpg",1366,775,false],"2048x2048":["https:\/\/imagazine.it\/wp-content\/uploads\/2025\/07\/camminata-sotto-la-luna-04.jpg",1366,775,false],"newsup-slider-full":["https:\/\/imagazine.it\/wp-content\/uploads\/2025\/07\/camminata-sotto-la-luna-04-1280x720.jpg",1280,720,true],"newsup-featured":["https:\/\/imagazine.it\/wp-content\/uploads\/2025\/07\/camminata-sotto-la-luna-04-1024x581.jpg",1024,581,true],"newsup-medium":["https:\/\/imagazine.it\/wp-content\/uploads\/2025\/07\/camminata-sotto-la-luna-04-720x380.jpg",720,380,true],"tptn_thumbnail":["https:\/\/imagazine.it\/wp-content\/uploads\/2025\/07\/camminata-sotto-la-luna-04-250x210.jpg",250,210,true],"sow-carousel-default":["https:\/\/imagazine.it\/wp-content\/uploads\/2025\/07\/camminata-sotto-la-luna-04-272x182.jpg",272,182,true]},"rttpg_author":{"display_name":"Livio Nonis","author_link":"https:\/\/imagazine.it\/home_desk\/author\/nonis\/"},"rttpg_comment":0,"rttpg_category":"<a href=\"https:\/\/imagazine.it\/home_desk\/category\/attualita\/\" rel=\"category tag\">ATTUALIT\u00c0<\/a>","rttpg_excerpt":"Rinnovato il tradizionale appuntamento organizzato dalla Pro Loco di Aiello e Joannis. Coinvolto anche il Consiglio Comunale dei Ragazzi","_links":{"self":[{"href":"https:\/\/imagazine.it\/home_desk\/wp-json\/wp\/v2\/posts\/66860","targetHints":{"allow":["GET"]}}],"collection":[{"href":"https:\/\/imagazine.it\/home_desk\/wp-json\/wp\/v2\/posts"}],"about":[{"href":"https:\/\/imagazine.it\/home_desk\/wp-json\/wp\/v2\/types\/post"}],"author":[{"embeddable":true,"href":"https:\/\/imagazine.it\/home_desk\/wp-json\/wp\/v2\/users\/22"}],"replies":[{"embeddable":true,"href":"https:\/\/imagazine.it\/home_desk\/wp-json\/wp\/v2\/comments?post=66860"}],"version-history":[{"count":0,"href":"https:\/\/imagazine.it\/home_desk\/wp-json\/wp\/v2\/posts\/66860\/revisions"}],"wp:featuredmedia":[{"embeddable":true,"href":"https:\/\/imagazine.it\/home_desk\/wp-json\/wp\/v2\/media\/66861"}],"wp:attachment":[{"href":"https:\/\/imagazine.it\/home_desk\/wp-json\/wp\/v2\/media?parent=66860"}],"wp:term":[{"taxonomy":"category","embeddable":true,"href":"https:\/\/imagazine.it\/home_desk\/wp-json\/wp\/v2\/categories?post=66860"},{"taxonomy":"post_tag","embeddable":true,"href":"https:\/\/imagazine.it\/home_desk\/wp-json\/wp\/v2\/tags?post=66860"}],"curies":[{"name":"wp","href":"https:\/\/api.w.org\/{rel}","templated":true}]}}