{"id":66825,"date":"2025-07-21T10:43:24","date_gmt":"2025-07-21T08:43:24","guid":{"rendered":"https:\/\/imagazine.it\/home_desk\/?p=66825"},"modified":"2025-07-22T11:29:29","modified_gmt":"2025-07-22T09:29:29","slug":"interazione-con-gli-animali-la-pet-therapy-entra-in-ospedale","status":"publish","type":"post","link":"https:\/\/imagazine.it\/home_desk\/interazione-con-gli-animali-la-pet-therapy-entra-in-ospedale\/","title":{"rendered":"Interazione con gli animali: la pet therapy entra in ospedale"},"content":{"rendered":"<p><span style=\"font-size: 10pt;\"><em>Presto la Pet Therapy al San Polo grazie all&#8217;iniziativa di Solidariet\u00e0 \u00e8 Vita<\/em><\/span><\/p>\n<p>MONFALCONE \u2013 Si terr\u00e0 a breve l\u2019inaugurazione ufficiale della <strong>nuova sede di <em>Solidariet\u00e0 \u00e8 Vita<\/em><\/strong> in via San Francesco 13, dove un tempo c\u2019era l&#8217;ufficio tributi.<\/p>\n<p>Nella stessa struttura avranno sede anche l\u2019Associazione Nazionale Carabinieri \u2013 Sezione di Monfalcone e i Marinai d\u2019Italia.<\/p>\n<p>Questo risultato \u00e8 stato raggiunto grazie all&#8217;impegno dell&#8217;amministrazione comunale che ha individuato e messo a disposizione gli spazi, offrendo una sistemazione adeguata alle esigenze delle tre associazioni.<\/p>\n<p>Tre sale saranno destinate alle associazioni, mentre una quarta sar\u00e0 adibita a sala conferenze, per incontri e dibattiti su tematiche attuali e sulle problematiche del territorio.<\/p>\n<p>Proprio grazie alla disponibilit\u00e0 della sala conferenze, <em>Solidariet\u00e0 \u00e8 Vita<\/em> sta gi\u00e0 organizzando incontri dedicati a temi sensibili come sicurezza, salute, prevenzione e, soprattutto, giovani.<\/p>\n<figure id=\"attachment_66826\" aria-describedby=\"caption-attachment-66826\" style=\"width: 640px\" class=\"wp-caption aligncenter\"><img loading=\"lazy\" decoding=\"async\" class=\"size-large wp-image-66826\" src=\"https:\/\/imagazine.it\/wp-content\/uploads\/2025\/07\/gruppo-2-1024x614.jpg\" alt=\"\" width=\"640\" height=\"384\" title=\"\" srcset=\"https:\/\/imagazine.it\/wp-content\/uploads\/2025\/07\/gruppo-2-1024x614.jpg 1024w, https:\/\/imagazine.it\/wp-content\/uploads\/2025\/07\/gruppo-2-300x180.jpg 300w, https:\/\/imagazine.it\/wp-content\/uploads\/2025\/07\/gruppo-2-768x461.jpg 768w, https:\/\/imagazine.it\/wp-content\/uploads\/2025\/07\/gruppo-2-1536x922.jpg 1536w, https:\/\/imagazine.it\/wp-content\/uploads\/2025\/07\/gruppo-2.jpg 1920w\" sizes=\"auto, (max-width: 640px) 100vw, 640px\" \/><figcaption id=\"caption-attachment-66826\" class=\"wp-caption-text\">I volontari di Solidariet\u00e0 \u00e8 Vita<\/figcaption><\/figure>\n<p>Anche il progetto per la Pet Therapy presso la pediatria dell&#8217;ospedale San Polo a Monfalcone \u00e8 ormai una realt\u00e0 imminente. La progettualit\u00e0, che porter\u00e0 ai giovani pazienti i benefici dell&#8217;interazione con gli animali, \u00e8 in dirittura d&#8217;arrivo con gli ultimi documenti in fase di definizione.<\/p>\n<p>Avviato anche l&#8217;iter per la realizzazione di una <strong>palestra polifunzionale<\/strong> all&#8217;interno della <strong>casa per anziani protetta di Via Crociera<\/strong>. Questa nuova struttura permetter\u00e0 agli ospiti di svolgere attivit\u00e0 motorie e ricreative in un ambiente sicuro e stimolante, contribuendo al loro benessere fisico e mentale.<\/p>\n<p><em>Solidariet\u00e0 e Vita<\/em> organizza il <strong>14 settembre<\/strong> la 3\u00aa edizione del <strong><em>Trofeo Citt\u00e0 di Monfalcone<\/em><\/strong>, un evento ludico-motorio a passo libero, aperto anche al <em>nordic walking<\/em> e alla camminata con il cane. Si potr\u00e0 scegliere tra tre diverse distanze: 6, 11 e 14 chilometri su percorsi che si snoderanno su strade sterrate e sentieri carsici, attraversando le zone boschive con i colori del Carso e toccando i luoghi della Grande Guerra, tra trincee e postazioni militari.<\/p>\n<p>Il ricavato della manifestazione sar\u00e0 interamente devoluto al sostegno dei progetti menzionati.<\/p>\n","protected":false},"excerpt":{"rendered":"<p>In dirittura d&#8217;arrivo il progetto promosso dall&#8217;associazione Solidariet\u00e0 \u00e8 Vita per i giovani pazienti del San Polo. Nuova palestra alla casa per anziani<\/p>\n","protected":false},"author":22,"featured_media":66827,"comment_status":"closed","ping_status":"closed","sticky":false,"template":"","format":"image","meta":{"dwc-title":[""],"dwc-content":[""],"footnotes":""},"categories":[6],"tags":[413,189,83,51,97,95,214],"class_list":["post-66825","post","type-post","status-publish","format-image","has-post-thumbnail","hentry","category-societa","tag-animali","tag-anziani","tag-giovani","tag-monfalcone","tag-salute","tag-sanita","tag-volontariato","post_format-post-format-image"],"rttpg_featured_image_url":{"full":["https:\/\/imagazine.it\/wp-content\/uploads\/2025\/07\/animali.jpg",1920,1067,false],"landscape":["https:\/\/imagazine.it\/wp-content\/uploads\/2025\/07\/animali.jpg",1920,1067,false],"portraits":["https:\/\/imagazine.it\/wp-content\/uploads\/2025\/07\/animali.jpg",1920,1067,false],"thumbnail":["https:\/\/imagazine.it\/wp-content\/uploads\/2025\/07\/animali-150x150.jpg",150,150,true],"medium":["https:\/\/imagazine.it\/wp-content\/uploads\/2025\/07\/animali-300x167.jpg",300,167,true],"large":["https:\/\/imagazine.it\/wp-content\/uploads\/2025\/07\/animali-1024x569.jpg",640,356,true],"thumblist":["https:\/\/imagazine.it\/wp-content\/uploads\/2025\/07\/animali-300x300.jpg",300,300,true],"thumbrelated":["https:\/\/imagazine.it\/wp-content\/uploads\/2025\/07\/animali-500x500.jpg",500,500,true],"meccarouselthumb":["https:\/\/imagazine.it\/wp-content\/uploads\/2025\/07\/animali-474x324.jpg",474,324,true],"gridsquare":["https:\/\/imagazine.it\/wp-content\/uploads\/2025\/07\/animali-391x260.jpg",391,260,true],"tileview":["https:\/\/imagazine.it\/wp-content\/uploads\/2025\/07\/animali-300x400.jpg",300,400,true],"1536x1536":["https:\/\/imagazine.it\/wp-content\/uploads\/2025\/07\/animali-1536x854.jpg",1536,854,true],"2048x2048":["https:\/\/imagazine.it\/wp-content\/uploads\/2025\/07\/animali.jpg",1920,1067,false],"newsup-slider-full":["https:\/\/imagazine.it\/wp-content\/uploads\/2025\/07\/animali-1280x720.jpg",1280,720,true],"newsup-featured":["https:\/\/imagazine.it\/wp-content\/uploads\/2025\/07\/animali-1024x569.jpg",1024,569,true],"newsup-medium":["https:\/\/imagazine.it\/wp-content\/uploads\/2025\/07\/animali-720x380.jpg",720,380,true],"tptn_thumbnail":["https:\/\/imagazine.it\/wp-content\/uploads\/2025\/07\/animali-250x210.jpg",250,210,true],"sow-carousel-default":["https:\/\/imagazine.it\/wp-content\/uploads\/2025\/07\/animali-272x182.jpg",272,182,true]},"rttpg_author":{"display_name":"Livio Nonis","author_link":"https:\/\/imagazine.it\/home_desk\/author\/nonis\/"},"rttpg_comment":0,"rttpg_category":"<a href=\"https:\/\/imagazine.it\/home_desk\/category\/societa\/\" rel=\"category tag\">SOCIET\u00c0<\/a>","rttpg_excerpt":"In dirittura d'arrivo il progetto promosso dall'associazione Solidariet\u00e0 \u00e8 Vita per i giovani pazienti del San Polo. Nuova palestra alla casa per anziani","_links":{"self":[{"href":"https:\/\/imagazine.it\/home_desk\/wp-json\/wp\/v2\/posts\/66825","targetHints":{"allow":["GET"]}}],"collection":[{"href":"https:\/\/imagazine.it\/home_desk\/wp-json\/wp\/v2\/posts"}],"about":[{"href":"https:\/\/imagazine.it\/home_desk\/wp-json\/wp\/v2\/types\/post"}],"author":[{"embeddable":true,"href":"https:\/\/imagazine.it\/home_desk\/wp-json\/wp\/v2\/users\/22"}],"replies":[{"embeddable":true,"href":"https:\/\/imagazine.it\/home_desk\/wp-json\/wp\/v2\/comments?post=66825"}],"version-history":[{"count":0,"href":"https:\/\/imagazine.it\/home_desk\/wp-json\/wp\/v2\/posts\/66825\/revisions"}],"wp:featuredmedia":[{"embeddable":true,"href":"https:\/\/imagazine.it\/home_desk\/wp-json\/wp\/v2\/media\/66827"}],"wp:attachment":[{"href":"https:\/\/imagazine.it\/home_desk\/wp-json\/wp\/v2\/media?parent=66825"}],"wp:term":[{"taxonomy":"category","embeddable":true,"href":"https:\/\/imagazine.it\/home_desk\/wp-json\/wp\/v2\/categories?post=66825"},{"taxonomy":"post_tag","embeddable":true,"href":"https:\/\/imagazine.it\/home_desk\/wp-json\/wp\/v2\/tags?post=66825"}],"curies":[{"name":"wp","href":"https:\/\/api.w.org\/{rel}","templated":true}]}}