{"id":66818,"date":"2025-07-21T10:04:30","date_gmt":"2025-07-21T08:04:30","guid":{"rendered":"https:\/\/imagazine.it\/home_desk\/?p=66818"},"modified":"2025-07-21T18:42:14","modified_gmt":"2025-07-21T16:42:14","slug":"invecchiamento-attivo-giovani-e-anziani-condividono-esperienze","status":"publish","type":"post","link":"https:\/\/imagazine.it\/home_desk\/invecchiamento-attivo-giovani-e-anziani-condividono-esperienze\/","title":{"rendered":"Invecchiamento attivo: giovani e anziani condividono esperienze"},"content":{"rendered":"<p><span style=\"font-size: 10pt;\"><em>La presentazione del progetto alle associazioni coinvolte<\/em><\/span><\/p>\n<p>RUDA \u2013 Ripartito il progetto <strong><em>Viviruda<\/em><\/strong>, promosso dal <strong>Comune di Ruda<\/strong> con il prezioso supporto dell&#8217;associazione di solidariet\u00e0 sociale <strong>Fantasticamente Grazia<\/strong>, fondata nel 2009, e con un contributo regionale per il sostegno all&#8217;invecchiamento attivo.<\/p>\n<p>&#8220;<em>Viviruda<\/em> \u2013 spiega il sindaco <strong>Franco Lenarduzzi<\/strong> \u2013 \u00e8 un progetto che intende contrastare la solitudine non voluta e favorire un invecchiamento positivo e ricco di stimoli, rafforzando le relazioni sociali, la partecipazione comunitaria e il dialogo tra le generazioni&#8221;.<\/p>\n<p>Il riavvio del progetto \u00e8 stato gi\u00e0 presentato alle associazioni del territorio.<\/p>\n<p>Durante l\u2019incontro sono state illustrate le attivit\u00e0 in programma, tra cui: gruppi di cammino, laboratori tematici (come la raccolta di ricette tradizionali e attrezzi dei vecchi mestieri), momenti di ascolto attivo e accoglienza dei nuovi cittadini attraverso il supporto di un animatore di comunit\u00e0.<\/p>\n<p>Nell\u2019ambito della collaborazione attiva con il Consiglio Comunale dei Ragazzi \u00e8 stata anche realizzata una gara di Briscola coinvolgendo nonni e nipoti in un momento di gioco intergenerazionale.<\/p>\n<p>La risposta di tutte le associazioni culturali, sportive, sociali e musicali, dei volontari e delle volontarie che operano al fianco dei servizi sociali, dei coordinatori e dell&#8217;intera amministrazione comunale \u00e8 stata entusiasta e, come sempre, propositiva. Da gioved\u00ec 18 luglio \u00e8 inoltre aperto un punto di ascolto attivo, a disposizione della cittadinanza.<\/p>\n<p>Il servizio \u00e8 finalizzato a offrire un luogo di incontro, dialogo e condivisione. Questo spazio \u00e8 pensato per accogliere storie e vissuti e per fornire, attraverso la presenza di operatori qualificati, ascolto e indicazioni precise sui servizi comunali a disposizione di tutti i cittadini.<\/p>\n<p>Attivata anche una speciale raccolta di memorie locali, che include fotografie, ricette di famiglia, utensili e strumenti dei mestieri di una volta. Tutto ci\u00f2 che racconta il passato quotidiano e affettivo della comunit\u00e0 verr\u00e0 valorizzato in un percorso che, nei prossimi mesi, culminer\u00e0 in una festa finale.<\/p>\n<p>Sar\u00e0 un momento di incontro tra giovani e anziani, in cui le ricette torneranno in vita attraverso piatti da gustare insieme e i ricordi diventeranno un patrimonio condiviso.<\/p>\n","protected":false},"excerpt":{"rendered":"<p>Ripartito il progetto &#8220;Viviruda&#8221;: gruppi di cammino, raccolta di ricette tradizionali e attrezzi dei vecchi mestieri, momenti di ascolto attivo e accoglienza dei nuovi cittadini attraverso il supporto di un animatore di comunit\u00e0<\/p>\n","protected":false},"author":22,"featured_media":66819,"comment_status":"closed","ping_status":"closed","sticky":false,"template":"","format":"image","meta":{"dwc-title":[""],"dwc-content":[""],"footnotes":""},"categories":[6],"tags":[189,83,885,212,2209],"class_list":["post-66818","post","type-post","status-publish","format-image","has-post-thumbnail","hentry","category-societa","tag-anziani","tag-giovani","tag-inclusione","tag-ruda","tag-socialita","post_format-post-format-image"],"rttpg_featured_image_url":{"full":["https:\/\/imagazine.it\/wp-content\/uploads\/2025\/07\/2025-presentazione.jpg",1366,816,false],"landscape":["https:\/\/imagazine.it\/wp-content\/uploads\/2025\/07\/2025-presentazione.jpg",1366,816,false],"portraits":["https:\/\/imagazine.it\/wp-content\/uploads\/2025\/07\/2025-presentazione.jpg",1366,816,false],"thumbnail":["https:\/\/imagazine.it\/wp-content\/uploads\/2025\/07\/2025-presentazione-150x150.jpg",150,150,true],"medium":["https:\/\/imagazine.it\/wp-content\/uploads\/2025\/07\/2025-presentazione-300x179.jpg",300,179,true],"large":["https:\/\/imagazine.it\/wp-content\/uploads\/2025\/07\/2025-presentazione-1024x612.jpg",640,383,true],"thumblist":["https:\/\/imagazine.it\/wp-content\/uploads\/2025\/07\/2025-presentazione-300x300.jpg",300,300,true],"thumbrelated":["https:\/\/imagazine.it\/wp-content\/uploads\/2025\/07\/2025-presentazione-500x500.jpg",500,500,true],"meccarouselthumb":["https:\/\/imagazine.it\/wp-content\/uploads\/2025\/07\/2025-presentazione-474x324.jpg",474,324,true],"gridsquare":["https:\/\/imagazine.it\/wp-content\/uploads\/2025\/07\/2025-presentazione-391x260.jpg",391,260,true],"tileview":["https:\/\/imagazine.it\/wp-content\/uploads\/2025\/07\/2025-presentazione-300x400.jpg",300,400,true],"1536x1536":["https:\/\/imagazine.it\/wp-content\/uploads\/2025\/07\/2025-presentazione.jpg",1366,816,false],"2048x2048":["https:\/\/imagazine.it\/wp-content\/uploads\/2025\/07\/2025-presentazione.jpg",1366,816,false],"newsup-slider-full":["https:\/\/imagazine.it\/wp-content\/uploads\/2025\/07\/2025-presentazione-1280x720.jpg",1280,720,true],"newsup-featured":["https:\/\/imagazine.it\/wp-content\/uploads\/2025\/07\/2025-presentazione-1024x612.jpg",1024,612,true],"newsup-medium":["https:\/\/imagazine.it\/wp-content\/uploads\/2025\/07\/2025-presentazione-720x380.jpg",720,380,true],"tptn_thumbnail":["https:\/\/imagazine.it\/wp-content\/uploads\/2025\/07\/2025-presentazione-250x210.jpg",250,210,true],"sow-carousel-default":["https:\/\/imagazine.it\/wp-content\/uploads\/2025\/07\/2025-presentazione-272x182.jpg",272,182,true]},"rttpg_author":{"display_name":"Livio Nonis","author_link":"https:\/\/imagazine.it\/home_desk\/author\/nonis\/"},"rttpg_comment":0,"rttpg_category":"<a href=\"https:\/\/imagazine.it\/home_desk\/category\/societa\/\" rel=\"category tag\">SOCIET\u00c0<\/a>","rttpg_excerpt":"Ripartito il progetto \"Viviruda\": gruppi di cammino, raccolta di ricette tradizionali e attrezzi dei vecchi mestieri, momenti di ascolto attivo e accoglienza dei nuovi cittadini attraverso il supporto di un animatore di comunit\u00e0","_links":{"self":[{"href":"https:\/\/imagazine.it\/home_desk\/wp-json\/wp\/v2\/posts\/66818","targetHints":{"allow":["GET"]}}],"collection":[{"href":"https:\/\/imagazine.it\/home_desk\/wp-json\/wp\/v2\/posts"}],"about":[{"href":"https:\/\/imagazine.it\/home_desk\/wp-json\/wp\/v2\/types\/post"}],"author":[{"embeddable":true,"href":"https:\/\/imagazine.it\/home_desk\/wp-json\/wp\/v2\/users\/22"}],"replies":[{"embeddable":true,"href":"https:\/\/imagazine.it\/home_desk\/wp-json\/wp\/v2\/comments?post=66818"}],"version-history":[{"count":0,"href":"https:\/\/imagazine.it\/home_desk\/wp-json\/wp\/v2\/posts\/66818\/revisions"}],"wp:featuredmedia":[{"embeddable":true,"href":"https:\/\/imagazine.it\/home_desk\/wp-json\/wp\/v2\/media\/66819"}],"wp:attachment":[{"href":"https:\/\/imagazine.it\/home_desk\/wp-json\/wp\/v2\/media?parent=66818"}],"wp:term":[{"taxonomy":"category","embeddable":true,"href":"https:\/\/imagazine.it\/home_desk\/wp-json\/wp\/v2\/categories?post=66818"},{"taxonomy":"post_tag","embeddable":true,"href":"https:\/\/imagazine.it\/home_desk\/wp-json\/wp\/v2\/tags?post=66818"}],"curies":[{"name":"wp","href":"https:\/\/api.w.org\/{rel}","templated":true}]}}