{"id":66797,"date":"2025-07-11T17:19:14","date_gmt":"2025-07-11T15:19:14","guid":{"rendered":"https:\/\/imagazine.it\/home_desk\/?p=66797"},"modified":"2025-07-21T10:43:47","modified_gmt":"2025-07-21T08:43:47","slug":"al-ritmo-del-mare","status":"publish","type":"post","link":"https:\/\/imagazine.it\/home_desk\/al-ritmo-del-mare\/","title":{"rendered":"Al ritmo del mare"},"content":{"rendered":"<p><span style=\"font-size: 10pt;\"><em>Yoga in spiaggia a Grado (ph. Max Tassotto)<\/em><\/span><\/p>\n<p>Camminata metabolica, <em>odaka yoga<\/em>, SUP, percorsi in bicicletta, escursioni in barca: le vacanze estive al mare sono un\u2019opportunit\u00e0 per dedicarsi al benessere del corpo e della mente.<\/p>\n<p>Il Friuli Venezia Giulia offre in tal senso attivit\u00e0 variegate, alternando relax in spiaggia ed esperienze slow lungo tutta la costa ma anche verso l\u2019entroterra.<\/p>\n<h3><strong>Risveglio attivo in spiaggia<\/strong><\/h3>\n<p>Fino a settembre si susseguono diversi appuntamenti con cadenza settimanale o bisettimanale per iniziare la giornata allungando il respiro.<\/p>\n<p>Fra le discipline tradizionali, lo yoga del risveglio nel <strong>Parco del Mare di Lignano Sabbiadoro <\/strong>o lo yoga tradizionale sulla <strong>spiaggia di Grado <\/strong>due volte a settimana, una all\u2019alba e l\u2019altra al tramonto.<\/p>\n<p>Chi vuole avvicinarsi a esperienze o discipline nuove, pu\u00f2 provare il <em>forest bathing <\/em>fra i pini marittimi di <strong>Lignano Pineta <\/strong>o anche l\u2019<em>odaka yoga<\/em>, (che unisce Bushido, la Via del Guerriero, yoga tradizionale e i principi della biomeccanica corporea), in programma due volte a settimana a Lignano Sabbiadoro, fino a met\u00e0 settembre.<\/p>\n<figure id=\"attachment_66801\" aria-describedby=\"caption-attachment-66801\" style=\"width: 1000px\" class=\"wp-caption aligncenter\"><img loading=\"lazy\" decoding=\"async\" class=\"size-full wp-image-66801\" src=\"https:\/\/imagazine.it\/wp-content\/uploads\/2025\/07\/forestbathinglignanopineta-ph.tassottomax.jpg\" alt=\"\" width=\"1000\" height=\"666\" title=\"\" srcset=\"https:\/\/imagazine.it\/wp-content\/uploads\/2025\/07\/forestbathinglignanopineta-ph.tassottomax.jpg 1000w, https:\/\/imagazine.it\/wp-content\/uploads\/2025\/07\/forestbathinglignanopineta-ph.tassottomax-300x200.jpg 300w, https:\/\/imagazine.it\/wp-content\/uploads\/2025\/07\/forestbathinglignanopineta-ph.tassottomax-768x511.jpg 768w, https:\/\/imagazine.it\/wp-content\/uploads\/2025\/07\/forestbathinglignanopineta-ph.tassottomax-391x260.jpg 391w, https:\/\/imagazine.it\/wp-content\/uploads\/2025\/07\/forestbathinglignanopineta-ph.tassottomax-272x182.jpg 272w\" sizes=\"auto, (max-width: 1000px) 100vw, 1000px\" \/><figcaption id=\"caption-attachment-66801\" class=\"wp-caption-text\">Forest bathing a Lignano Pineta (ph. Max Tassotto)<\/figcaption><\/figure>\n<p>Accanto alle pratiche pi\u00f9 introspettive, sempre a Lignano Sabbiadoro si pu\u00f2 iniziare la giornata anche con attivit\u00e0 pi\u00f9 dinamiche, come la camminata metabolica e il <em>nordic walking<\/em>, che coniugano camminata sportiva ed esercizi per gambe e braccia, sulla sabbia o in acqua. Gli appuntamenti si svolgeranno da giugno ad agosto con cadenza settimanale e per partecipare bastano scarpe da ginnastica, abbigliamento comodo e una borraccia: le iscrizioni sono gratuite e gli attrezzi vengono messi a disposizione dagli organizzatori, anch\u2019essi gratuitamente.<\/p>\n<h3><strong>Pagaiare verso spiagge remote scivolando sull\u2019Adriatico<\/strong><\/h3>\n<p>Fra le attivit\u00e0 acquatiche, il SUP (<em>Stand Up Paddle<\/em>) continua a essere di grande tendenza sia come sport individuale che di gruppo, grazie a tavole di grandi dimensioni su cui si pu\u00f2 pagaiare in famiglia o con gli amici. Fino a met\u00e0 settembre sono attive tutti i giorni a Lignano Sabbiadoro le <strong>escursioni in SUP elettrico<\/strong>, con una novit\u00e0 per la stagione 2025: ogni marted\u00ec c\u2019\u00e8 un programma speciale dedicato alle famiglie, per permettere anche ai pi\u00f9 piccoli di godere della bellezza della <strong>Laguna di Marano<\/strong>.<\/p>\n<figure id=\"attachment_66799\" aria-describedby=\"caption-attachment-66799\" style=\"width: 800px\" class=\"wp-caption aligncenter\"><img loading=\"lazy\" decoding=\"async\" class=\"size-full wp-image-66799\" src=\"https:\/\/imagazine.it\/wp-content\/uploads\/2025\/07\/suplagunadimarano-ph.tassottomax.jpg\" alt=\"\" width=\"800\" height=\"909\" title=\"\" srcset=\"https:\/\/imagazine.it\/wp-content\/uploads\/2025\/07\/suplagunadimarano-ph.tassottomax.jpg 800w, https:\/\/imagazine.it\/wp-content\/uploads\/2025\/07\/suplagunadimarano-ph.tassottomax-264x300.jpg 264w, https:\/\/imagazine.it\/wp-content\/uploads\/2025\/07\/suplagunadimarano-ph.tassottomax-768x873.jpg 768w\" sizes=\"auto, (max-width: 800px) 100vw, 800px\" \/><figcaption id=\"caption-attachment-66799\" class=\"wp-caption-text\">In SUP nella laguna di Marano (ph. Max Tassotto)<\/figcaption><\/figure>\n<p>Oltre a noleggiare l\u2019attrezzatura in modo indipendente, nella <strong>laguna di Grado <\/strong>si possono prenotare anche escursioni in SUP accompagnate da personale specializzato, che permettono di scoprire alcune spiagge raggiungibili solo pagaiando, come il banco di sabbia della <strong>mula di Muggia<\/strong>.<\/p>\n<h3><strong>A tu per tu con la natura nelle riserve<\/strong><\/h3>\n<p>Le vacanze al mare tuttavia non sono sinonimo soltanto di sabbia e mare Adriatico, perch\u00e9 l\u00e0 dove l\u2019acqua salata si mescola con quella dolce c\u2019\u00e8 tutto un territorio da esplorare. Ogni marted\u00ec (fino al 2 settembre) si rinnova l\u2019appuntamento con il <em>Bus Natura <\/em>e l\u2019<em>Aperitivo in Riserva<strong>.<\/strong><\/em><\/p>\n<p>L\u2019escursione inizia nel tardo pomeriggio e conduce alla scoperta delle bellezze naturali dell\u2019<strong>Isola della Cona<\/strong>, riserva avifaunistica protetta, godendosi poi la magia del tramonto nella <strong>Riserva naturale regionale Foce dell\u2019Isonzo. <\/strong><\/p>\n<p>Fra le aree protette della laguna di Grado, la <strong>Riserva Naturale Valle Cavanata <\/strong>\u00e8 un\u2019altra oasi avifaunistica da scoprire attraverso visite guidate organizzate nei periodi di migrazione degli uccelli. Questa zona umida infatti \u00e8 ideale per il <em>birdwatching<\/em>, poich\u00e9 qui vivono e nidificano oltre 260 specie di uccelli, fra cui l\u2019oca selvatica, simbolo della riserva.<\/p>\n<p>Binocolo o fotocamera alla mano, dagli osservatori \u00e8 facile avvistare anche molte specie di mammiferi come caprioli, lepri, puzzole, faine, donnole, volpi, tassi, scoiattoli e ricci che vivono nell\u2019area allo stato selvatico.<\/p>\n<h3><strong>Pedalare tra storia e cultura<\/strong><\/h3>\n<p>Nelle localit\u00e0 balneari i ciclisti possono godere di itinerari cicloturistici e percorsi transfrontalieri. Ad esempio, da Lignano Sabbiadoro si pu\u00f2 inforcare la bicicletta o <em>e-bike <\/em>(disponibili anche per il noleggio in alcuni <em>bike point<\/em>) e pedalare lungo la <strong>ciclovia del Mar Adriatico<\/strong>. Con questo percorso si attraversa lentamente la pianura regionale e si fa tappa fra i borghi di Marano Lagunare, Grado e Duino fino a raggiungere Trieste.<\/p>\n<p>Volendo, una volta arrivati a <strong>Cervignano del Friuli <\/strong>si pu\u00f2 anche fare una deviazione immettendosi sulla pluripremiata <strong>ciclovia Alpe Adria <\/strong>che collega Grado e Tarvisio: le tappe pi\u00f9 prossime \u2013 entrambe patrimonio Unesco \u2013 sono <strong>Palmanova<\/strong>, con la sua piazza e i bastioni, e <strong>Aquileia<\/strong>, dove si pu\u00f2 trascorrere una giornata all\u2019interno dell\u2019area archeologica, ampliata di recente.<\/p>\n<p>Lignano Sabbiadoro propone anche molti itinerari gratuiti con guida, come ad esempio le uscite in <em>Fat Sand Bike <\/em>lungo la spiaggia o la pedalata tra il <strong>Fiume Stella <\/strong>e il <strong>Tagliamento<\/strong>, con <em>ebike <\/em>messe a disposizione dal <em>bike point <\/em>di Sabbiadoro.<\/p>\n<p>Senza scordare l\u2019uscita in <em>city bike <\/em>da <strong>Lignano <\/strong>a <strong>Marano Lagunare<\/strong>, che costeggia l\u2019argine del Fiume Tagliamento e, una volta oltrepassato il Fiume Stella, attraversa il <strong>bosco di Muzzana<\/strong>. All\u2019arrivo a Marano i ciclisti possono rifocillarsi con un pranzo di pesce appena pescato prima di rientrare a Lignano in motonave, con un rinnovato senso di benessere dopo l\u2019attivit\u00e0 all\u2019aria aperta.<\/p>\n<p><strong>In canoa o barca fra acqua e vento <\/strong>Attivit\u00e0 per conoscere le bellezze del territorio da un punto di vista diverso, ma sempre in chiave <em>slow<\/em>: quale posto per farlo se non il <strong>Golfo di Trieste<\/strong>. Il <strong>Villaggio del Pescatore<\/strong>, a cinque minuti di auto da Duino, \u00e8 punto di partenza di varie escursioni, fra cui quella in canoa canadese sotto i <strong>castelli di Duino<\/strong>.<\/p>\n<figure id=\"attachment_66800\" aria-describedby=\"caption-attachment-66800\" style=\"width: 640px\" class=\"wp-caption aligncenter\"><img loading=\"lazy\" decoding=\"async\" class=\"size-large wp-image-66800\" src=\"https:\/\/imagazine.it\/wp-content\/uploads\/2025\/07\/escursionecanoaduino-ph.fabricegallina-1024x682.jpg\" alt=\"\" width=\"640\" height=\"426\" title=\"\" srcset=\"https:\/\/imagazine.it\/wp-content\/uploads\/2025\/07\/escursionecanoaduino-ph.fabricegallina-1024x682.jpg 1024w, https:\/\/imagazine.it\/wp-content\/uploads\/2025\/07\/escursionecanoaduino-ph.fabricegallina-300x200.jpg 300w, https:\/\/imagazine.it\/wp-content\/uploads\/2025\/07\/escursionecanoaduino-ph.fabricegallina-768x512.jpg 768w, https:\/\/imagazine.it\/wp-content\/uploads\/2025\/07\/escursionecanoaduino-ph.fabricegallina-391x260.jpg 391w, https:\/\/imagazine.it\/wp-content\/uploads\/2025\/07\/escursionecanoaduino-ph.fabricegallina-1536x1024.jpg 1536w, https:\/\/imagazine.it\/wp-content\/uploads\/2025\/07\/escursionecanoaduino-ph.fabricegallina-272x182.jpg 272w, https:\/\/imagazine.it\/wp-content\/uploads\/2025\/07\/escursionecanoaduino-ph.fabricegallina.jpg 1772w\" sizes=\"auto, (max-width: 640px) 100vw, 640px\" \/><figcaption id=\"caption-attachment-66800\" class=\"wp-caption-text\">In canoa del Golfo di Trieste (ph. Fabrice Gallina)<\/figcaption><\/figure>\n<p>Un\u2019uscita con istruttore e guida naturalistica aperta anche ai principianti, durante la quale osservare le falesie, la vegetazione mediterranea e i castelli arrampicati sul Carso.<\/p>\n<p>Chi invece preferisce navigare, pu\u00f2 scegliere tra varie imbarcazioni e attivit\u00e0, come l\u2019escursione in barca dal Villaggio del Pescatore alle risorgive del <strong>Fiume Timavo<\/strong>.<\/p>\n<p>Silenziosa e discreta, <em>Flabellina <\/em>\u00e8 la barca elettrica della flotta dell\u2019<strong>Area Marina Protetta di Miramare <\/strong>con cui i turisti possono partecipare a escursioni naturalistiche accompagnate dallo staff del WWF per scoprire la <strong>Riserva di Biosfera <\/strong>al largo di <strong>Grignano<\/strong>, riconosciuta Mab dall\u2019Unesco, e l\u2019impatto del rumore subacqueo sulla vita sottomarina.<\/p>\n<p>Infine, in questo territorio per definizione legato al vento, i tour in barca a vela da <strong>Monfalcone <\/strong>al largo del Golfo di Trieste a bordo della goletta <em>Roberta III<\/em>, uno yacht storico del 1899, disponibili su prenotazione da giugno a ottobre. Un\u2019opportunit\u00e0 per vivere un\u2019esperienza di navigazione lenta insieme alla famiglia o con un gruppo di amici, e magari provare per la prima volta a issare le vele insieme allo skipper.<\/p>\n<p>Per ulteriori approfondimenti \u00e8 possibile visitare il sito <span style=\"text-decoration: underline;\"><a href=\"http:\/\/www.turismofvg.it\" target=\"_blank\" rel=\"noopener\">www.turismofvg.it<\/a><\/span><\/p>\n","protected":false},"excerpt":{"rendered":"<p>Dalle escursioni in canoa alle camminate metaboliche, fino ai percorsi in bici dalle spiagge ai luoghi storici: le coste del Friuli Venezia Giulia offrono svariate opportunit\u00e0 di relax attivo. Anche in giornata<\/p>\n","protected":false},"author":28,"featured_media":66798,"comment_status":"closed","ping_status":"closed","sticky":false,"template":"","format":"image","meta":{"dwc-title":[""],"dwc-content":[""],"footnotes":""},"categories":[8],"tags":[176,175,3499,1368],"class_list":["post-66797","post","type-post","status-publish","format-image","has-post-thumbnail","hentry","category-turismo","tag-estate","tag-mare","tag-relax","tag-vacanze","post_format-post-format-image"],"rttpg_featured_image_url":{"full":["https:\/\/imagazine.it\/wp-content\/uploads\/2025\/07\/yogagrado-tassottomax.jpg",1366,831,false],"landscape":["https:\/\/imagazine.it\/wp-content\/uploads\/2025\/07\/yogagrado-tassottomax.jpg",1366,831,false],"portraits":["https:\/\/imagazine.it\/wp-content\/uploads\/2025\/07\/yogagrado-tassottomax.jpg",1366,831,false],"thumbnail":["https:\/\/imagazine.it\/wp-content\/uploads\/2025\/07\/yogagrado-tassottomax-150x150.jpg",150,150,true],"medium":["https:\/\/imagazine.it\/wp-content\/uploads\/2025\/07\/yogagrado-tassottomax-300x183.jpg",300,183,true],"large":["https:\/\/imagazine.it\/wp-content\/uploads\/2025\/07\/yogagrado-tassottomax-1024x623.jpg",640,389,true],"thumblist":["https:\/\/imagazine.it\/wp-content\/uploads\/2025\/07\/yogagrado-tassottomax-300x300.jpg",300,300,true],"thumbrelated":["https:\/\/imagazine.it\/wp-content\/uploads\/2025\/07\/yogagrado-tassottomax-500x500.jpg",500,500,true],"meccarouselthumb":["https:\/\/imagazine.it\/wp-content\/uploads\/2025\/07\/yogagrado-tassottomax-474x324.jpg",474,324,true],"gridsquare":["https:\/\/imagazine.it\/wp-content\/uploads\/2025\/07\/yogagrado-tassottomax-391x260.jpg",391,260,true],"tileview":["https:\/\/imagazine.it\/wp-content\/uploads\/2025\/07\/yogagrado-tassottomax-300x400.jpg",300,400,true],"1536x1536":["https:\/\/imagazine.it\/wp-content\/uploads\/2025\/07\/yogagrado-tassottomax.jpg",1366,831,false],"2048x2048":["https:\/\/imagazine.it\/wp-content\/uploads\/2025\/07\/yogagrado-tassottomax.jpg",1366,831,false],"newsup-slider-full":["https:\/\/imagazine.it\/wp-content\/uploads\/2025\/07\/yogagrado-tassottomax-1280x720.jpg",1280,720,true],"newsup-featured":["https:\/\/imagazine.it\/wp-content\/uploads\/2025\/07\/yogagrado-tassottomax-1024x623.jpg",1024,623,true],"newsup-medium":["https:\/\/imagazine.it\/wp-content\/uploads\/2025\/07\/yogagrado-tassottomax-720x380.jpg",720,380,true],"tptn_thumbnail":["https:\/\/imagazine.it\/wp-content\/uploads\/2025\/07\/yogagrado-tassottomax-250x210.jpg",250,210,true],"sow-carousel-default":["https:\/\/imagazine.it\/wp-content\/uploads\/2025\/07\/yogagrado-tassottomax-272x182.jpg",272,182,true]},"rttpg_author":{"display_name":"redazione","author_link":"https:\/\/imagazine.it\/home_desk\/author\/redazione\/"},"rttpg_comment":0,"rttpg_category":"<a href=\"https:\/\/imagazine.it\/home_desk\/category\/turismo\/\" rel=\"category tag\">TURISMO<\/a>","rttpg_excerpt":"Dalle escursioni in canoa alle camminate metaboliche, fino ai percorsi in bici dalle spiagge ai luoghi storici: le coste del Friuli Venezia Giulia offrono svariate opportunit\u00e0 di relax attivo. Anche in giornata","_links":{"self":[{"href":"https:\/\/imagazine.it\/home_desk\/wp-json\/wp\/v2\/posts\/66797","targetHints":{"allow":["GET"]}}],"collection":[{"href":"https:\/\/imagazine.it\/home_desk\/wp-json\/wp\/v2\/posts"}],"about":[{"href":"https:\/\/imagazine.it\/home_desk\/wp-json\/wp\/v2\/types\/post"}],"author":[{"embeddable":true,"href":"https:\/\/imagazine.it\/home_desk\/wp-json\/wp\/v2\/users\/28"}],"replies":[{"embeddable":true,"href":"https:\/\/imagazine.it\/home_desk\/wp-json\/wp\/v2\/comments?post=66797"}],"version-history":[{"count":0,"href":"https:\/\/imagazine.it\/home_desk\/wp-json\/wp\/v2\/posts\/66797\/revisions"}],"wp:featuredmedia":[{"embeddable":true,"href":"https:\/\/imagazine.it\/home_desk\/wp-json\/wp\/v2\/media\/66798"}],"wp:attachment":[{"href":"https:\/\/imagazine.it\/home_desk\/wp-json\/wp\/v2\/media?parent=66797"}],"wp:term":[{"taxonomy":"category","embeddable":true,"href":"https:\/\/imagazine.it\/home_desk\/wp-json\/wp\/v2\/categories?post=66797"},{"taxonomy":"post_tag","embeddable":true,"href":"https:\/\/imagazine.it\/home_desk\/wp-json\/wp\/v2\/tags?post=66797"}],"curies":[{"name":"wp","href":"https:\/\/api.w.org\/{rel}","templated":true}]}}