{"id":66738,"date":"2025-07-09T16:13:48","date_gmt":"2025-07-09T14:13:48","guid":{"rendered":"https:\/\/imagazine.it\/home_desk\/?p=66738"},"modified":"2025-07-11T15:51:31","modified_gmt":"2025-07-11T13:51:31","slug":"compositi-sostenibili-nuovo-impianto-produttivo-a-monfalcone","status":"publish","type":"post","link":"https:\/\/imagazine.it\/home_desk\/compositi-sostenibili-nuovo-impianto-produttivo-a-monfalcone\/","title":{"rendered":"Compositi sostenibili: nuovo impianto produttivo a Monfalcone"},"content":{"rendered":"<p><span style=\"font-size: 10pt;\"><em>Il team di nlcomp con Enrico Samer alla posa della prima pietra<\/em><\/span><\/p>\n<p>MONFALCONE \u2013 Si \u00e8 svolta stamani nella zona industriale di <strong>Monfalcone<\/strong> la\u00a0cerimonia di avvio per la costruzione di<strong> \u201crFactory\u201d<\/strong>, l\u2019impianto per la produzione di compositi sostenibili di nlcomp\u00ae.<\/p>\n<p>\u201crFactory\u201d avr\u00e0 una superficie di circa\u00a0<strong>500 metri quadrati\u00a0<\/strong>e sar\u00e0 completamente<strong>\u00a0realizzato con materiali sostenibili<\/strong>, dal legno ai compositi prodotti dalla stessa azienda proprietaria dell\u2019impianto.<\/p>\n<p>\u201crFactory\u201d si comporr\u00e0 di una\u00a0<strong>zona <\/strong>adibita a <strong>produzione di manufatti in composito<\/strong>,<strong> spazi per uffici <\/strong>e <strong>sala riunioni <\/strong>e un\u2019area che verr\u00e0 utilizzata per la <strong>produzione di componenti in composito sostenibile <\/strong>fino a 20 metri di lunghezza.<\/p>\n<p>Il primo prodotto finito che uscir\u00e0 dalla rFactory sar\u00e0\u00a0<strong><em>Offshore 34<\/em><\/strong>, la nuova barca a vela offshore firmata dai designer <strong>Gianluca Guelfi <\/strong>e<strong> Fabio D\u2019Angeli<\/strong>, commercializzata con il marchio Northern Light e prodotto con le resine sostenibili nlcomp.<\/p>\n<p>Grazie ai materiali costruttivi, alle tecnologie utilizzate e al progetto smart, la\u00a0<strong>costruzione dell\u2019impianto \u2013 a opera di<\/strong>\u00a0<strong>BIeNE Bioedilizia<\/strong>\u00a0\u2013\u00a0si concluder\u00e0 entro il mese di ottobre per permettere a nlcomp di avviare all\u2019interno il proprio ciclo produttivo che vede gi\u00e0 incrementate le richieste in diversi settori industriali, dalla produzione di componenti per imbarcazioni alla realizzazione di pale eoliche.<\/p>\n<p>La nuova struttura consentir\u00e0 infatti a nlcomp di aumentare la capacit\u00e0 produttiva, consolidare la filiera interna e proseguire il proprio obiettivo di sviluppare e costruire prodotti in composito sostenibile, riciclabile e ad alte prestazioni.<\/p>\n<p><em>\u201cQuesta cerimonia <\/em>\u2013 ha commentato<strong>\u00a0Fabio Bignolini<\/strong>, CEO di nlcomp<strong>\u00a0<\/strong>\u2013\u00a0<em>\u00e8 un momento storico per la nostra societ\u00e0: avremo finalmente la possibilit\u00e0 di produrre interamente in-house e completare cos\u00ec il passaggio da start up a impresa consolidata. Il lotto acquistato dal Consorzio Industriale di Monfalcone ha una dimensione e una localizzazione che ci permettono gi\u00e0 di pensare, insieme ai nostri partner e soci <\/em>\u2013<em> in particolare con il Gruppo Samer <\/em>\u2013<em> a uno sviluppo futuro in settori collegati a nautica ed eolico\u201d.<\/em><\/p>\n<p><em>\u201cLa cerimonia di posa della prima pietra<\/em>\u00a0\u2013 ha commentato\u00a0<strong>Enrico Samer<\/strong>, presidente di Samer &amp; Co. Shipping, societ\u00e0 che partecipa nlcomp\u00a0\u2013\u00a0<em>\u00e8 sempre un momento di grande valore per un imprenditore: rappresenta al tempo stesso un punto di arrivo e uno di partenza nella realizzazione di un progetto industriale. nlcomp ha adesso tutti gli strumenti per eccellere e dimostrare il proprio valore sul mercato internazionale<\/em>\u201d.<\/p>\n<p><em>&#8220;Oggi <\/em>\u2013 ha dichiarato\u00a0l\u2019assessore regionale alle infrastrutture e territorio,<strong> Cristina Amirante<\/strong>\u00a0\u2013 <em>celebriamo un&#8217;idea che possiamo definire geniale.<\/em>\u00a0<em>NL Comp \u00e8 riuscita a portare a terra un progetto di grande innovazione. Siamo orgogliosi che questo progetto d&#8217;eccellenza ricada nella nostra regione, nel territorio di Monfalcone<\/em><em>\u201d.<\/em><\/p>\n","protected":false},"excerpt":{"rendered":"<p>Pronto a ottobre, &#8220;rFactory&#8221; avr\u00e0 una superficie di circa 500 metri. Sar\u00e0 affacciato al canale navigabile del Lisert <\/p>\n","protected":false},"author":28,"featured_media":66739,"comment_status":"closed","ping_status":"closed","sticky":false,"template":"","format":"image","meta":{"dwc-title":[""],"dwc-content":[""],"footnotes":""},"categories":[6],"tags":[66,2639,51,519],"class_list":["post-66738","post","type-post","status-publish","format-image","has-post-thumbnail","hentry","category-societa","tag-ambiente","tag-aziende","tag-monfalcone","tag-nautica","post_format-post-format-image"],"rttpg_featured_image_url":{"full":["https:\/\/imagazine.it\/wp-content\/uploads\/2025\/07\/nlcomp.jpg",1366,835,false],"landscape":["https:\/\/imagazine.it\/wp-content\/uploads\/2025\/07\/nlcomp.jpg",1366,835,false],"portraits":["https:\/\/imagazine.it\/wp-content\/uploads\/2025\/07\/nlcomp.jpg",1366,835,false],"thumbnail":["https:\/\/imagazine.it\/wp-content\/uploads\/2025\/07\/nlcomp-150x150.jpg",150,150,true],"medium":["https:\/\/imagazine.it\/wp-content\/uploads\/2025\/07\/nlcomp-300x183.jpg",300,183,true],"large":["https:\/\/imagazine.it\/wp-content\/uploads\/2025\/07\/nlcomp-1024x626.jpg",640,391,true],"thumblist":["https:\/\/imagazine.it\/wp-content\/uploads\/2025\/07\/nlcomp-300x300.jpg",300,300,true],"thumbrelated":["https:\/\/imagazine.it\/wp-content\/uploads\/2025\/07\/nlcomp-500x500.jpg",500,500,true],"meccarouselthumb":["https:\/\/imagazine.it\/wp-content\/uploads\/2025\/07\/nlcomp-474x324.jpg",474,324,true],"gridsquare":["https:\/\/imagazine.it\/wp-content\/uploads\/2025\/07\/nlcomp-391x260.jpg",391,260,true],"tileview":["https:\/\/imagazine.it\/wp-content\/uploads\/2025\/07\/nlcomp-300x400.jpg",300,400,true],"1536x1536":["https:\/\/imagazine.it\/wp-content\/uploads\/2025\/07\/nlcomp.jpg",1366,835,false],"2048x2048":["https:\/\/imagazine.it\/wp-content\/uploads\/2025\/07\/nlcomp.jpg",1366,835,false],"newsup-slider-full":["https:\/\/imagazine.it\/wp-content\/uploads\/2025\/07\/nlcomp-1280x720.jpg",1280,720,true],"newsup-featured":["https:\/\/imagazine.it\/wp-content\/uploads\/2025\/07\/nlcomp-1024x626.jpg",1024,626,true],"newsup-medium":["https:\/\/imagazine.it\/wp-content\/uploads\/2025\/07\/nlcomp-720x380.jpg",720,380,true],"tptn_thumbnail":["https:\/\/imagazine.it\/wp-content\/uploads\/2025\/07\/nlcomp-250x210.jpg",250,210,true],"sow-carousel-default":["https:\/\/imagazine.it\/wp-content\/uploads\/2025\/07\/nlcomp-272x182.jpg",272,182,true]},"rttpg_author":{"display_name":"redazione","author_link":"https:\/\/imagazine.it\/home_desk\/author\/redazione\/"},"rttpg_comment":0,"rttpg_category":"<a href=\"https:\/\/imagazine.it\/home_desk\/category\/societa\/\" rel=\"category tag\">SOCIET\u00c0<\/a>","rttpg_excerpt":"Pronto a ottobre, \"rFactory\" avr\u00e0 una superficie di circa 500 metri. Sar\u00e0 affacciato al canale navigabile del Lisert","_links":{"self":[{"href":"https:\/\/imagazine.it\/home_desk\/wp-json\/wp\/v2\/posts\/66738","targetHints":{"allow":["GET"]}}],"collection":[{"href":"https:\/\/imagazine.it\/home_desk\/wp-json\/wp\/v2\/posts"}],"about":[{"href":"https:\/\/imagazine.it\/home_desk\/wp-json\/wp\/v2\/types\/post"}],"author":[{"embeddable":true,"href":"https:\/\/imagazine.it\/home_desk\/wp-json\/wp\/v2\/users\/28"}],"replies":[{"embeddable":true,"href":"https:\/\/imagazine.it\/home_desk\/wp-json\/wp\/v2\/comments?post=66738"}],"version-history":[{"count":0,"href":"https:\/\/imagazine.it\/home_desk\/wp-json\/wp\/v2\/posts\/66738\/revisions"}],"wp:featuredmedia":[{"embeddable":true,"href":"https:\/\/imagazine.it\/home_desk\/wp-json\/wp\/v2\/media\/66739"}],"wp:attachment":[{"href":"https:\/\/imagazine.it\/home_desk\/wp-json\/wp\/v2\/media?parent=66738"}],"wp:term":[{"taxonomy":"category","embeddable":true,"href":"https:\/\/imagazine.it\/home_desk\/wp-json\/wp\/v2\/categories?post=66738"},{"taxonomy":"post_tag","embeddable":true,"href":"https:\/\/imagazine.it\/home_desk\/wp-json\/wp\/v2\/tags?post=66738"}],"curies":[{"name":"wp","href":"https:\/\/api.w.org\/{rel}","templated":true}]}}