{"id":66712,"date":"2025-07-08T17:13:49","date_gmt":"2025-07-08T15:13:49","guid":{"rendered":"https:\/\/imagazine.it\/home_desk\/?p=66712"},"modified":"2025-07-09T18:05:30","modified_gmt":"2025-07-09T16:05:30","slug":"riparte-la-linea-marittima-trieste-grado","status":"publish","type":"post","link":"https:\/\/imagazine.it\/home_desk\/riparte-la-linea-marittima-trieste-grado\/","title":{"rendered":"Riparte la Linea marittima Trieste-Grado"},"content":{"rendered":"<p><span style=\"font-size: 10pt;\"><em>Il mare lungo la tratta Trieste-Grado<\/em><\/span><\/p>\n<p>GRADO \u2013 Parte gioved\u00ec 10 luglio la stagione 2025 della <strong>linea marittima Trieste \u2013 Grado<\/strong> che proseguir\u00e0 fino al 12 ottobre.<\/p>\n<p>Un servizio pensato sia per chi desidera raggiungere le spiagge di\u00a0Grado da Trieste, evitando il traffico stradale,\u00a0sia per chi soggiorna sull\u2019Isola del Sole e vuole concedersi una giornata nel cuore del capoluogo regionale.<\/p>\n<p>La linea marittima Trieste-Grado si propone anche come un\u2019esperienza di viaggio vera e propria: rilassante, panoramica e dal forte valore emozionale.<\/p>\n<p>In <strong>circa un\u2019ora e mezza<\/strong> si naviga lungo la costa, in un contesto naturale dalle caratteristiche uniche.<\/p>\n<p>Il <strong>trasporto biciclette a bordo<\/strong> rende la linea perfetta anche per chi ama esplorare il territorio a ritmo lento, combinando navigazione e cicloturismo in un\u2019unica proposta sostenibile.<\/p>\n<h3><strong>La motonave NEREOS<\/strong><\/h3>\n<p>La <strong>Motonave Nereos<\/strong>, di propriet\u00e0 della societ\u00e0 Navisarda Srl, varata lo scorso aprile, \u00e8 un\u2019imbarcazione\u00a0in legno <strong>lunga 24 metri<\/strong>, costruita interamente in FVG presso il cantiere nautico Marina Stella di Palazzolo dello Stella.<\/p>\n<p>Progettata e realizzata dal maestro d\u2019ascia <strong>Domenico Vanto<\/strong>, Nereos \u00e8 costruita con struttura in mogano massello e fasciame in compensato superlamellare certificato e omologato RINA.<\/p>\n<p>A bordo <strong>196 posti a sedere<\/strong> per i passeggeri, distribuiti fra il salone coperto e il ponte semicoperto; a disposizione anche un ulteriore ponte panoramico accessibile se le condizioni meteomarine lo consentono.<\/p>\n<p>Lo spazio per le <strong>biciclette<\/strong> \u00e8 assicurato al coperto con <strong>20 posti a disposizione<\/strong>.<\/p>\n<figure id=\"attachment_66714\" aria-describedby=\"caption-attachment-66714\" style=\"width: 1000px\" class=\"wp-caption aligncenter\"><img loading=\"lazy\" decoding=\"async\" class=\"size-full wp-image-66714\" src=\"https:\/\/imagazine.it\/wp-content\/uploads\/2025\/07\/Nereos-a-TS-2.jpg\" alt=\"\" width=\"1000\" height=\"687\" title=\"\" srcset=\"https:\/\/imagazine.it\/wp-content\/uploads\/2025\/07\/Nereos-a-TS-2.jpg 1000w, https:\/\/imagazine.it\/wp-content\/uploads\/2025\/07\/Nereos-a-TS-2-300x206.jpg 300w, https:\/\/imagazine.it\/wp-content\/uploads\/2025\/07\/Nereos-a-TS-2-768x528.jpg 768w\" sizes=\"auto, (max-width: 1000px) 100vw, 1000px\" \/><figcaption id=\"caption-attachment-66714\" class=\"wp-caption-text\">La motonave Nereos<\/figcaption><\/figure>\n<h3><strong>Orari e operativit\u00e0<\/strong><\/h3>\n<p><strong>Dal 10 luglio al 31 agosto<\/strong>, servizio attivo da marted\u00ec a domenica (attivo anche luned\u00ec 18 agosto). Partenze da Trieste (Molo Audace): ore 8.10 \u2013 12.45 \u2013 17.45; partenze da Grado (Molo Torpediniere): ore 10.10 \u2013 14.30 \u2013 19.30.<\/p>\n<p><strong>Dall\u20191 settembre al 12 ottobre<\/strong>, servizio attivo da marted\u00ec a domenica. Partenze da Trieste (Molo Audace): ore 8.30 \u2013 16.45; partenze da Grado (Molo Torpediniere: ore 10.30 \u2013 18.30.<\/p>\n<h3><strong>Biglietti e modalit\u00e0 di acquisto<\/strong><\/h3>\n<p>I biglietti si possono acquistare a bordo ma anche attraverso molteplici canali: App TPL FVG, App GLIMBLE FVG, Biglietterie TPL FVG. Presso il molo, prima della partenza: inquadrando il QR Code e pagando con carta di credito.<\/p>\n<p>Gli abbonamenti si possono acquistare solo a bordo<\/p>\n<p>\u00c8 disponibile una quota limitata di posti prenotabili per ciascuna corsa, opzione consigliata soprattutto per chi viaggia con la bicicletta o in gruppo.<\/p>\n<h3><strong>Tariffe<\/strong><\/h3>\n<p>Corsa singola\u00a0\u20ac 11,40;\u00a0Andata e ritorno \u20ac17,10. Abbonamenti 10 corse \u20ac 45,60;\u00a050\u00a0corse\u00a0\u20ac 91,20. Bicicletta: 1 corsa\u00a0\u20ac 1.00;\u00a050 corse \u20ac 26.80.<\/p>\n<h3><strong>Servizio sostitutivo in caso di maltempo<\/strong><\/h3>\n<p>In caso di condizioni meteo-marine non favorevoli, il collegamento sar\u00e0 garantito da un servizio bus sostitutivo, dotato di carrello portabici.<\/p>\n","protected":false},"excerpt":{"rendered":"<p>Operativa dal 10 luglio al 12 ottobre, con la possibilit\u00e0 di trasporto bici. In caso di maltempo previsto un servizio sostitutivo<\/p>\n","protected":false},"author":28,"featured_media":66713,"comment_status":"closed","ping_status":"closed","sticky":false,"template":"","format":"image","meta":{"dwc-title":[""],"dwc-content":[""],"footnotes":""},"categories":[8],"tags":[174,175,2009,86,65],"class_list":["post-66712","post","type-post","status-publish","format-image","has-post-thumbnail","hentry","category-turismo","tag-grado","tag-mare","tag-nave","tag-trasporti","tag-trieste","post_format-post-format-image"],"rttpg_featured_image_url":{"full":["https:\/\/imagazine.it\/wp-content\/uploads\/2025\/07\/LM-TS-mare.jpg",1366,768,false],"landscape":["https:\/\/imagazine.it\/wp-content\/uploads\/2025\/07\/LM-TS-mare.jpg",1366,768,false],"portraits":["https:\/\/imagazine.it\/wp-content\/uploads\/2025\/07\/LM-TS-mare.jpg",1366,768,false],"thumbnail":["https:\/\/imagazine.it\/wp-content\/uploads\/2025\/07\/LM-TS-mare-150x150.jpg",150,150,true],"medium":["https:\/\/imagazine.it\/wp-content\/uploads\/2025\/07\/LM-TS-mare-300x169.jpg",300,169,true],"large":["https:\/\/imagazine.it\/wp-content\/uploads\/2025\/07\/LM-TS-mare-1024x576.jpg",640,360,true],"thumblist":["https:\/\/imagazine.it\/wp-content\/uploads\/2025\/07\/LM-TS-mare-300x300.jpg",300,300,true],"thumbrelated":["https:\/\/imagazine.it\/wp-content\/uploads\/2025\/07\/LM-TS-mare-500x500.jpg",500,500,true],"meccarouselthumb":["https:\/\/imagazine.it\/wp-content\/uploads\/2025\/07\/LM-TS-mare-474x324.jpg",474,324,true],"gridsquare":["https:\/\/imagazine.it\/wp-content\/uploads\/2025\/07\/LM-TS-mare-391x260.jpg",391,260,true],"tileview":["https:\/\/imagazine.it\/wp-content\/uploads\/2025\/07\/LM-TS-mare-300x400.jpg",300,400,true],"1536x1536":["https:\/\/imagazine.it\/wp-content\/uploads\/2025\/07\/LM-TS-mare.jpg",1366,768,false],"2048x2048":["https:\/\/imagazine.it\/wp-content\/uploads\/2025\/07\/LM-TS-mare.jpg",1366,768,false],"newsup-slider-full":["https:\/\/imagazine.it\/wp-content\/uploads\/2025\/07\/LM-TS-mare-1280x720.jpg",1280,720,true],"newsup-featured":["https:\/\/imagazine.it\/wp-content\/uploads\/2025\/07\/LM-TS-mare-1024x576.jpg",1024,576,true],"newsup-medium":["https:\/\/imagazine.it\/wp-content\/uploads\/2025\/07\/LM-TS-mare-720x380.jpg",720,380,true],"tptn_thumbnail":["https:\/\/imagazine.it\/wp-content\/uploads\/2025\/07\/LM-TS-mare-250x210.jpg",250,210,true],"sow-carousel-default":["https:\/\/imagazine.it\/wp-content\/uploads\/2025\/07\/LM-TS-mare-272x182.jpg",272,182,true]},"rttpg_author":{"display_name":"redazione","author_link":"https:\/\/imagazine.it\/home_desk\/author\/redazione\/"},"rttpg_comment":0,"rttpg_category":"<a href=\"https:\/\/imagazine.it\/home_desk\/category\/turismo\/\" rel=\"category tag\">TURISMO<\/a>","rttpg_excerpt":"Operativa dal 10 luglio al 12 ottobre, con la possibilit\u00e0 di trasporto bici. In caso di maltempo previsto un servizio sostitutivo","_links":{"self":[{"href":"https:\/\/imagazine.it\/home_desk\/wp-json\/wp\/v2\/posts\/66712","targetHints":{"allow":["GET"]}}],"collection":[{"href":"https:\/\/imagazine.it\/home_desk\/wp-json\/wp\/v2\/posts"}],"about":[{"href":"https:\/\/imagazine.it\/home_desk\/wp-json\/wp\/v2\/types\/post"}],"author":[{"embeddable":true,"href":"https:\/\/imagazine.it\/home_desk\/wp-json\/wp\/v2\/users\/28"}],"replies":[{"embeddable":true,"href":"https:\/\/imagazine.it\/home_desk\/wp-json\/wp\/v2\/comments?post=66712"}],"version-history":[{"count":0,"href":"https:\/\/imagazine.it\/home_desk\/wp-json\/wp\/v2\/posts\/66712\/revisions"}],"wp:featuredmedia":[{"embeddable":true,"href":"https:\/\/imagazine.it\/home_desk\/wp-json\/wp\/v2\/media\/66713"}],"wp:attachment":[{"href":"https:\/\/imagazine.it\/home_desk\/wp-json\/wp\/v2\/media?parent=66712"}],"wp:term":[{"taxonomy":"category","embeddable":true,"href":"https:\/\/imagazine.it\/home_desk\/wp-json\/wp\/v2\/categories?post=66712"},{"taxonomy":"post_tag","embeddable":true,"href":"https:\/\/imagazine.it\/home_desk\/wp-json\/wp\/v2\/tags?post=66712"}],"curies":[{"name":"wp","href":"https:\/\/api.w.org\/{rel}","templated":true}]}}