{"id":66680,"date":"2025-07-07T18:49:23","date_gmt":"2025-07-07T16:49:23","guid":{"rendered":"https:\/\/imagazine.it\/home_desk\/?p=66680"},"modified":"2025-07-08T13:57:17","modified_gmt":"2025-07-08T11:57:17","slug":"mustang-lantico-regno-proibito","status":"publish","type":"post","link":"https:\/\/imagazine.it\/home_desk\/mustang-lantico-regno-proibito\/","title":{"rendered":"Mustang: l&#8217;antico regno proibito"},"content":{"rendered":"<p><span style=\"font-size: 10pt;\"><em>La delegazione di Friuli Mandi Nepal Namast\u00e8 in visita a una scuola <\/em><\/span><\/p>\n<p>A pochi chilometri dal <strong>Tibet<\/strong>, incastonato nella catena himalayana, il <strong>Mustang <\/strong>\u2013 anche conosciuto come \u201cL\u2019ultimo Tibet\u201d \u2013, grazie ai suoi villaggi che conservano il fascino dell\u2019antica cultura tibetana, costituisce uno dei distretti pi\u00f9 remoti di tutto il <strong>Nepal<\/strong>.<\/p>\n<p>Arrivarci \u00e8 come affrontare un vero e proprio viaggio nel tempo.<\/p>\n<p>Da qualche anno, tuttavia, l\u2019isolamento non costituisce pi\u00f9 un ostacolo insormontabile grazie alla costruzione della nuova strada per <strong>Lo Manthang <\/strong>(la capitale del suo antico Regno Proibito), tra <strong>Jomsom <\/strong>e il valico cinese di <strong>Kora La <\/strong>(4.600 m).<\/p>\n<p>Di conseguenza le tradizioni e le condizioni di vita della popolazione stanno radicalmente cambiando.<\/p>\n<p>Questa sterrata di 85 km, inaugurata nel 2013 e percorribile solo in jeep o mezzi 4&#215;4, in un continuo saliscendi, tra frane e ponti dissestati, raggiunge come destinazione finale la frontiera cinese, per ora comunque interdetta ai viaggiatori.<\/p>\n<p>Lo sviluppo, lungo il confine del Kora La, dove la Cina avrebbe costruito una citt\u00e0 con strutture doganali, centri di quarantena, alloggi e aree di parcheggio, dimostrerebbe le ambizioni geopolitiche di Pechino a trarre profitto da questi territori.<\/p>\n<p>Alcuni abitanti della zona sostengono infatti che la Cina stia invadendo man mano il territorio nepalese; di certo le forze di sicurezza di Xi Jinping stanno facendo pressione sui nepalesi di etnia tibetana affinch\u00e9 non mostrino immagini del Dalai Lama, il leader spirituale tibetano in esilio in India.<\/p>\n<p>Il Mustang costituisce un microcosmo della catena himalayana, che si insinua in profondit\u00e0 nell\u2019altopiano tibetano ed \u00e8 chiuso a sud dalle grandi e maestose vette dell\u2019<strong>Annapurna <\/strong>(8.091 m) e del <strong>Dhalaugiri <\/strong>(8.167 m). Una vallata, quest\u2019ultima, accessibile fino al 2013 solo a piedi o a cavallo \u2013 con lunghi e faticosi percorsi di almeno 6 giorni (solo andata) \u2013 e tagliata dal fiume Kali Gandaki, affluente del Gange.<\/p>\n<p>Questa meraviglia naturale, chiamata anche <strong>Andha Galchi<\/strong>, ha scolpito il suo percorso creando una spettacolare spaccatura geologica conosciuta come <em>graben<\/em>. Un viaggio che richiede pazienza, tempi lunghi e un buon spirito di adattamento, ma che gratifica con viste panoramiche impareggiabili sulle cime circostanti e sui numerosi monasteri tibetani dalla grande spiritualit\u00e0.<\/p>\n<p>Per molti alpinisti il Mustang rappresenta una meta leggendaria. Il primo tra gli italiani ad arrivarci fu il tibetologo <strong>Giuseppe Tucci<\/strong>, che lo attravers\u00f2 nel 1952, descrivendolo poi nel suo <em>\u2018Tra giungle e pagode\u201d<\/em>.<\/p>\n<p>Il regno di Mustang, o <strong>regno di Lo<\/strong>, nacque alla fine del Trecento e nei secoli successivi si svilupp\u00f2 grazie alle rotte commerciali con la Cina. Nonostante il controllo imposto dal Nepal nel XVIII secolo, solo nel 2008, con la fine del regime monarchico nepalese, anche l\u2019ultimo sovrano del Mustang, Jigme Dorje Palbar Bista (1930-2016) perse il suo titolo reale.<\/p>\n<p>Oggi gli eredi della dinastia cercano di promuovere una \u201cmodernizzazione sostenibile\u201d preservando l\u2019identit\u00e0 millenaria dell\u2019antico Regno.<\/p>\n<figure id=\"attachment_66682\" aria-describedby=\"caption-attachment-66682\" style=\"width: 1000px\" class=\"wp-caption aligncenter\"><img loading=\"lazy\" decoding=\"async\" class=\"size-full wp-image-66682\" src=\"https:\/\/imagazine.it\/wp-content\/uploads\/2025\/07\/a-Katmandu.jpg\" alt=\"\" width=\"1000\" height=\"750\" title=\"\" srcset=\"https:\/\/imagazine.it\/wp-content\/uploads\/2025\/07\/a-Katmandu.jpg 1000w, https:\/\/imagazine.it\/wp-content\/uploads\/2025\/07\/a-Katmandu-300x225.jpg 300w, https:\/\/imagazine.it\/wp-content\/uploads\/2025\/07\/a-Katmandu-768x576.jpg 768w\" sizes=\"auto, (max-width: 1000px) 100vw, 1000px\" \/><figcaption id=\"caption-attachment-66682\" class=\"wp-caption-text\">Una donna a Katmandu (ph. M. Tomaselli)<\/figcaption><\/figure>\n<h3><strong>Katmandu<\/strong><\/h3>\n<p>Siamo arrivati a in Nepal grazie alla <strong>Onlus Friuli Mandi Nepal Namast\u00e9 <\/strong>(<em>www.mandinamaste.net<\/em>) e al suo vicepresidente <strong>Stefano Toscani<\/strong>: un\u2019associazione con sede a Malborghetto &#8211; Valbruna, nata nel 2005 con lo scopo di favorire progetti di inclusione sociale nell\u2019ambito scolastico per garantire un futuro migliore a migliaia di bambini nepalesi.<\/p>\n<p>La storia di questo sodalizio \u00e8 iniziata per caso dopo un trekking di un gruppo di amici, tutti ex alpini, appassionati viaggiatori che constatarono personalmente i forti disagi dei bambini nepalesi, dovuti soprattutto a povert\u00e0 e soprusi. Fu cos\u00ec che queste ex penne nere costituirono Friuli Mandi Nepal Namast\u00e9.<\/p>\n<p>L\u2019associazione \u00e8 riuscita cos\u00ec a dar corso a numerosi progetti a sostegno delle scuole locali, tra cui la realizzazione di orfanotrofi, scuole, case famiglie e collaborazioni con centri medici e di riabilitazione per giovani con disabilit\u00e0. L\u2019impegno del sodalizio non si \u00e8 fermato nemmeno davanti al devastante sisma del 2015, che mise in ginocchio il Paese con oltre 9.000 morti e migliaia di edifici distrutti.<\/p>\n<p>In quell\u2019occasione l\u2019Associazione intraprese un lavoro di ricostruzione, avviando diversi cantieri e organizzando raccolte fondi.<\/p>\n<p>Il <strong>Tempio di Pashupatinath <\/strong>\u00e8 il pi\u00f9 importante tempio induista del Nepal. Si trova lungo il <strong>fiume Bagmati <\/strong>ed \u00e8 consacrato al Dio Pashupati, manifestazione di \u015aiva. Il luogo \u00e8 popolare soprattutto per le cerimonie funebri che si svolgono con i cadaveri che vengono cremati sulle pire prima della dispersione delle ceneri. Qui incontriamo \u00c5n\u00fa giovane ragazza nepalese di un\u2019eleganza sopraffina che insieme alla sorella ci propone di comprare delle collane.<\/p>\n<h3><strong>Durbar Square<\/strong><\/h3>\n<p>La Kumari di Katmandu, scelta tra le bambine fra i 3 e i 5 anni, \u00e8 la divinit\u00e0 pi\u00f9 venerata del Nepal.<\/p>\n<p>Alla prima mestruazione torna mortale e l\u2019energia femminile che governa l\u2019universo passa a un\u2019altra. Abbiamo modo di vederla alla finestra del cortile del Kumari Chowk.<\/p>\n<p>Ma \u00e8 fatto divieto di fotografarla. Si lascia ammirare senza mai guardare nessuno. Ed \u00e8 un bene&#8230; Secondo la tradizione infatti ogni segno che potrebbe derivare dal suo volto non ha mai un\u2019accezione positiva.<\/p>\n<figure id=\"attachment_66683\" aria-describedby=\"caption-attachment-66683\" style=\"width: 1000px\" class=\"wp-caption aligncenter\"><img loading=\"lazy\" decoding=\"async\" class=\"size-full wp-image-66683\" src=\"https:\/\/imagazine.it\/wp-content\/uploads\/2025\/07\/Con-Gopal-in-arrivo-a-Pokhara.jpg\" alt=\"\" width=\"1000\" height=\"752\" title=\"\" srcset=\"https:\/\/imagazine.it\/wp-content\/uploads\/2025\/07\/Con-Gopal-in-arrivo-a-Pokhara.jpg 1000w, https:\/\/imagazine.it\/wp-content\/uploads\/2025\/07\/Con-Gopal-in-arrivo-a-Pokhara-300x226.jpg 300w, https:\/\/imagazine.it\/wp-content\/uploads\/2025\/07\/Con-Gopal-in-arrivo-a-Pokhara-768x578.jpg 768w\" sizes=\"auto, (max-width: 1000px) 100vw, 1000px\" \/><figcaption id=\"caption-attachment-66683\" class=\"wp-caption-text\">Michele Tomaselli con Gopal all\u2019arrivo a Pokhara<\/figcaption><\/figure>\n<h3><strong>Pokhara<\/strong><\/h3>\n<p>Alle porte del Mustang, <strong>Pokhara <\/strong>\u00e8 la terza citt\u00e0 del Nepal, da visitare per il suo splendido <strong>lago Phewa<\/strong>. Ci arriviamo in aereo con la <em>Yeti Airlines<\/em>; qui siamo sempre pi\u00f9 vicini ai colossi himalayani tanto che sembra di toccarli con mano.<\/p>\n<p>Ci accompagna Gopal, <em>sherpa <\/em>d\u2019alta quota che ha gi\u00e0 salito il <strong>Dhaulagiri <\/strong>(8.167 m) e il <strong>Makalu <\/strong>(8.462 m). Ho l\u2019impressione che questi ottomila del Nepal non sembrino essere poi cos\u00ec lontani dal Friuli grazie a Gopal che ogni anno trascorre 3 mesi al <strong>rifugio Marinelli<\/strong>, sopra Collina, nelle Alpi Carniche.<\/p>\n<p>Da buon uomo di montagna, aiuta la gestrice Caterina Tamusin nella conduzione del rifugio. \u00c8 stata proprio Caterina 20 anni fa, durante un suo viaggio a Katmandu, a convincerlo a lavorare da lei. E anche quest\u2019anno ci torner\u00e0. Gopal \u00e8 cresciuto a Salleri, nel Solukhumbu, non lontano dal Monte Everest (8848 m) e grazie alle sue doti culinarie sa strabiliare ogni gruppo che accompagna.<\/p>\n<figure id=\"attachment_66684\" aria-describedby=\"caption-attachment-66684\" style=\"width: 640px\" class=\"wp-caption aligncenter\"><img loading=\"lazy\" decoding=\"async\" class=\"size-large wp-image-66684\" src=\"https:\/\/imagazine.it\/wp-content\/uploads\/2025\/07\/Lo-Manthang-le-mura.-Dallalto-dei-tetti-1024x768.jpg\" alt=\"\" width=\"640\" height=\"480\" title=\"\" srcset=\"https:\/\/imagazine.it\/wp-content\/uploads\/2025\/07\/Lo-Manthang-le-mura.-Dallalto-dei-tetti-1024x768.jpg 1024w, https:\/\/imagazine.it\/wp-content\/uploads\/2025\/07\/Lo-Manthang-le-mura.-Dallalto-dei-tetti-300x225.jpg 300w, https:\/\/imagazine.it\/wp-content\/uploads\/2025\/07\/Lo-Manthang-le-mura.-Dallalto-dei-tetti-768x576.jpg 768w, https:\/\/imagazine.it\/wp-content\/uploads\/2025\/07\/Lo-Manthang-le-mura.-Dallalto-dei-tetti-1536x1152.jpg 1536w, https:\/\/imagazine.it\/wp-content\/uploads\/2025\/07\/Lo-Manthang-le-mura.-Dallalto-dei-tetti.jpg 1772w\" sizes=\"auto, (max-width: 640px) 100vw, 640px\" \/><figcaption id=\"caption-attachment-66684\" class=\"wp-caption-text\">Le mura di Lo Manthang, dall\u2019alto dei tetti (ph. M. Tomaselli)<\/figcaption><\/figure>\n<h3><strong>Il trekking nel Mustang<\/strong><\/h3>\n<p>Dopo un altro viaggio aereo su un minuscolo velivolo dove scaramanticamente parlando ci facciamo il segno della croce, superiamo <strong>Jomsom <\/strong>e arriviamo a <strong>Ghami <\/strong>(3.510 m). Qui troviamo la possibilit\u00e0 di utilizzare il <em>wi-fi<\/em>.<\/p>\n<p>Dopo pranzo andiamo al palazzo reale. Il <em>chorten <\/em>segna l\u2019ingresso, si vede che \u00e8 molto antico. Qui viveva fino a pochi anni fa la nipote del Re del Mustang. Visitiamo il Gompa, la collezione di antichi <em>Thangka <\/em>e le conchiglie sacre. Ci sono pezzi di artigianato davvero pregevoli. Ci raccontano della <em>Ghami Solar School<\/em>, scuola locale gestita dalla fondazione <em>Pietro Taricone Onlus<\/em>.<\/p>\n<p>L\u2019attrice Kasia Smutniak, con l\u2019allora compagno Pietro Taricone, decise di visitare il Mustang. Ci vennero una volta sola, tanto bast\u00f2 per innamorarsene, con la promessa di fare qualcosa di concreto per aiutare gli abitanti. In seguito alla tragica morte di Taricone nel 2010, Smutniak ritorn\u00f2 qui da sola con la figlia per costruire la scuola.<\/p>\n<p>L\u2019indomani, dall\u2019alto dei 4.000 metri del <strong>passo di Lo<\/strong>, vediamo <strong>Lo Manthang <\/strong>(3.840 m), l\u2019antica capitale del Mustang. Questa citt\u00e0 fortificata, bastantemente risparmiata dal terremoto del 2015, \u00e8 in mezzo alle dune di sabbia ed \u00e8 circondata dai resti di antichi castelli. Appare dipinta da due colori: il rosso dei tre grandi monasteri e il bianco del palazzo reale. Traspare come una citt\u00e0 magica, una favola d\u2019oriente laddove il tempo si \u00e8 fermato. Erano cos\u00ec le citt\u00e0 nel Medioevo?<\/p>\n<figure id=\"attachment_66685\" aria-describedby=\"caption-attachment-66685\" style=\"width: 1000px\" class=\"wp-caption aligncenter\"><img loading=\"lazy\" decoding=\"async\" class=\"size-full wp-image-66685\" src=\"https:\/\/imagazine.it\/wp-content\/uploads\/2025\/07\/La-bandiera-friulana-durante-una-visita-a-una-scuola-gestita-da-Friuli-Nepal-Mandi-Namaste-con-Gopal.jpg\" alt=\"\" width=\"1000\" height=\"667\" title=\"\" srcset=\"https:\/\/imagazine.it\/wp-content\/uploads\/2025\/07\/La-bandiera-friulana-durante-una-visita-a-una-scuola-gestita-da-Friuli-Nepal-Mandi-Namaste-con-Gopal.jpg 1000w, https:\/\/imagazine.it\/wp-content\/uploads\/2025\/07\/La-bandiera-friulana-durante-una-visita-a-una-scuola-gestita-da-Friuli-Nepal-Mandi-Namaste-con-Gopal-300x200.jpg 300w, https:\/\/imagazine.it\/wp-content\/uploads\/2025\/07\/La-bandiera-friulana-durante-una-visita-a-una-scuola-gestita-da-Friuli-Nepal-Mandi-Namaste-con-Gopal-768x512.jpg 768w, https:\/\/imagazine.it\/wp-content\/uploads\/2025\/07\/La-bandiera-friulana-durante-una-visita-a-una-scuola-gestita-da-Friuli-Nepal-Mandi-Namaste-con-Gopal-391x260.jpg 391w, https:\/\/imagazine.it\/wp-content\/uploads\/2025\/07\/La-bandiera-friulana-durante-una-visita-a-una-scuola-gestita-da-Friuli-Nepal-Mandi-Namaste-con-Gopal-272x182.jpg 272w\" sizes=\"auto, (max-width: 1000px) 100vw, 1000px\" \/><figcaption id=\"caption-attachment-66685\" class=\"wp-caption-text\">La bandiera friulana tra le mani di, da sinistra, Stefano Toscani, Alessia Vedovato, Punam Poudel, Lucia Fiuman\u00f2, Sapana Poudel, Michele Tomasaelli, Pralhad Bastola, accanto a Gopal<\/figcaption><\/figure>\n<h3><strong>Le scuole<\/strong><\/h3>\n<p>Concludiamo il viaggio visitando l\u2019<strong>Istituto scolastico Pragati Patshala di Kurintar<\/strong>, a circa 4 ore da Katmandu, dove ci accolgono con una grande festa circa 180 bambini. Dal 2023 l\u2019Onlus Friuli Mandi Nepal Namast\u00e9 ne supporta l\u2019attivit\u00e0, gestendo inoltre il progetto del vicino impianto di irrigazione.<\/p>\n<p>Chiudiamo visitando la <strong>Phulchoki School <\/strong>a <strong>Bhadikel<\/strong>: completamente ristrutturata e oggi fiore all\u2019occhiello con oltre 260 studenti, la <strong>Phenday Care children\u2019s<\/strong>, struttura casa famiglia con oltre 25 bambini, e la <strong>Splendid Valley Community School <\/strong>di <strong>Palubari <\/strong>che ospita 300 alunni, suddivisi tra l\u2019asilo, le elementari e le medie.<\/p>\n<p>Tutte strutture finanziate dalla onlus friulana.<\/p>\n<p>Anche per questo, mentre risuona l\u2019inno di Mameli, lo sventolio della bandiera del Friuli rappresenta l\u2019immagine perfetta di questo viaggio speciale.<\/p>\n","protected":false},"excerpt":{"rendered":"<p>Tra i distretti pi\u00f9 remoti dell\u2019\u00abultimo Tibet\u00bb, opera da vent\u2019anni una onlus friulana attiva in progetti di inclusione sociale nell\u2019ambito scolastico per garantire un futuro migliore a migliaia di bambini nepalesi. Un viaggio nel tempo tra atmosfere medievali e solidariet\u00e0<\/p>\n","protected":false},"author":27,"featured_media":66681,"comment_status":"closed","ping_status":"closed","sticky":false,"template":"","format":"image","meta":{"dwc-title":[""],"dwc-content":[""],"footnotes":""},"categories":[8],"tags":[1273,3491,3490,145],"class_list":["post-66680","post","type-post","status-publish","format-image","has-post-thumbnail","hentry","category-turismo","tag-friuli","tag-mandi","tag-nepal","tag-solidarieta","post_format-post-format-image"],"rttpg_featured_image_url":{"full":["https:\/\/imagazine.it\/wp-content\/uploads\/2025\/07\/OPENLa-delegazione-di-Friuli-Mandi-Nepal-Mandi-Namste-in-visita-ad-una-scuola.jpg",1366,705,false],"landscape":["https:\/\/imagazine.it\/wp-content\/uploads\/2025\/07\/OPENLa-delegazione-di-Friuli-Mandi-Nepal-Mandi-Namste-in-visita-ad-una-scuola.jpg",1366,705,false],"portraits":["https:\/\/imagazine.it\/wp-content\/uploads\/2025\/07\/OPENLa-delegazione-di-Friuli-Mandi-Nepal-Mandi-Namste-in-visita-ad-una-scuola.jpg",1366,705,false],"thumbnail":["https:\/\/imagazine.it\/wp-content\/uploads\/2025\/07\/OPENLa-delegazione-di-Friuli-Mandi-Nepal-Mandi-Namste-in-visita-ad-una-scuola-150x150.jpg",150,150,true],"medium":["https:\/\/imagazine.it\/wp-content\/uploads\/2025\/07\/OPENLa-delegazione-di-Friuli-Mandi-Nepal-Mandi-Namste-in-visita-ad-una-scuola-300x155.jpg",300,155,true],"large":["https:\/\/imagazine.it\/wp-content\/uploads\/2025\/07\/OPENLa-delegazione-di-Friuli-Mandi-Nepal-Mandi-Namste-in-visita-ad-una-scuola-1024x528.jpg",640,330,true],"thumblist":["https:\/\/imagazine.it\/wp-content\/uploads\/2025\/07\/OPENLa-delegazione-di-Friuli-Mandi-Nepal-Mandi-Namste-in-visita-ad-una-scuola-300x300.jpg",300,300,true],"thumbrelated":["https:\/\/imagazine.it\/wp-content\/uploads\/2025\/07\/OPENLa-delegazione-di-Friuli-Mandi-Nepal-Mandi-Namste-in-visita-ad-una-scuola-500x500.jpg",500,500,true],"meccarouselthumb":["https:\/\/imagazine.it\/wp-content\/uploads\/2025\/07\/OPENLa-delegazione-di-Friuli-Mandi-Nepal-Mandi-Namste-in-visita-ad-una-scuola-474x324.jpg",474,324,true],"gridsquare":["https:\/\/imagazine.it\/wp-content\/uploads\/2025\/07\/OPENLa-delegazione-di-Friuli-Mandi-Nepal-Mandi-Namste-in-visita-ad-una-scuola-391x260.jpg",391,260,true],"tileview":["https:\/\/imagazine.it\/wp-content\/uploads\/2025\/07\/OPENLa-delegazione-di-Friuli-Mandi-Nepal-Mandi-Namste-in-visita-ad-una-scuola-300x400.jpg",300,400,true],"1536x1536":["https:\/\/imagazine.it\/wp-content\/uploads\/2025\/07\/OPENLa-delegazione-di-Friuli-Mandi-Nepal-Mandi-Namste-in-visita-ad-una-scuola.jpg",1366,705,false],"2048x2048":["https:\/\/imagazine.it\/wp-content\/uploads\/2025\/07\/OPENLa-delegazione-di-Friuli-Mandi-Nepal-Mandi-Namste-in-visita-ad-una-scuola.jpg",1366,705,false],"newsup-slider-full":["https:\/\/imagazine.it\/wp-content\/uploads\/2025\/07\/OPENLa-delegazione-di-Friuli-Mandi-Nepal-Mandi-Namste-in-visita-ad-una-scuola-1280x705.jpg",1280,705,true],"newsup-featured":["https:\/\/imagazine.it\/wp-content\/uploads\/2025\/07\/OPENLa-delegazione-di-Friuli-Mandi-Nepal-Mandi-Namste-in-visita-ad-una-scuola-1024x528.jpg",1024,528,true],"newsup-medium":["https:\/\/imagazine.it\/wp-content\/uploads\/2025\/07\/OPENLa-delegazione-di-Friuli-Mandi-Nepal-Mandi-Namste-in-visita-ad-una-scuola-720x380.jpg",720,380,true],"tptn_thumbnail":["https:\/\/imagazine.it\/wp-content\/uploads\/2025\/07\/OPENLa-delegazione-di-Friuli-Mandi-Nepal-Mandi-Namste-in-visita-ad-una-scuola-250x210.jpg",250,210,true],"sow-carousel-default":["https:\/\/imagazine.it\/wp-content\/uploads\/2025\/07\/OPENLa-delegazione-di-Friuli-Mandi-Nepal-Mandi-Namste-in-visita-ad-una-scuola-272x182.jpg",272,182,true]},"rttpg_author":{"display_name":"Michele Tomaselli","author_link":"https:\/\/imagazine.it\/home_desk\/author\/tomaselli\/"},"rttpg_comment":0,"rttpg_category":"<a href=\"https:\/\/imagazine.it\/home_desk\/category\/turismo\/\" rel=\"category tag\">TURISMO<\/a>","rttpg_excerpt":"Tra i distretti pi\u00f9 remoti dell\u2019\u00abultimo Tibet\u00bb, opera da vent\u2019anni una onlus friulana attiva in progetti di inclusione sociale nell\u2019ambito scolastico per garantire un futuro migliore a migliaia di bambini nepalesi. Un viaggio nel tempo tra atmosfere medievali e solidariet\u00e0","_links":{"self":[{"href":"https:\/\/imagazine.it\/home_desk\/wp-json\/wp\/v2\/posts\/66680","targetHints":{"allow":["GET"]}}],"collection":[{"href":"https:\/\/imagazine.it\/home_desk\/wp-json\/wp\/v2\/posts"}],"about":[{"href":"https:\/\/imagazine.it\/home_desk\/wp-json\/wp\/v2\/types\/post"}],"author":[{"embeddable":true,"href":"https:\/\/imagazine.it\/home_desk\/wp-json\/wp\/v2\/users\/27"}],"replies":[{"embeddable":true,"href":"https:\/\/imagazine.it\/home_desk\/wp-json\/wp\/v2\/comments?post=66680"}],"version-history":[{"count":0,"href":"https:\/\/imagazine.it\/home_desk\/wp-json\/wp\/v2\/posts\/66680\/revisions"}],"wp:featuredmedia":[{"embeddable":true,"href":"https:\/\/imagazine.it\/home_desk\/wp-json\/wp\/v2\/media\/66681"}],"wp:attachment":[{"href":"https:\/\/imagazine.it\/home_desk\/wp-json\/wp\/v2\/media?parent=66680"}],"wp:term":[{"taxonomy":"category","embeddable":true,"href":"https:\/\/imagazine.it\/home_desk\/wp-json\/wp\/v2\/categories?post=66680"},{"taxonomy":"post_tag","embeddable":true,"href":"https:\/\/imagazine.it\/home_desk\/wp-json\/wp\/v2\/tags?post=66680"}],"curies":[{"name":"wp","href":"https:\/\/api.w.org\/{rel}","templated":true}]}}