{"id":66452,"date":"2025-06-30T15:42:41","date_gmt":"2025-06-30T13:42:41","guid":{"rendered":"https:\/\/imagazine.it\/home_desk\/?p=66452"},"modified":"2025-07-29T14:54:07","modified_gmt":"2025-07-29T12:54:07","slug":"supercoppa-europea-udine-e-il-fvg-pronti-a-stupire","status":"publish","type":"post","link":"https:\/\/imagazine.it\/home_desk\/supercoppa-europea-udine-e-il-fvg-pronti-a-stupire\/","title":{"rendered":"Supercoppa Europea: Udine e il FVG pronti a stupire"},"content":{"rendered":"<p><span style=\"font-size: 10pt;\"><em>(ph. L. Nonis)<\/em><\/span><\/p>\n<p>UDINE \u2013 Udine e il Friuli Venezia Giulia sono pronti ad accogliere la <strong>UEFA Super Cup<\/strong>, in programma mercoled\u00ec 13 agosto allo <strong>Stadio Friuli di Udine<\/strong>, e che vedr\u00e0 in campo il <strong>Paris Saint-Germain<\/strong>, vincitore della Champions League, e il <strong>Tottenham Hotspur<\/strong>, che ha conquistato l\u2019Europa League, con fischio d\u2019inizio alle ore 21.<\/p>\n<p>Diverse le iniziative in accompagnamento all\u2019evento gi\u00e0 a partire dalle settimane precedenti, che coinvolgeranno Udine, ma anche altre localit\u00e0, con iniziative e diverse promozioni tra cui musei aperti, gratuiti o a prezzo ridotto per i possessori dei biglietti, risultato della collaborazione tra PromoTurismoFVG, Regione, Comune di Udine, FIGC e UEFA.<\/p>\n<p>La UEFA Super Cup, assieme a tutte le iniziative legate all\u2019evento che per la prima volta si disputer\u00e0 in Italia da quando il trofeo si assegna in gara secca, \u00e8 stata presentata oggi allo Stadio Friuli, nella conferenza stampa a cui hanno partecipato il presidente della Regione Friuli Venezia Giulia <strong>Massimiliano Fedriga<\/strong>, il sindaco di Udine <strong>Alberto Felice De Toni<\/strong>, il direttore generale dell&#8217;Udinese Calcio <strong>Franco Collavino<\/strong> e il presidente della FIGC e primo vicepresidente UEFA <strong>Gabriele Gravina<\/strong>, con un saluto introduttivo del proprietario del club friulano <strong>Giampaolo Pozzo<\/strong>.<\/p>\n<h3><strong>VOLONTARI<br \/>\n<\/strong><\/h3>\n<p>Sulla scia dei precedenti programmi promossi in collaborazione da UEFA e FIGC, il Programma Volontari per UEFA Super Cup ha portato al reclutamento di 300 volontari, di 27 nazionalit\u00e0 diverse e con un 45% di presenza femminile.<\/p>\n<p>Sono 195 invece i volontari friulani, selezionati per affiancare durante la finale e nei giorni precedenti l\u2019evento i professionisti nel settore sportivo nelle loro attivit\u00e0 allo Stadio Friuli di Udine e presso le sedi ufficiali UEFA.<\/p>\n<h3><strong>IL LOGO: L\u2019AQUILA DELLA REGIONE<\/strong><\/h3>\n<p>Per l\u2019occasione, la UEFA ha sviluppato un segno grafico dedicato alla citt\u00e0 e alla regione, associato al logo ufficiale della UEFA Super Cup utilizzando l\u2019immagine dell\u2019aquila per promuovere il match con visibilit\u00e0 mondiale.<\/p>\n<h3><strong>CITY DRESSING: LE CITT\u00c0 SI \u201cVESTONO\u201d PER LA SUPERCOPPA<br \/>\n<\/strong><\/h3>\n<p>Saranno cinque le localit\u00e0 che si vestiranno con le grafiche legate alla UEFA Super Cup: <strong>Gorizia, Grado, Lignano, Trieste e Udine<\/strong> con l\u2019obiettivo di personalizzare l\u2019evento e ampliare la visibilit\u00e0 mediatica del match a partire gi\u00e0 dal 28 luglio e fino al 14 agosto.<\/p>\n<p>In ognuna delle citt\u00e0 sar\u00e0 posizionato in una location strategica un pallone gigante brandizzato per l\u2019occasione.<\/p>\n<h3><strong>TROPHY EXPERIENCE: LE COPPE GIRANO IL FVG<br \/>\n<\/strong><\/h3>\n<p>Dal 29 luglio al 13 agosto le coppe della Champions\u00a0League,\u00a0dell&#8217;Europa League e la UEFA Super Cup saranno protagoniste di un viaggio itinerante che vedr\u00e0 toccare quattro citt\u00e0 della regione per poi raggiungere Udine.<\/p>\n<p>Si parte il 29 luglio con la Supercoppa che rimarr\u00e0 in esposizione a Gorizia, Capitale europea della Cultura 2025, alla Ferramenta Krainer di via Rastello, fino al 31 luglio.<\/p>\n<p>Dal 2 al 4 agosto Champions League, Europa League e UEFA Super Cup saranno a Trieste, esposte all\u2019ingresso principale del Palazzo della Regione (ingresso piazza Unit\u00e0).<\/p>\n<p>Il 6 e 7 agosto sar\u00e0 Grado, nei locali della Git, a ospitare le tre coppe, che il 9 e il 10 agosto arriveranno sul lungomare di Lignano Sabbiadoro, un giorno a Sabbiadoro e uno a Pineta, in entrambi i casi a bordo del truck mobile dell\u2019evento.<\/p>\n<p>Ultima tappa della Trophy Experience sar\u00e0 dunque Udine, quando i tre trofei saranno a disposizione dei tifosi il 12 e 13 agosto all\u2019UEFA Fan Village di piazza Libert\u00e0.<\/p>\n<p><iframe loading=\"lazy\" title=\"Uefa Super Cup a Udine\" width=\"640\" height=\"360\" src=\"https:\/\/www.youtube.com\/embed\/0Suy_x3zogc?feature=oembed\" frameborder=\"0\" allow=\"accelerometer; autoplay; clipboard-write; encrypted-media; gyroscope; picture-in-picture; web-share\" referrerpolicy=\"strict-origin-when-cross-origin\" allowfullscreen><\/iframe><\/p>\n<p>In ognuna delle citt\u00e0 \u00e8 previsto un momento inaugurale con il coinvolgimento di autorit\u00e0 locali e atleti ambassador \u201cIo sono Friuli Venezia Giulia\u201d all\u2019arrivo delle coppe, con un omaggio di alcuni gadget per i primi tifosi che faranno le foto.<\/p>\n<h3><strong>UEFA FAN FESTIVAL A UDINE<br \/>\n<\/strong><\/h3>\n<p>Marted\u00ec 12 (10.00 \u2013 22.00) e mercoled\u00ec 13 agosto (10.00 \u2013 18.00)\u00a0<strong>piazza Libert\u00e0<\/strong>\u00a0accoglier\u00e0 il\u00a0<strong>UEFA Fan Festival<\/strong>, un luogo per celebrare l\u2019evento insieme a UEFA e a tutti i partner della competizione tra sport, giochi e divertimento per tutti gli sportivi.<\/p>\n<p>Sar\u00e0 allestita un\u2019area gioco per bambini e ragazzi coinvolgendo, con il supporto del Comune e FIGC, alcuni centri estivi e scuole di calcio a livello locale.<\/p>\n<p>Al Uefa Fan Festival \u2013 dove saranno esposte le tre coppe \u2013 saranno disponibili giochi e gadget per tutti, mentre in\u00a0<strong>via Mercatovecchio<\/strong>\u00a0gli sponsor proporranno giochi e attivit\u00e0 per il pubblico, mentre in piazza\u00a0<strong>San Giacomo<\/strong>\u00a0dal 29 luglio al 13 agosto gli occhi saranno puntati sul\u00a0<strong>Giant Trophy<\/strong>, un\u2019installazione di circa 4 metri che riproduce il trofeo e accompagner\u00e0 tifosi, sportivi, turisti e cittadini nelle settimane che precederanno il match.<\/p>\n<h3><strong>TIFOSERIE: DUE I FAN MEETING POINT<br \/>\n<\/strong><\/h3>\n<p>Per i tifosi delle due squadre che si contenderanno il titolo, a Udine sono state previste due aree, una per ciascuna tifoseria: piazza Primo Maggio per il Tottenham e parco Moretti per il Paris Saint-Germain. I due Fan Meeting Point saranno aperti dalle 10 alle 18 del 13 agosto e le due aree proporranno intrattenimento, <em>food&amp;beverage<\/em>, servizi, palco per deejay set e allestimenti temporanei a tema.<\/p>\n<h3><strong>IL BIGLIETTO DELLA PARTITA DIVENTA UN PASS PER LA CULTURA<br \/>\n<\/strong><\/h3>\n<p>PromoTurismoFVG, in collaborazione con le localit\u00e0 coinvolte, ha messo a punto una serie di agevolazioni e riduzioni a Udine e in tutta la regione per abbinare alla visibilit\u00e0 mediatica dell\u2019evento e alla presenza di moltissimi tifosi in citt\u00e0 l\u2019occasione per conoscere il territorio del Friuli Venezia Giulia, trasformando il biglietto della partita in un vero e proprio pass che regala vantaggi al suo possessore e a un accompagnatore. L\u2019obiettivo \u00e8 quello di invogliare gli ospiti a scoprire anche altre iniziative, proposte e bellezze non lontane da Udine, puntando sulla ricca offerta della regione.<\/p>\n<p>Dal 28 luglio all\u201911 agosto per i possessori del biglietto (assieme a un accompagnatore) i musei della citt\u00e0 saranno fruibili a prezzo ridotto, mentre sempre dal 28 luglio fino al 15 agosto sar\u00e0 possibile ritirare in infopoint l\u2019audioguida gratuitamente. Il 12 agosto tutti i musei saranno aperti e accessibili a tutto il pubblico in occasione dell&#8217;apertura dell\u2019UEFA Fan Festival.<\/p>\n<p>Le promozioni per i titolari dei biglietti non si limiteranno a Udine ma interesseranno l\u2019intero territorio regionale con una riduzione dei prezzi per accedere \u2013 dal 28 luglio all\u201911 agosto \u2013 ai Civici Musei di Trieste, alla basilica di Aquileia, alla Domus di Tito Macro e al Museo archeologico nazionale, a Gorizia alla mostra di \u201c<em>Zoran Music. La stanza di Zurigo, le opere, l\u2019atelier<\/em>\u201d, ai Musei civici di Pordenone e Palazzo del fumetto, al castello di Gorizia, al Museo archeologico di Cividale del Friuli e Tempietto longobardo, Museo cristiano, Galleria de martiis e Cips, al Museo storico e al parco del castello di Miramare.<\/p>\n<p>Dal 29 luglio al 15 agosto saranno inoltre a disposizione gratuitamente, ritirabili in infopoint, le audioguide di Aquileia, Gorizia, Palmanova, Pordenone e Trieste.<\/p>\n<p>Nel mese di luglio saranno inoltre attivate promozioni su Lignano Sabbiadoro e Grado, mentre tra le altre iniziative collaterali la realizzazione della t-shirt dedicata alla Trophy Experience\/UEFA Super Cup disponibile a breve online sul sito\u00a0<span style=\"text-decoration: underline;\"><a href=\"http:\/\/www.friuliveneziagiuliashop.it\/\" target=\"_blank\" rel=\"noopener\">www.friuliveneziagiuliashop.it<\/a><\/span>\u00a0e il pass ricordo \u201c<em>Io c\u2019ero<\/em>\u201d, omaggio ai primi partecipanti della Trophy Experience.<\/p>\n","protected":false},"excerpt":{"rendered":"<p>Per la prima volta la partita in Italia. Coinvolte anche Gorizia, Grado, Lignano e Trieste che ospiteranno il trofeo assieme a quelli di Champions ed Europa League<\/p>\n","protected":false},"author":3,"featured_media":66453,"comment_status":"closed","ping_status":"closed","sticky":false,"template":"","format":"image","meta":{"dwc-title":[""],"dwc-content":[""],"footnotes":""},"categories":[38],"tags":[947,43,174,225,2641,101],"class_list":["post-66452","post","type-post","status-publish","format-image","has-post-thumbnail","hentry","category-sport","tag-calcio","tag-gorizia","tag-grado","tag-lignano","tag-supercoppa","tag-udine","post_format-post-format-image"],"rttpg_featured_image_url":{"full":["https:\/\/imagazine.it\/wp-content\/uploads\/2025\/06\/open.jpeg",1920,1080,false],"landscape":["https:\/\/imagazine.it\/wp-content\/uploads\/2025\/06\/open.jpeg",1920,1080,false],"portraits":["https:\/\/imagazine.it\/wp-content\/uploads\/2025\/06\/open.jpeg",1920,1080,false],"thumbnail":["https:\/\/imagazine.it\/wp-content\/uploads\/2025\/06\/open-150x150.jpeg",150,150,true],"medium":["https:\/\/imagazine.it\/wp-content\/uploads\/2025\/06\/open-300x169.jpeg",300,169,true],"large":["https:\/\/imagazine.it\/wp-content\/uploads\/2025\/06\/open-1024x576.jpeg",640,360,true],"thumblist":["https:\/\/imagazine.it\/wp-content\/uploads\/2025\/06\/open-300x300.jpeg",300,300,true],"thumbrelated":["https:\/\/imagazine.it\/wp-content\/uploads\/2025\/06\/open-500x500.jpeg",500,500,true],"meccarouselthumb":["https:\/\/imagazine.it\/wp-content\/uploads\/2025\/06\/open-474x324.jpeg",474,324,true],"gridsquare":["https:\/\/imagazine.it\/wp-content\/uploads\/2025\/06\/open-391x260.jpeg",391,260,true],"tileview":["https:\/\/imagazine.it\/wp-content\/uploads\/2025\/06\/open-300x400.jpeg",300,400,true],"1536x1536":["https:\/\/imagazine.it\/wp-content\/uploads\/2025\/06\/open-1536x864.jpeg",1536,864,true],"2048x2048":["https:\/\/imagazine.it\/wp-content\/uploads\/2025\/06\/open.jpeg",1920,1080,false],"newsup-slider-full":["https:\/\/imagazine.it\/wp-content\/uploads\/2025\/06\/open-1280x720.jpeg",1280,720,true],"newsup-featured":["https:\/\/imagazine.it\/wp-content\/uploads\/2025\/06\/open-1024x576.jpeg",1024,576,true],"newsup-medium":["https:\/\/imagazine.it\/wp-content\/uploads\/2025\/06\/open-720x380.jpeg",720,380,true],"tptn_thumbnail":["https:\/\/imagazine.it\/wp-content\/uploads\/2025\/06\/open-250x210.jpeg",250,210,true],"sow-carousel-default":["https:\/\/imagazine.it\/wp-content\/uploads\/2025\/06\/open-272x182.jpeg",272,182,true]},"rttpg_author":{"display_name":"Andrea Doncovio","author_link":"https:\/\/imagazine.it\/home_desk\/author\/andrea\/"},"rttpg_comment":0,"rttpg_category":"<a href=\"https:\/\/imagazine.it\/home_desk\/category\/sport\/\" rel=\"category tag\">SPORT<\/a>","rttpg_excerpt":"Per la prima volta la partita in Italia. Coinvolte anche Gorizia, Grado, Lignano e Trieste che ospiteranno il trofeo assieme a quelli di Champions ed Europa League","_links":{"self":[{"href":"https:\/\/imagazine.it\/home_desk\/wp-json\/wp\/v2\/posts\/66452","targetHints":{"allow":["GET"]}}],"collection":[{"href":"https:\/\/imagazine.it\/home_desk\/wp-json\/wp\/v2\/posts"}],"about":[{"href":"https:\/\/imagazine.it\/home_desk\/wp-json\/wp\/v2\/types\/post"}],"author":[{"embeddable":true,"href":"https:\/\/imagazine.it\/home_desk\/wp-json\/wp\/v2\/users\/3"}],"replies":[{"embeddable":true,"href":"https:\/\/imagazine.it\/home_desk\/wp-json\/wp\/v2\/comments?post=66452"}],"version-history":[{"count":0,"href":"https:\/\/imagazine.it\/home_desk\/wp-json\/wp\/v2\/posts\/66452\/revisions"}],"wp:featuredmedia":[{"embeddable":true,"href":"https:\/\/imagazine.it\/home_desk\/wp-json\/wp\/v2\/media\/66453"}],"wp:attachment":[{"href":"https:\/\/imagazine.it\/home_desk\/wp-json\/wp\/v2\/media?parent=66452"}],"wp:term":[{"taxonomy":"category","embeddable":true,"href":"https:\/\/imagazine.it\/home_desk\/wp-json\/wp\/v2\/categories?post=66452"},{"taxonomy":"post_tag","embeddable":true,"href":"https:\/\/imagazine.it\/home_desk\/wp-json\/wp\/v2\/tags?post=66452"}],"curies":[{"name":"wp","href":"https:\/\/api.w.org\/{rel}","templated":true}]}}