{"id":66447,"date":"2025-06-30T14:46:56","date_gmt":"2025-06-30T12:46:56","guid":{"rendered":"https:\/\/imagazine.it\/home_desk\/?p=66447"},"modified":"2025-07-01T12:34:25","modified_gmt":"2025-07-01T10:34:25","slug":"baseball","status":"publish","type":"post","link":"https:\/\/imagazine.it\/home_desk\/baseball\/","title":{"rendered":"Baseball: Ronchi celebra gli eroi del &#8220;De Martino&#8221;"},"content":{"rendered":"<p><span style=\"font-size: 10pt;\"><em>I reduci del &#8220;De Martino&#8221; premiati al Gaspardis<\/em><\/span><\/p>\n<p>RONCHI DEI LEGIONARI \u2013 La <strong>Gereon Engineerign New Black Panthers<\/strong> osserver\u00e0 in questa settimana un turno di riposo, l\u2019ultimo del girone di qualificazione.<\/p>\n<p>Servir\u00e0 per raccogliere le idee e prepararsi al rush finale\u00a0della prossima settimana. Sar\u00e0 utile per digerire\u00a0il boccone amaro della doppia sconfitta interna ad opera del Junior Alpina.<\/p>\n<p>Per poter agguantare il primo posto in classifica bisogner\u00e0 battere sabato 5 luglio in entrambe le partite <strong>Verona<\/strong>, impresa non facile.<\/p>\n<p>Se manager <strong>Furlani<\/strong> e il suo staff stanno lavorando sulle contromisure da intraprendere, \u00e8 per\u00f2 vero che i <em>play off<\/em> scudetto sono gi\u00e0 acquisiti: resta da vedere solo con quale team del girone A si scontrer\u00e0 la compagine ronchese.<\/p>\n<p>Da rilevare invece che tra le due partite di sabato scorso si \u00e8 svolta una breve cerimonia a ricordo di un evento di cinquant\u2019anni fa, il periodo d\u2019oro del baseball ronchese.<\/p>\n<p>Nei primi anni settanta dello scorso secolo, dopo una dozzina di stagioni che a Ronchi era germogliato il seme della passione per il baseball e che per il paese quasi non si parlasse di altro sport, prepotentemente i Black Panthers irruppero sulla scena nazionale mietendo successi e titoli.<\/p>\n<p>In pochi anni arrivarono i titoli nazionali dei Giochi della Giovent\u00f9, categoria allievi, nonch\u00e9 secondo posto sempre con gli allievi, un prestigioso quinto posto con la squadra maggiore in Serie A, nonch\u00e9 nel 1975 il primo posto nel torneo De Martino, in pratica il campionato juniores.<\/p>\n<p>Due memorabili partite di finale\u00a0disputate a San Giovanni in Persiceto contro la Juventus Torino, vinte alla grande, sancirono la vittoria dei ronchesi, allora sponsorizzati Cuminicucine.<\/p>\n<p>E proprio questo prestigioso traguardo si \u00e8 voluto ricordare al Gaspardis al cospetto del pubblico convenuto per la partita serale, con il vicesindaco di Ronchi, <strong>Enrico Papais<\/strong>, in rappresentanza dell\u2019Amministrazione comunale, che ha salutato e consegnato una pergamena ricordo a un nutrito gruppo di reduci, accompagnati dai coach di allora, <strong>Ilver Violin<\/strong> e <strong>Giorgio \u201cOce\u201d Trevisan<\/strong>.<\/p>\n<p>Per la cronaca di seguito chi partecip\u00f2 in quell\u2019anno all\u2019avventura della De Martino: Ilver Violin (coach), Giorgio &#8220;Oce&#8221; Trevisan (manager), Alessandro Filiput, Diego Ghersi, Walter Basiola, Paolo Sfiligoi, Stefano Zotti, Mario Da Re, Marco Fragiacomo, Paolo Gobet, Andrea Bazzarini, Delio Lenardon, Fabio Persi, Maurizio Vriz, Mauro Zorzenon, Francesco Morelli, Vittorio Clemente, Ondino Parmeggiani, Paolo Ustulin, Diego Mineo, Giorgio Miceu e Luciano Marussich.<\/p>\n","protected":false},"excerpt":{"rendered":"<p>Commemorazione speciale a 50 anni dalla vittoria del titolo nazionale juniores. Sul campo un nutrito gruppo di reduci<\/p>\n","protected":false},"author":22,"featured_media":66450,"comment_status":"closed","ping_status":"closed","sticky":false,"template":"","format":"image","meta":{"dwc-title":[""],"dwc-content":[""],"footnotes":""},"categories":[38],"tags":[1641,149,568],"class_list":["post-66447","post","type-post","status-publish","format-image","has-post-thumbnail","hentry","category-sport","tag-baseball","tag-ronchi","tag-storia","post_format-post-format-image"],"rttpg_featured_image_url":{"full":["https:\/\/imagazine.it\/wp-content\/uploads\/2025\/06\/di-martino-reduci.jpg",1366,769,false],"landscape":["https:\/\/imagazine.it\/wp-content\/uploads\/2025\/06\/di-martino-reduci.jpg",1366,769,false],"portraits":["https:\/\/imagazine.it\/wp-content\/uploads\/2025\/06\/di-martino-reduci.jpg",1366,769,false],"thumbnail":["https:\/\/imagazine.it\/wp-content\/uploads\/2025\/06\/di-martino-reduci-150x150.jpg",150,150,true],"medium":["https:\/\/imagazine.it\/wp-content\/uploads\/2025\/06\/di-martino-reduci-300x169.jpg",300,169,true],"large":["https:\/\/imagazine.it\/wp-content\/uploads\/2025\/06\/di-martino-reduci-1024x576.jpg",640,360,true],"thumblist":["https:\/\/imagazine.it\/wp-content\/uploads\/2025\/06\/di-martino-reduci-300x300.jpg",300,300,true],"thumbrelated":["https:\/\/imagazine.it\/wp-content\/uploads\/2025\/06\/di-martino-reduci-500x500.jpg",500,500,true],"meccarouselthumb":["https:\/\/imagazine.it\/wp-content\/uploads\/2025\/06\/di-martino-reduci-474x324.jpg",474,324,true],"gridsquare":["https:\/\/imagazine.it\/wp-content\/uploads\/2025\/06\/di-martino-reduci-391x260.jpg",391,260,true],"tileview":["https:\/\/imagazine.it\/wp-content\/uploads\/2025\/06\/di-martino-reduci-300x400.jpg",300,400,true],"1536x1536":["https:\/\/imagazine.it\/wp-content\/uploads\/2025\/06\/di-martino-reduci.jpg",1366,769,false],"2048x2048":["https:\/\/imagazine.it\/wp-content\/uploads\/2025\/06\/di-martino-reduci.jpg",1366,769,false],"newsup-slider-full":["https:\/\/imagazine.it\/wp-content\/uploads\/2025\/06\/di-martino-reduci-1280x720.jpg",1280,720,true],"newsup-featured":["https:\/\/imagazine.it\/wp-content\/uploads\/2025\/06\/di-martino-reduci-1024x576.jpg",1024,576,true],"newsup-medium":["https:\/\/imagazine.it\/wp-content\/uploads\/2025\/06\/di-martino-reduci-720x380.jpg",720,380,true],"tptn_thumbnail":["https:\/\/imagazine.it\/wp-content\/uploads\/2025\/06\/di-martino-reduci-250x210.jpg",250,210,true],"sow-carousel-default":["https:\/\/imagazine.it\/wp-content\/uploads\/2025\/06\/di-martino-reduci-272x182.jpg",272,182,true]},"rttpg_author":{"display_name":"Livio Nonis","author_link":"https:\/\/imagazine.it\/home_desk\/author\/nonis\/"},"rttpg_comment":0,"rttpg_category":"<a href=\"https:\/\/imagazine.it\/home_desk\/category\/sport\/\" rel=\"category tag\">SPORT<\/a>","rttpg_excerpt":"Commemorazione speciale a 50 anni dalla vittoria del titolo nazionale juniores. Sul campo un nutrito gruppo di reduci","_links":{"self":[{"href":"https:\/\/imagazine.it\/home_desk\/wp-json\/wp\/v2\/posts\/66447","targetHints":{"allow":["GET"]}}],"collection":[{"href":"https:\/\/imagazine.it\/home_desk\/wp-json\/wp\/v2\/posts"}],"about":[{"href":"https:\/\/imagazine.it\/home_desk\/wp-json\/wp\/v2\/types\/post"}],"author":[{"embeddable":true,"href":"https:\/\/imagazine.it\/home_desk\/wp-json\/wp\/v2\/users\/22"}],"replies":[{"embeddable":true,"href":"https:\/\/imagazine.it\/home_desk\/wp-json\/wp\/v2\/comments?post=66447"}],"version-history":[{"count":0,"href":"https:\/\/imagazine.it\/home_desk\/wp-json\/wp\/v2\/posts\/66447\/revisions"}],"wp:featuredmedia":[{"embeddable":true,"href":"https:\/\/imagazine.it\/home_desk\/wp-json\/wp\/v2\/media\/66450"}],"wp:attachment":[{"href":"https:\/\/imagazine.it\/home_desk\/wp-json\/wp\/v2\/media?parent=66447"}],"wp:term":[{"taxonomy":"category","embeddable":true,"href":"https:\/\/imagazine.it\/home_desk\/wp-json\/wp\/v2\/categories?post=66447"},{"taxonomy":"post_tag","embeddable":true,"href":"https:\/\/imagazine.it\/home_desk\/wp-json\/wp\/v2\/tags?post=66447"}],"curies":[{"name":"wp","href":"https:\/\/api.w.org\/{rel}","templated":true}]}}