{"id":66313,"date":"2025-06-24T11:20:04","date_gmt":"2025-06-24T09:20:04","guid":{"rendered":"https:\/\/imagazine.it\/home_desk\/?p=66313"},"modified":"2025-06-25T13:06:39","modified_gmt":"2025-06-25T11:06:39","slug":"marco-barone-nuovo-direttore-della-chirurgia-generale-isontina","status":"publish","type":"post","link":"https:\/\/imagazine.it\/home_desk\/marco-barone-nuovo-direttore-della-chirurgia-generale-isontina\/","title":{"rendered":"Marco Barone nuovo direttore della Chirurgia Generale Isontina"},"content":{"rendered":"<p><span style=\"font-size: 10pt;\"><em>Intervento di chirurgia robotica a Gorizia<\/em><\/span><\/p>\n<p>GORIZIA \/ MONFALCONE<em> \u2013<\/em> L\u2019Azienda Sanitaria Universitaria Giuliano Isontina (ASUGI) ha nominato il dottor <strong>Marco Barone<\/strong> a direttore della Struttura Complessa di Chirurgia Generale \u2013 Area Isontina, che comprende i presidi ospedalieri di Gorizia e Monfalcone.<\/p>\n<p>Il dottor Barone, specialista in Chirurgia Generale con una carriera trentennale all\u2019interno del sistema sanitario regionale, ha maturato un\u2019esperienza altamente qualificata nella chirurgia oncologica, nella chirurgia laparoscopica avanzata e nella chirurgia della parete addominale.<\/p>\n<p>In oltre trent\u2019anni di attivit\u00e0, ha ricoperto numerosi incarichi di responsabilit\u00e0, tra cui quello di Responsabile della Struttura Semplice di Chirurgia Laparoscopica avanzata e pi\u00f9 volte quello di facente funzione di Direttore della stessa struttura complessa.<\/p>\n<figure id=\"attachment_66315\" aria-describedby=\"caption-attachment-66315\" style=\"width: 640px\" class=\"wp-caption aligncenter\"><img loading=\"lazy\" decoding=\"async\" class=\"size-large wp-image-66315\" src=\"https:\/\/imagazine.it\/wp-content\/uploads\/2025\/06\/Marco-Barone-956x1024.jpg\" alt=\"\" width=\"640\" height=\"686\" title=\"\" srcset=\"https:\/\/imagazine.it\/wp-content\/uploads\/2025\/06\/Marco-Barone-956x1024.jpg 956w, https:\/\/imagazine.it\/wp-content\/uploads\/2025\/06\/Marco-Barone-280x300.jpg 280w, https:\/\/imagazine.it\/wp-content\/uploads\/2025\/06\/Marco-Barone-768x823.jpg 768w, https:\/\/imagazine.it\/wp-content\/uploads\/2025\/06\/Marco-Barone-1434x1536.jpg 1434w, https:\/\/imagazine.it\/wp-content\/uploads\/2025\/06\/Marco-Barone-1024x1097.jpg 1024w, https:\/\/imagazine.it\/wp-content\/uploads\/2025\/06\/Marco-Barone.jpg 1848w\" sizes=\"auto, (max-width: 640px) 100vw, 640px\" \/><figcaption id=\"caption-attachment-66315\" class=\"wp-caption-text\">Il dottor Marco Barone<\/figcaption><\/figure>\n<p>\u00c8 stato inoltre nominato <em>Team Leader<\/em> del Gruppo di Lavoro &#8220;Gestione perioperatoria A.I.&#8221; istituito da ASUGI per l\u2019ottimizzazione delle liste d\u2019attesa chirurgiche e dei processi del blocco operatorio.<\/p>\n","protected":false},"excerpt":{"rendered":"<p>Interessati i presidi ospedalieri di Gorizia e Monfalcone. Nominato anche Team Leader del Gruppo di Lavoro &#8220;Gestione perioperatoria A.I.&#8221;<\/p>\n","protected":false},"author":28,"featured_media":66314,"comment_status":"closed","ping_status":"closed","sticky":false,"template":"","format":"image","meta":{"dwc-title":[""],"dwc-content":[""],"footnotes":""},"categories":[5],"tags":[96,43,51,97,95],"class_list":["post-66313","post","type-post","status-publish","format-image","has-post-thumbnail","hentry","category-attualita","tag-asugi","tag-gorizia","tag-monfalcone","tag-salute","tag-sanita","post_format-post-format-image"],"rttpg_featured_image_url":{"full":["https:\/\/imagazine.it\/wp-content\/uploads\/2025\/06\/chirurgia.jpg",1366,848,false],"landscape":["https:\/\/imagazine.it\/wp-content\/uploads\/2025\/06\/chirurgia.jpg",1366,848,false],"portraits":["https:\/\/imagazine.it\/wp-content\/uploads\/2025\/06\/chirurgia.jpg",1366,848,false],"thumbnail":["https:\/\/imagazine.it\/wp-content\/uploads\/2025\/06\/chirurgia-150x150.jpg",150,150,true],"medium":["https:\/\/imagazine.it\/wp-content\/uploads\/2025\/06\/chirurgia-300x186.jpg",300,186,true],"large":["https:\/\/imagazine.it\/wp-content\/uploads\/2025\/06\/chirurgia-1024x636.jpg",640,398,true],"thumblist":["https:\/\/imagazine.it\/wp-content\/uploads\/2025\/06\/chirurgia-300x300.jpg",300,300,true],"thumbrelated":["https:\/\/imagazine.it\/wp-content\/uploads\/2025\/06\/chirurgia-500x500.jpg",500,500,true],"meccarouselthumb":["https:\/\/imagazine.it\/wp-content\/uploads\/2025\/06\/chirurgia-474x324.jpg",474,324,true],"gridsquare":["https:\/\/imagazine.it\/wp-content\/uploads\/2025\/06\/chirurgia-391x260.jpg",391,260,true],"tileview":["https:\/\/imagazine.it\/wp-content\/uploads\/2025\/06\/chirurgia-300x400.jpg",300,400,true],"1536x1536":["https:\/\/imagazine.it\/wp-content\/uploads\/2025\/06\/chirurgia.jpg",1366,848,false],"2048x2048":["https:\/\/imagazine.it\/wp-content\/uploads\/2025\/06\/chirurgia.jpg",1366,848,false],"newsup-slider-full":["https:\/\/imagazine.it\/wp-content\/uploads\/2025\/06\/chirurgia-1280x720.jpg",1280,720,true],"newsup-featured":["https:\/\/imagazine.it\/wp-content\/uploads\/2025\/06\/chirurgia-1024x636.jpg",1024,636,true],"newsup-medium":["https:\/\/imagazine.it\/wp-content\/uploads\/2025\/06\/chirurgia-720x380.jpg",720,380,true],"tptn_thumbnail":["https:\/\/imagazine.it\/wp-content\/uploads\/2025\/06\/chirurgia-250x210.jpg",250,210,true],"sow-carousel-default":["https:\/\/imagazine.it\/wp-content\/uploads\/2025\/06\/chirurgia-272x182.jpg",272,182,true]},"rttpg_author":{"display_name":"redazione","author_link":"https:\/\/imagazine.it\/home_desk\/author\/redazione\/"},"rttpg_comment":0,"rttpg_category":"<a href=\"https:\/\/imagazine.it\/home_desk\/category\/attualita\/\" rel=\"category tag\">ATTUALIT\u00c0<\/a>","rttpg_excerpt":"Interessati i presidi ospedalieri di Gorizia e Monfalcone. Nominato anche Team Leader del Gruppo di Lavoro \"Gestione perioperatoria A.I.\"","_links":{"self":[{"href":"https:\/\/imagazine.it\/home_desk\/wp-json\/wp\/v2\/posts\/66313","targetHints":{"allow":["GET"]}}],"collection":[{"href":"https:\/\/imagazine.it\/home_desk\/wp-json\/wp\/v2\/posts"}],"about":[{"href":"https:\/\/imagazine.it\/home_desk\/wp-json\/wp\/v2\/types\/post"}],"author":[{"embeddable":true,"href":"https:\/\/imagazine.it\/home_desk\/wp-json\/wp\/v2\/users\/28"}],"replies":[{"embeddable":true,"href":"https:\/\/imagazine.it\/home_desk\/wp-json\/wp\/v2\/comments?post=66313"}],"version-history":[{"count":0,"href":"https:\/\/imagazine.it\/home_desk\/wp-json\/wp\/v2\/posts\/66313\/revisions"}],"wp:featuredmedia":[{"embeddable":true,"href":"https:\/\/imagazine.it\/home_desk\/wp-json\/wp\/v2\/media\/66314"}],"wp:attachment":[{"href":"https:\/\/imagazine.it\/home_desk\/wp-json\/wp\/v2\/media?parent=66313"}],"wp:term":[{"taxonomy":"category","embeddable":true,"href":"https:\/\/imagazine.it\/home_desk\/wp-json\/wp\/v2\/categories?post=66313"},{"taxonomy":"post_tag","embeddable":true,"href":"https:\/\/imagazine.it\/home_desk\/wp-json\/wp\/v2\/tags?post=66313"}],"curies":[{"name":"wp","href":"https:\/\/api.w.org\/{rel}","templated":true}]}}