{"id":66081,"date":"2025-06-17T12:52:25","date_gmt":"2025-06-17T10:52:25","guid":{"rendered":"https:\/\/imagazine.it\/home_desk\/?p=66081"},"modified":"2025-06-17T12:53:50","modified_gmt":"2025-06-17T10:53:50","slug":"al-via-il-palio-dei-borghi-di-ruda","status":"publish","type":"post","link":"https:\/\/imagazine.it\/home_desk\/al-via-il-palio-dei-borghi-di-ruda\/","title":{"rendered":"Al via il Palio dei Borghi di Ruda"},"content":{"rendered":"<p><span style=\"font-size: 10pt;\"><em>La serata finale della passata edizione<\/em><\/span><\/p>\n<p>RUDA \u2013 Sabato 21 giugno inizier\u00e0 la <strong>15\u00aa edizione del &#8220;Palio dei Borghi di Ruda&#8221;<\/strong>.<\/p>\n<p>La manifestazione \u00e8 organizzata dai \u201cCros in Plaza\u201d con il supporto della Parrocchia Santo Stefano, delle associazioni locali e con il patrocinio dell\u2019amministrazione Comunale.<\/p>\n<p>Quest&#8217;anno, i <strong>borghi di Menteressa<\/strong>, <strong>Nordisa<\/strong>, <strong>Dota<\/strong> e i campioni uscenti delle <strong>Brichis<\/strong> si preparano a darsi battaglia in una serie di giochi avvincenti.<\/p>\n<p>Non sar\u00e0 solo una competizione, ma una vera e propria festa che coinvolger\u00e0 l&#8217;intera comunit\u00e0.<\/p>\n<figure id=\"attachment_66082\" aria-describedby=\"caption-attachment-66082\" style=\"width: 1000px\" class=\"wp-caption aligncenter\"><img loading=\"lazy\" decoding=\"async\" class=\"size-full wp-image-66082\" src=\"https:\/\/imagazine.it\/wp-content\/uploads\/2025\/06\/borghi-ruda-01.jpg\" alt=\"\" width=\"1000\" height=\"652\" title=\"\" srcset=\"https:\/\/imagazine.it\/wp-content\/uploads\/2025\/06\/borghi-ruda-01.jpg 1000w, https:\/\/imagazine.it\/wp-content\/uploads\/2025\/06\/borghi-ruda-01-300x196.jpg 300w, https:\/\/imagazine.it\/wp-content\/uploads\/2025\/06\/borghi-ruda-01-768x501.jpg 768w\" sizes=\"auto, (max-width: 1000px) 100vw, 1000px\" \/><figcaption id=\"caption-attachment-66082\" class=\"wp-caption-text\">I nomi dei quattro borghi<\/figcaption><\/figure>\n<p>Le sfide spazieranno in diverse categorie: sportive, culturali, musicali e di fortuna. L&#8217;importante, per\u00f2, non sar\u00e0 solo vincere. L&#8217;obiettivo principale dell\u2019evento \u00e8 <strong>fare comunit\u00e0<\/strong>.<\/p>\n<p>I quattro borghi che si sfidano \u2013 <strong>Brichis<\/strong> (est, da un podere &#8220;Bric&#8221;), <strong>Menteressa<\/strong> (sud, da &#8220;Armentarezza&#8221;, strade degli armenti), <strong>Dota<\/strong> (centro storico, da &#8220;Braida da Dota&#8221;, terre arative), e <strong>Nordisa<\/strong> (nord, dai &#8220;Nordis&#8221;) \u2013 prendono il nome da antiche denominazioni storiche del paese, ora di uso comune.<\/p>\n<p>La prima edizione nel 1996, con 14 discipline in varie aree, culmin\u00f2 nell&#8217;assegnazione del drappo realizzato dall\u2019artista rudese <strong>Cesare Spanghero<\/strong>.<\/p>\n<figure id=\"attachment_66083\" aria-describedby=\"caption-attachment-66083\" style=\"width: 800px\" class=\"wp-caption aligncenter\"><img loading=\"lazy\" decoding=\"async\" class=\"size-full wp-image-66083\" src=\"https:\/\/imagazine.it\/wp-content\/uploads\/2025\/06\/palio-borghi-ruda-01.jpg\" alt=\"\" width=\"800\" height=\"800\" title=\"\" srcset=\"https:\/\/imagazine.it\/wp-content\/uploads\/2025\/06\/palio-borghi-ruda-01.jpg 800w, https:\/\/imagazine.it\/wp-content\/uploads\/2025\/06\/palio-borghi-ruda-01-300x300.jpg 300w, https:\/\/imagazine.it\/wp-content\/uploads\/2025\/06\/palio-borghi-ruda-01-150x150.jpg 150w, https:\/\/imagazine.it\/wp-content\/uploads\/2025\/06\/palio-borghi-ruda-01-768x768.jpg 768w, https:\/\/imagazine.it\/wp-content\/uploads\/2025\/06\/palio-borghi-ruda-01-500x500.jpg 500w\" sizes=\"auto, (max-width: 800px) 100vw, 800px\" \/><figcaption id=\"caption-attachment-66083\" class=\"wp-caption-text\">Il drappo assegnato al borgo vincitore<\/figcaption><\/figure>\n","protected":false},"excerpt":{"rendered":"<p>Sabato l&#8217;inaugurazione della 15\u00aa edizione. Quattro i rioni in lizza che si sfideranno in gare sportive, culturali e musicali <\/p>\n","protected":false},"author":22,"featured_media":66084,"comment_status":"closed","ping_status":"closed","sticky":false,"template":"","format":"image","meta":{"dwc-title":[""],"dwc-content":[""],"footnotes":""},"categories":[5],"tags":[212,419],"class_list":["post-66081","post","type-post","status-publish","format-image","has-post-thumbnail","hentry","category-attualita","tag-ruda","tag-tradizioni","post_format-post-format-image"],"rttpg_featured_image_url":{"full":["https:\/\/imagazine.it\/wp-content\/uploads\/2025\/06\/fine-palio-dei-borghi-04.jpg",1366,844,false],"landscape":["https:\/\/imagazine.it\/wp-content\/uploads\/2025\/06\/fine-palio-dei-borghi-04.jpg",1366,844,false],"portraits":["https:\/\/imagazine.it\/wp-content\/uploads\/2025\/06\/fine-palio-dei-borghi-04.jpg",1366,844,false],"thumbnail":["https:\/\/imagazine.it\/wp-content\/uploads\/2025\/06\/fine-palio-dei-borghi-04-150x150.jpg",150,150,true],"medium":["https:\/\/imagazine.it\/wp-content\/uploads\/2025\/06\/fine-palio-dei-borghi-04-300x185.jpg",300,185,true],"large":["https:\/\/imagazine.it\/wp-content\/uploads\/2025\/06\/fine-palio-dei-borghi-04-1024x633.jpg",640,396,true],"thumblist":["https:\/\/imagazine.it\/wp-content\/uploads\/2025\/06\/fine-palio-dei-borghi-04-300x300.jpg",300,300,true],"thumbrelated":["https:\/\/imagazine.it\/wp-content\/uploads\/2025\/06\/fine-palio-dei-borghi-04-500x500.jpg",500,500,true],"meccarouselthumb":["https:\/\/imagazine.it\/wp-content\/uploads\/2025\/06\/fine-palio-dei-borghi-04-474x324.jpg",474,324,true],"gridsquare":["https:\/\/imagazine.it\/wp-content\/uploads\/2025\/06\/fine-palio-dei-borghi-04-391x260.jpg",391,260,true],"tileview":["https:\/\/imagazine.it\/wp-content\/uploads\/2025\/06\/fine-palio-dei-borghi-04-300x400.jpg",300,400,true],"1536x1536":["https:\/\/imagazine.it\/wp-content\/uploads\/2025\/06\/fine-palio-dei-borghi-04.jpg",1366,844,false],"2048x2048":["https:\/\/imagazine.it\/wp-content\/uploads\/2025\/06\/fine-palio-dei-borghi-04.jpg",1366,844,false],"newsup-slider-full":["https:\/\/imagazine.it\/wp-content\/uploads\/2025\/06\/fine-palio-dei-borghi-04-1280x720.jpg",1280,720,true],"newsup-featured":["https:\/\/imagazine.it\/wp-content\/uploads\/2025\/06\/fine-palio-dei-borghi-04-1024x633.jpg",1024,633,true],"newsup-medium":["https:\/\/imagazine.it\/wp-content\/uploads\/2025\/06\/fine-palio-dei-borghi-04-720x380.jpg",720,380,true],"tptn_thumbnail":["https:\/\/imagazine.it\/wp-content\/uploads\/2025\/06\/fine-palio-dei-borghi-04-250x210.jpg",250,210,true],"sow-carousel-default":["https:\/\/imagazine.it\/wp-content\/uploads\/2025\/06\/fine-palio-dei-borghi-04-272x182.jpg",272,182,true]},"rttpg_author":{"display_name":"Livio Nonis","author_link":"https:\/\/imagazine.it\/home_desk\/author\/nonis\/"},"rttpg_comment":0,"rttpg_category":"<a href=\"https:\/\/imagazine.it\/home_desk\/category\/attualita\/\" rel=\"category tag\">ATTUALIT\u00c0<\/a>","rttpg_excerpt":"Sabato l'inaugurazione della 15\u00aa edizione. Quattro i rioni in lizza che si sfideranno in gare sportive, culturali e musicali","_links":{"self":[{"href":"https:\/\/imagazine.it\/home_desk\/wp-json\/wp\/v2\/posts\/66081","targetHints":{"allow":["GET"]}}],"collection":[{"href":"https:\/\/imagazine.it\/home_desk\/wp-json\/wp\/v2\/posts"}],"about":[{"href":"https:\/\/imagazine.it\/home_desk\/wp-json\/wp\/v2\/types\/post"}],"author":[{"embeddable":true,"href":"https:\/\/imagazine.it\/home_desk\/wp-json\/wp\/v2\/users\/22"}],"replies":[{"embeddable":true,"href":"https:\/\/imagazine.it\/home_desk\/wp-json\/wp\/v2\/comments?post=66081"}],"version-history":[{"count":0,"href":"https:\/\/imagazine.it\/home_desk\/wp-json\/wp\/v2\/posts\/66081\/revisions"}],"wp:featuredmedia":[{"embeddable":true,"href":"https:\/\/imagazine.it\/home_desk\/wp-json\/wp\/v2\/media\/66084"}],"wp:attachment":[{"href":"https:\/\/imagazine.it\/home_desk\/wp-json\/wp\/v2\/media?parent=66081"}],"wp:term":[{"taxonomy":"category","embeddable":true,"href":"https:\/\/imagazine.it\/home_desk\/wp-json\/wp\/v2\/categories?post=66081"},{"taxonomy":"post_tag","embeddable":true,"href":"https:\/\/imagazine.it\/home_desk\/wp-json\/wp\/v2\/tags?post=66081"}],"curies":[{"name":"wp","href":"https:\/\/api.w.org\/{rel}","templated":true}]}}