{"id":66046,"date":"2025-06-16T16:51:25","date_gmt":"2025-06-16T14:51:25","guid":{"rendered":"https:\/\/imagazine.it\/home_desk\/?p=66046"},"modified":"2025-06-17T17:07:29","modified_gmt":"2025-06-17T15:07:29","slug":"paziente-onco-ematologici-potenziata-lassistenza-domiciliare","status":"publish","type":"post","link":"https:\/\/imagazine.it\/home_desk\/paziente-onco-ematologici-potenziata-lassistenza-domiciliare\/","title":{"rendered":"Paziente onco-ematologici: potenziata l&#8217;assistenza domiciliare"},"content":{"rendered":"<p><span style=\"font-size: 10pt;\"><em>Da sinistra Calligaris, Poggiana e Gioffr\u00e8<\/em><\/span><\/p>\n<p>GORIZIA \u2013 Avviato ufficialmente il progetto \u201c<em>Cure simultanee e precoci domiciliari per pazienti onco-ematologici<\/em>\u201d, frutto della collaborazione tra ASUGI (Azienda Sanitaria Universitaria Giuliano Isontina) e AIL (Associazione Italiana contro le Leucemie, Linfomi e Mieloma \u2013 sedi di Udine e Gorizia).<\/p>\n<p>L\u2019iniziativa, totalmente finanziata da AIL, prevede per tre anni l\u2019attivazione di un <strong>team medico-infermieristico dedicato all\u2019assistenza specialistica a domicilio per i pazienti onco-ematologici dell\u2019area isontina<\/strong>.<\/p>\n<p>\u00abQuesto progetto non \u00e8 solo il frutto di un contributo economico, ma nasce da una visione condivisa e da una progettualit\u00e0 concreta al servizio dei nostri pazienti e della comunit\u00e0\u00bb, ha dichiarato il direttore generale di ASUGI, <strong>Antonio Poggiana<\/strong>.<\/p>\n<p>\u00abRingrazio ASUGI per la concreta collaborazione che ci permette di raggiungere un traguardo importante. In particolare, desidero esprimere gratitudine alla dottoressa Marta Calligaris che ha creduto fortemente in questo progetto nel territorio goriziano\u00bb, ha dichiarato il presidente di AIL Udine-Gorizia, <strong>Giuseppe Gioffr\u00e8<\/strong>.<\/p>\n<p>Il progetto, prima esperienza del genere in Friuli Venezia Giulia, risponde ai bisogni complessi dei pazienti ematologici.<\/p>\n<p>Prevede l\u2019erogazione a domicilio di trattamenti come <strong>trasfusioni, terapie nutrizionali e supporto sintomatico<\/strong>.<\/p>\n<p>\u00ab\u00c8 un onore poter avviare questa esperienza, pensata non solo per accompagnare nella fase terminale, ma per sostenere fin dall\u2019inizio il percorso di cura\u00bb, ha affermato <strong>Marta Calligaris<\/strong>, direttrice della SC Rete Cure Palliative e Hospice (Area Isontina). \u00abFare rete significa creare collaborazioni reali, mettendo il paziente al centro. \u00c8 una sfida importante e siamo pronti ad affrontarla\u00bb.<\/p>\n","protected":false},"excerpt":{"rendered":"<p>Nuovo progetto tra azienda sanitaria e AIL. Riguarder\u00e0 trattamenti come trasfusioni, terapie nutrizionali e supporto sintomatico<\/p>\n","protected":false},"author":28,"featured_media":66047,"comment_status":"closed","ping_status":"closed","sticky":false,"template":"","format":"image","meta":{"dwc-title":[""],"dwc-content":[""],"footnotes":""},"categories":[5],"tags":[2120,2645,96,43,97,95],"class_list":["post-66046","post","type-post","status-publish","format-image","has-post-thumbnail","hentry","category-attualita","tag-ail","tag-assistenza","tag-asugi","tag-gorizia","tag-salute","tag-sanita","post_format-post-format-image"],"rttpg_featured_image_url":{"full":["https:\/\/imagazine.it\/wp-content\/uploads\/2025\/06\/DSC02071.jpg",1366,811,false],"landscape":["https:\/\/imagazine.it\/wp-content\/uploads\/2025\/06\/DSC02071.jpg",1366,811,false],"portraits":["https:\/\/imagazine.it\/wp-content\/uploads\/2025\/06\/DSC02071.jpg",1366,811,false],"thumbnail":["https:\/\/imagazine.it\/wp-content\/uploads\/2025\/06\/DSC02071-150x150.jpg",150,150,true],"medium":["https:\/\/imagazine.it\/wp-content\/uploads\/2025\/06\/DSC02071-300x178.jpg",300,178,true],"large":["https:\/\/imagazine.it\/wp-content\/uploads\/2025\/06\/DSC02071-1024x608.jpg",640,380,true],"thumblist":["https:\/\/imagazine.it\/wp-content\/uploads\/2025\/06\/DSC02071-300x300.jpg",300,300,true],"thumbrelated":["https:\/\/imagazine.it\/wp-content\/uploads\/2025\/06\/DSC02071-500x500.jpg",500,500,true],"meccarouselthumb":["https:\/\/imagazine.it\/wp-content\/uploads\/2025\/06\/DSC02071-474x324.jpg",474,324,true],"gridsquare":["https:\/\/imagazine.it\/wp-content\/uploads\/2025\/06\/DSC02071-391x260.jpg",391,260,true],"tileview":["https:\/\/imagazine.it\/wp-content\/uploads\/2025\/06\/DSC02071-300x400.jpg",300,400,true],"1536x1536":["https:\/\/imagazine.it\/wp-content\/uploads\/2025\/06\/DSC02071.jpg",1366,811,false],"2048x2048":["https:\/\/imagazine.it\/wp-content\/uploads\/2025\/06\/DSC02071.jpg",1366,811,false],"newsup-slider-full":["https:\/\/imagazine.it\/wp-content\/uploads\/2025\/06\/DSC02071-1280x720.jpg",1280,720,true],"newsup-featured":["https:\/\/imagazine.it\/wp-content\/uploads\/2025\/06\/DSC02071-1024x608.jpg",1024,608,true],"newsup-medium":["https:\/\/imagazine.it\/wp-content\/uploads\/2025\/06\/DSC02071-720x380.jpg",720,380,true],"tptn_thumbnail":["https:\/\/imagazine.it\/wp-content\/uploads\/2025\/06\/DSC02071-250x210.jpg",250,210,true],"sow-carousel-default":["https:\/\/imagazine.it\/wp-content\/uploads\/2025\/06\/DSC02071-272x182.jpg",272,182,true]},"rttpg_author":{"display_name":"redazione","author_link":"https:\/\/imagazine.it\/home_desk\/author\/redazione\/"},"rttpg_comment":0,"rttpg_category":"<a href=\"https:\/\/imagazine.it\/home_desk\/category\/attualita\/\" rel=\"category tag\">ATTUALIT\u00c0<\/a>","rttpg_excerpt":"Nuovo progetto tra azienda sanitaria e AIL. Riguarder\u00e0 trattamenti come trasfusioni, terapie nutrizionali e supporto sintomatico","_links":{"self":[{"href":"https:\/\/imagazine.it\/home_desk\/wp-json\/wp\/v2\/posts\/66046","targetHints":{"allow":["GET"]}}],"collection":[{"href":"https:\/\/imagazine.it\/home_desk\/wp-json\/wp\/v2\/posts"}],"about":[{"href":"https:\/\/imagazine.it\/home_desk\/wp-json\/wp\/v2\/types\/post"}],"author":[{"embeddable":true,"href":"https:\/\/imagazine.it\/home_desk\/wp-json\/wp\/v2\/users\/28"}],"replies":[{"embeddable":true,"href":"https:\/\/imagazine.it\/home_desk\/wp-json\/wp\/v2\/comments?post=66046"}],"version-history":[{"count":0,"href":"https:\/\/imagazine.it\/home_desk\/wp-json\/wp\/v2\/posts\/66046\/revisions"}],"wp:featuredmedia":[{"embeddable":true,"href":"https:\/\/imagazine.it\/home_desk\/wp-json\/wp\/v2\/media\/66047"}],"wp:attachment":[{"href":"https:\/\/imagazine.it\/home_desk\/wp-json\/wp\/v2\/media?parent=66046"}],"wp:term":[{"taxonomy":"category","embeddable":true,"href":"https:\/\/imagazine.it\/home_desk\/wp-json\/wp\/v2\/categories?post=66046"},{"taxonomy":"post_tag","embeddable":true,"href":"https:\/\/imagazine.it\/home_desk\/wp-json\/wp\/v2\/tags?post=66046"}],"curies":[{"name":"wp","href":"https:\/\/api.w.org\/{rel}","templated":true}]}}