{"id":65974,"date":"2025-06-13T16:42:09","date_gmt":"2025-06-13T14:42:09","guid":{"rendered":"https:\/\/imagazine.it\/home_desk\/?p=65974"},"modified":"2025-06-16T12:13:27","modified_gmt":"2025-06-16T10:13:27","slug":"nuovi-autobus-elettrici-a-trieste","status":"publish","type":"post","link":"https:\/\/imagazine.it\/home_desk\/nuovi-autobus-elettrici-a-trieste\/","title":{"rendered":"Nuovi autobus elettrici a Trieste"},"content":{"rendered":"<p><span style=\"font-size: 10pt;\"><em>Uno dei nuovi autobus elettrici della Trieste Trasporti (ph. Regione FVG)<\/em><\/span><\/p>\n<p>TRIESTE \u2013 Presentati i <strong>sette nuovi autobus elettrici<\/strong> di Trieste Traporti, prodotti dall&#8217;azienda Rampini Carlo.<\/p>\n<p>Mezzi che si aggiungono ai primi tredici autobus elettrici a marchio <em>Yutong<\/em>, presentati lo scorso settembre e gi\u00e0 in servizio sulle principali linee, portando cos\u00ec a <strong>venti il numero complessivo<\/strong> di mezzi elettrici al servizio dei triestini e dei turisti.<\/p>\n<p>&#8220;Si tratta di mezzi molto moderni, peraltro prodotti da un&#8217;azienda italiana, che rispondono perfettamente alle esigenze del capoluogo regionale, cos\u00ec da raggiungere anche le zone pi\u00f9 impervie e le vie pi\u00f9 strette, per\u00f2, senza emissioni di monossido di carbonio&#8221;, ha dichiarato l&#8217;assessore regionale alle Infrastrutture, <strong>Cristina Amirante<\/strong>.<\/p>\n<p>Come evidenziato oggi alla presenza, tra gli altri, del presidente di Trieste Trasporti, <strong>Maurizio Marzi Wildauer<\/strong>, e dell&#8217;amministratore delegato di Tpl Fvg, <strong>Aniello Semplice<\/strong>, i nuovi bus, che sono lunghi otto metri e risultano ideali per le strade urbane, possono trasportare <strong>fino a 46 passeggeri<\/strong> e saranno impiegati sulle <strong>linee 12, 24, 31 e 41<\/strong>.<\/p>\n<p>Il loro acquisto rientra nel piano di rinnovo della flotta di Tpl Fvg del valore complessivo di oltre 3,4 milioni di euro; un&#8217;operazione condivisa con la Regione Friuli Venezia Giulia e finanziata sia attraverso risorse regionali e nazionali sia tramite fondi delle imprese di trasporto pubblico locale, che prevede anche l&#8217;installazione delle colonnine di ricarica.<\/p>\n<p><iframe loading=\"lazy\" title=\"Nuovi bus elettrici a Trieste\" width=\"640\" height=\"360\" src=\"https:\/\/www.youtube.com\/embed\/gHW1m56IUJI?feature=oembed\" frameborder=\"0\" allow=\"accelerometer; autoplay; clipboard-write; encrypted-media; gyroscope; picture-in-picture; web-share\" referrerpolicy=\"strict-origin-when-cross-origin\" allowfullscreen><\/iframe><\/p>\n<p>Amirante ha rimarcato che &#8220;incentivare l&#8217;utilizzo dei mezzi pubblici attraverso politiche di riduzione dei costi per gli utenti, come gli abbonamenti agevolati per gli studenti e gli over 70, e introducendo nuove tipologie di servizi come l&#8217;autobus on demand e il &#8216;notturno&#8217; si sta rivelando una strategia vincente&#8221;.<\/p>\n<p>L&#8217;assessore ha poi sottolineato che &#8220;il rinnovo delle flotte dei veicoli del Tpl si inserisce in un&#8217;azione di lungo periodo che punta a <strong>sostituire almeno il 50% dei mezzi entro il 2030<\/strong>&#8220;.<\/p>\n","protected":false},"excerpt":{"rendered":"<p>Inaugurati altri sette mezzi che si aggiungono ai tredici gi\u00e0 inaugurati lo scorso settembre. Saranno impiegati sulle linee 12, 24, 31 e 41<\/p>\n","protected":false},"author":28,"featured_media":65975,"comment_status":"closed","ping_status":"closed","sticky":false,"template":"","format":"image","meta":{"dwc-title":[""],"dwc-content":[""],"footnotes":""},"categories":[5],"tags":[66,1968,2026,86,65,87],"class_list":["post-65974","post","type-post","status-publish","format-image","has-post-thumbnail","hentry","category-attualita","tag-ambiente","tag-bus","tag-elettrico","tag-trasporti","tag-trieste","tag-viabilita","post_format-post-format-image"],"rttpg_featured_image_url":{"full":["https:\/\/imagazine.it\/wp-content\/uploads\/2025\/06\/autobus-elettrico-trieste.jpg",1366,768,false],"landscape":["https:\/\/imagazine.it\/wp-content\/uploads\/2025\/06\/autobus-elettrico-trieste.jpg",1366,768,false],"portraits":["https:\/\/imagazine.it\/wp-content\/uploads\/2025\/06\/autobus-elettrico-trieste.jpg",1366,768,false],"thumbnail":["https:\/\/imagazine.it\/wp-content\/uploads\/2025\/06\/autobus-elettrico-trieste-150x150.jpg",150,150,true],"medium":["https:\/\/imagazine.it\/wp-content\/uploads\/2025\/06\/autobus-elettrico-trieste-300x169.jpg",300,169,true],"large":["https:\/\/imagazine.it\/wp-content\/uploads\/2025\/06\/autobus-elettrico-trieste-1024x576.jpg",640,360,true],"thumblist":["https:\/\/imagazine.it\/wp-content\/uploads\/2025\/06\/autobus-elettrico-trieste-300x300.jpg",300,300,true],"thumbrelated":["https:\/\/imagazine.it\/wp-content\/uploads\/2025\/06\/autobus-elettrico-trieste-500x500.jpg",500,500,true],"meccarouselthumb":["https:\/\/imagazine.it\/wp-content\/uploads\/2025\/06\/autobus-elettrico-trieste-474x324.jpg",474,324,true],"gridsquare":["https:\/\/imagazine.it\/wp-content\/uploads\/2025\/06\/autobus-elettrico-trieste-391x260.jpg",391,260,true],"tileview":["https:\/\/imagazine.it\/wp-content\/uploads\/2025\/06\/autobus-elettrico-trieste-300x400.jpg",300,400,true],"1536x1536":["https:\/\/imagazine.it\/wp-content\/uploads\/2025\/06\/autobus-elettrico-trieste.jpg",1366,768,false],"2048x2048":["https:\/\/imagazine.it\/wp-content\/uploads\/2025\/06\/autobus-elettrico-trieste.jpg",1366,768,false],"newsup-slider-full":["https:\/\/imagazine.it\/wp-content\/uploads\/2025\/06\/autobus-elettrico-trieste-1280x720.jpg",1280,720,true],"newsup-featured":["https:\/\/imagazine.it\/wp-content\/uploads\/2025\/06\/autobus-elettrico-trieste-1024x576.jpg",1024,576,true],"newsup-medium":["https:\/\/imagazine.it\/wp-content\/uploads\/2025\/06\/autobus-elettrico-trieste-720x380.jpg",720,380,true],"tptn_thumbnail":["https:\/\/imagazine.it\/wp-content\/uploads\/2025\/06\/autobus-elettrico-trieste-250x210.jpg",250,210,true],"sow-carousel-default":["https:\/\/imagazine.it\/wp-content\/uploads\/2025\/06\/autobus-elettrico-trieste-272x182.jpg",272,182,true]},"rttpg_author":{"display_name":"redazione","author_link":"https:\/\/imagazine.it\/home_desk\/author\/redazione\/"},"rttpg_comment":0,"rttpg_category":"<a href=\"https:\/\/imagazine.it\/home_desk\/category\/attualita\/\" rel=\"category tag\">ATTUALIT\u00c0<\/a>","rttpg_excerpt":"Inaugurati altri sette mezzi che si aggiungono ai tredici gi\u00e0 inaugurati lo scorso settembre. Saranno impiegati sulle linee 12, 24, 31 e 41","_links":{"self":[{"href":"https:\/\/imagazine.it\/home_desk\/wp-json\/wp\/v2\/posts\/65974","targetHints":{"allow":["GET"]}}],"collection":[{"href":"https:\/\/imagazine.it\/home_desk\/wp-json\/wp\/v2\/posts"}],"about":[{"href":"https:\/\/imagazine.it\/home_desk\/wp-json\/wp\/v2\/types\/post"}],"author":[{"embeddable":true,"href":"https:\/\/imagazine.it\/home_desk\/wp-json\/wp\/v2\/users\/28"}],"replies":[{"embeddable":true,"href":"https:\/\/imagazine.it\/home_desk\/wp-json\/wp\/v2\/comments?post=65974"}],"version-history":[{"count":0,"href":"https:\/\/imagazine.it\/home_desk\/wp-json\/wp\/v2\/posts\/65974\/revisions"}],"wp:featuredmedia":[{"embeddable":true,"href":"https:\/\/imagazine.it\/home_desk\/wp-json\/wp\/v2\/media\/65975"}],"wp:attachment":[{"href":"https:\/\/imagazine.it\/home_desk\/wp-json\/wp\/v2\/media?parent=65974"}],"wp:term":[{"taxonomy":"category","embeddable":true,"href":"https:\/\/imagazine.it\/home_desk\/wp-json\/wp\/v2\/categories?post=65974"},{"taxonomy":"post_tag","embeddable":true,"href":"https:\/\/imagazine.it\/home_desk\/wp-json\/wp\/v2\/tags?post=65974"}],"curies":[{"name":"wp","href":"https:\/\/api.w.org\/{rel}","templated":true}]}}