{"id":65960,"date":"2025-06-13T11:54:30","date_gmt":"2025-06-13T09:54:30","guid":{"rendered":"https:\/\/imagazine.it\/home_desk\/?p=65960"},"modified":"2025-06-16T10:42:50","modified_gmt":"2025-06-16T08:42:50","slug":"mobilita-dolce-una-ciclovia-attraversera-trieste-airport","status":"publish","type":"post","link":"https:\/\/imagazine.it\/home_desk\/mobilita-dolce-una-ciclovia-attraversera-trieste-airport\/","title":{"rendered":"Mobilit\u00e0 dolce: una ciclovia attraverser\u00e0 Trieste Airport"},"content":{"rendered":"<p><span style=\"font-size: 10pt;\"><em>Il polo intermodale di Ronchi dei Legionari<\/em><\/span><\/p>\n<p>RONCHI DEI LEGIONARI \u2013 L&#8217;assessore regionale alle Infrastrutture e Territorio, <strong>Cristina Amirante<\/strong>, annuncia la sottoscrizione dell&#8217;<strong>accordo<\/strong> <strong>tra Trieste Airport<\/strong> (rappresentato dall&#8217;amministratore delegato <strong>Marco Consalvo<\/strong>) e la societ\u00e0 <strong>FVG Strade Spa<\/strong> (rappresentata dal presidente <strong>Simone Bortolotti<\/strong>) che d\u00e0 ufficialmente avvio alla progettazione di <strong>nuovi interventi strategici per la viabilit\u00e0 dell&#8217;area aeroportuale di Ronchi dei Legionari<\/strong>.<\/p>\n<p>&#8220;Attraverso un investimento regionale mirato \u2013 spiega Amirante \u2013 sar\u00e0 realizzata la <strong>prima ciclovia<\/strong> che attraverser\u00e0, di fatto, l&#8217;aeroporto, garantendo il <strong>passaggio in sicurezza anche sotto la bretella di collegamento con l&#8217;autostrada A4<\/strong>. Un&#8217;infrastruttura che rappresenta non solo un&#8217;opportunit\u00e0 per lo sviluppo della mobilit\u00e0 dolce, ma anche un segnale concreto verso la sostenibilit\u00e0 e l&#8217;integrazione dei diversi mezzi di trasporto&#8221;.<\/p>\n<p>Oltre alla ciclovia, \u00e8 previsto anche un intervento di <strong>allargamento e modifica della rotatoria di ingresso all&#8217;aeroporto<\/strong>, con l&#8217;obiettivo di ottimizzare i flussi di traffico lungo la statale 14 e rendere pi\u00f9 fluido e sicuro l&#8217;accesso e l&#8217;uscita dall&#8217;infrastruttura aeroportuale, specialmente nelle ore di maggiore traffico.<\/p>\n<p>&#8220;Gli interventi \u2013 prosegue l&#8217;assessore \u2013 sono finalizzati a garantire la sicurezza della mobilit\u00e0 dolce, attraverso la separazione dei flussi tra veicoli e biciclette, e a migliorare in maniera strutturale l&#8217;accessibilit\u00e0 al Trieste Airport, rafforzando ulteriormente il suo ruolo di <em>hub<\/em> intermodale strategico a livello regionale e transfrontaliero&#8221;.<\/p>\n","protected":false},"excerpt":{"rendered":"<p>Firmata l&#8217;intesa con FVG Strade su nuovi interventi strategici per la viabilit\u00e0 dell&#8217;area aeroportuale. Modificata la rotatoria d&#8217;ingresso <\/p>\n","protected":false},"author":28,"featured_media":65961,"comment_status":"closed","ping_status":"closed","sticky":false,"template":"","format":"image","meta":{"dwc-title":[""],"dwc-content":[""],"footnotes":""},"categories":[5],"tags":[194,2729,3002,149,150,87],"class_list":["post-65960","post","type-post","status-publish","format-image","has-post-thumbnail","hentry","category-attualita","tag-bici","tag-ciclabile","tag-fvg-strade","tag-ronchi","tag-trieste-airport","tag-viabilita","post_format-post-format-image"],"rttpg_featured_image_url":{"full":["https:\/\/imagazine.it\/wp-content\/uploads\/2025\/06\/PANORAMICA-POLO-INTERMODALE-E-TERMINAL-LATO-OVEST.jpg",1366,746,false],"landscape":["https:\/\/imagazine.it\/wp-content\/uploads\/2025\/06\/PANORAMICA-POLO-INTERMODALE-E-TERMINAL-LATO-OVEST.jpg",1366,746,false],"portraits":["https:\/\/imagazine.it\/wp-content\/uploads\/2025\/06\/PANORAMICA-POLO-INTERMODALE-E-TERMINAL-LATO-OVEST.jpg",1366,746,false],"thumbnail":["https:\/\/imagazine.it\/wp-content\/uploads\/2025\/06\/PANORAMICA-POLO-INTERMODALE-E-TERMINAL-LATO-OVEST-150x150.jpg",150,150,true],"medium":["https:\/\/imagazine.it\/wp-content\/uploads\/2025\/06\/PANORAMICA-POLO-INTERMODALE-E-TERMINAL-LATO-OVEST-300x164.jpg",300,164,true],"large":["https:\/\/imagazine.it\/wp-content\/uploads\/2025\/06\/PANORAMICA-POLO-INTERMODALE-E-TERMINAL-LATO-OVEST-1024x559.jpg",640,349,true],"thumblist":["https:\/\/imagazine.it\/wp-content\/uploads\/2025\/06\/PANORAMICA-POLO-INTERMODALE-E-TERMINAL-LATO-OVEST-300x300.jpg",300,300,true],"thumbrelated":["https:\/\/imagazine.it\/wp-content\/uploads\/2025\/06\/PANORAMICA-POLO-INTERMODALE-E-TERMINAL-LATO-OVEST-500x500.jpg",500,500,true],"meccarouselthumb":["https:\/\/imagazine.it\/wp-content\/uploads\/2025\/06\/PANORAMICA-POLO-INTERMODALE-E-TERMINAL-LATO-OVEST-474x324.jpg",474,324,true],"gridsquare":["https:\/\/imagazine.it\/wp-content\/uploads\/2025\/06\/PANORAMICA-POLO-INTERMODALE-E-TERMINAL-LATO-OVEST-391x260.jpg",391,260,true],"tileview":["https:\/\/imagazine.it\/wp-content\/uploads\/2025\/06\/PANORAMICA-POLO-INTERMODALE-E-TERMINAL-LATO-OVEST-300x400.jpg",300,400,true],"1536x1536":["https:\/\/imagazine.it\/wp-content\/uploads\/2025\/06\/PANORAMICA-POLO-INTERMODALE-E-TERMINAL-LATO-OVEST.jpg",1366,746,false],"2048x2048":["https:\/\/imagazine.it\/wp-content\/uploads\/2025\/06\/PANORAMICA-POLO-INTERMODALE-E-TERMINAL-LATO-OVEST.jpg",1366,746,false],"newsup-slider-full":["https:\/\/imagazine.it\/wp-content\/uploads\/2025\/06\/PANORAMICA-POLO-INTERMODALE-E-TERMINAL-LATO-OVEST-1280x720.jpg",1280,720,true],"newsup-featured":["https:\/\/imagazine.it\/wp-content\/uploads\/2025\/06\/PANORAMICA-POLO-INTERMODALE-E-TERMINAL-LATO-OVEST-1024x559.jpg",1024,559,true],"newsup-medium":["https:\/\/imagazine.it\/wp-content\/uploads\/2025\/06\/PANORAMICA-POLO-INTERMODALE-E-TERMINAL-LATO-OVEST-720x380.jpg",720,380,true],"tptn_thumbnail":["https:\/\/imagazine.it\/wp-content\/uploads\/2025\/06\/PANORAMICA-POLO-INTERMODALE-E-TERMINAL-LATO-OVEST-250x210.jpg",250,210,true],"sow-carousel-default":["https:\/\/imagazine.it\/wp-content\/uploads\/2025\/06\/PANORAMICA-POLO-INTERMODALE-E-TERMINAL-LATO-OVEST-272x182.jpg",272,182,true]},"rttpg_author":{"display_name":"redazione","author_link":"https:\/\/imagazine.it\/home_desk\/author\/redazione\/"},"rttpg_comment":0,"rttpg_category":"<a href=\"https:\/\/imagazine.it\/home_desk\/category\/attualita\/\" rel=\"category tag\">ATTUALIT\u00c0<\/a>","rttpg_excerpt":"Firmata l'intesa con FVG Strade su nuovi interventi strategici per la viabilit\u00e0 dell'area aeroportuale. Modificata la rotatoria d'ingresso","_links":{"self":[{"href":"https:\/\/imagazine.it\/home_desk\/wp-json\/wp\/v2\/posts\/65960","targetHints":{"allow":["GET"]}}],"collection":[{"href":"https:\/\/imagazine.it\/home_desk\/wp-json\/wp\/v2\/posts"}],"about":[{"href":"https:\/\/imagazine.it\/home_desk\/wp-json\/wp\/v2\/types\/post"}],"author":[{"embeddable":true,"href":"https:\/\/imagazine.it\/home_desk\/wp-json\/wp\/v2\/users\/28"}],"replies":[{"embeddable":true,"href":"https:\/\/imagazine.it\/home_desk\/wp-json\/wp\/v2\/comments?post=65960"}],"version-history":[{"count":0,"href":"https:\/\/imagazine.it\/home_desk\/wp-json\/wp\/v2\/posts\/65960\/revisions"}],"wp:featuredmedia":[{"embeddable":true,"href":"https:\/\/imagazine.it\/home_desk\/wp-json\/wp\/v2\/media\/65961"}],"wp:attachment":[{"href":"https:\/\/imagazine.it\/home_desk\/wp-json\/wp\/v2\/media?parent=65960"}],"wp:term":[{"taxonomy":"category","embeddable":true,"href":"https:\/\/imagazine.it\/home_desk\/wp-json\/wp\/v2\/categories?post=65960"},{"taxonomy":"post_tag","embeddable":true,"href":"https:\/\/imagazine.it\/home_desk\/wp-json\/wp\/v2\/tags?post=65960"}],"curies":[{"name":"wp","href":"https:\/\/api.w.org\/{rel}","templated":true}]}}