{"id":65949,"date":"2025-06-13T10:38:09","date_gmt":"2025-06-13T08:38:09","guid":{"rendered":"https:\/\/imagazine.it\/home_desk\/?p=65949"},"modified":"2025-06-13T16:42:37","modified_gmt":"2025-06-13T14:42:37","slug":"ad-aquileia-il-giubileo-delle-facolta-ecclesiastiche-nel-triveneto","status":"publish","type":"post","link":"https:\/\/imagazine.it\/home_desk\/ad-aquileia-il-giubileo-delle-facolta-ecclesiastiche-nel-triveneto\/","title":{"rendered":"Ad Aquileia il Giubileo delle Facolt\u00e0 ecclesiastiche nel Triveneto"},"content":{"rendered":"<p><span style=\"font-size: 10pt;\"><em>L&#8217;interno della Basilica di Aquileia (ph. Reportage) <\/em><\/span><\/p>\n<p>AQUILEIA \u2013 La\u00a0<strong>Facolt\u00e0 teologica del Triveneto<\/strong>\u00a0(sede e Istituti collegati in rete), la\u00a0<strong>Facolt\u00e0 di diritto canonico San Pio X di Venezia<\/strong>, l\u2019<strong>Istituto di Liturgia pastorale Santa Giustina di Padova<\/strong>\u00a0e l\u2019<strong>Istituto di studi ecumenici San Bernardino di Venezia<\/strong>\u00a0si danno appuntamento <strong>sabato 14 giugno<\/strong> per celebrare il Giubileo con un\u00a0<strong>pellegrinaggio ad Aquileia<\/strong>.<\/p>\n<p>La celebrazione eucaristica nella Basilica patriarcale sar\u00e0 presieduta dal segretario di Stato della Santa Sede,\u00a0il cardinale<strong> Pietro Parolin<\/strong>.<\/p>\n<p>Aquileia \u00e8 la terra di origine delle chiese che oggi compongono la regione ecclesiastica del Triveneto ed \u00e8 il simbolo di fede attorno a cui hanno voluto riunirsi tutte le istituzioni del territorio che si occupano di didattica e ricerca nell\u2019ambito della teologia, delle scienze religiose, della liturgia, degli studi ecumenici e del diritto canonico.<\/p>\n<p>\u00abQuesto convenire inedito, tutti insieme, verso un luogo altamente significativo \u2013 afferma <strong>don Maurizio Girolami<\/strong>, preside della Facolt\u00e0 teologica del Triveneto \u2013rappresenta un rimettersi nel cammino gi\u00e0 compiuto da tanti fratelli e sorelle che ci hanno trasmesso la fede, in mezzo a difficolt\u00e0, discussioni e persecuzioni di ogni genere; \u00e8 ripensare al punto di partenza dei cammini ecclesiali di cui le facolt\u00e0 sono espressione ed \u00e8 un riprendere in mano la bussola e riprendere la navigazione dentro il mare della storia\u00bb.<\/p>\n<p>La Facolt\u00e0 teologica \u00e8 stata concepita nell\u2019ambito del <strong>Convegno di Aquileia del 1991<\/strong>, quando i vescovi del Triveneto decisero di offrire al territorio una formazione teologica di livello universitario, mettendo in rete e qualificando alcune realt\u00e0 gi\u00e0 esistenti e strutturando una Facolt\u00e0 teologica regionale che fu eretta con il decreto della Congregazione per l\u2019Educazione cattolica del 20 giugno 2005.<\/p>\n<p>Oggi la Facolt\u00e0 collega quattro Istituti teologici e sette Istituti superiori di Scienze religiose presenti in Veneto, Friuli Venezia Giulia e Trentino Alto Adige, ha 1556 studenti e studentesse e 325 docenti.<\/p>\n<p>Il\u00a0<strong>programma<\/strong>\u00a0della giornata prevede, alle ore 10.30, il ritrovo di tutti i gruppi provenienti dalle diverse sedi del Triveneto nella piazza antistante la Basilica, per ascoltare un intervento introduttivo di <strong>Andrea Bellavite<\/strong>, direttore della Fondazione Societ\u00e0 per la conservazione della Basilica di Aquileia.<\/p>\n<p>I pellegrini entreranno poi in Basilica passando per il Battistero, nel segno del rinnovo della professione di fede, guidati dal vescovo di Gorizia, <strong>monsignor Carlo Roberto Maria Redaelli<\/strong>.<\/p>\n<p>Seguiranno due interventi, uno di indirizzo storico-patristico e l\u2019altro teologico-spirituale, a cura rispettivamente di Maurizio Girolami e <strong>Marzia Ceschia<\/strong> (Facolt\u00e0 teologica del Triveneto).<\/p>\n<p>Alle ore 11.45 la\u00a0celebrazione eucaristica, presieduta dal cardinale Parolin, Segretario di Stato della Santa Sede, e concelebrata dai vescovi del Triveneto, con un saluto del patriarca di Venezia, <strong>monsignor Francesco Moraglia<\/strong>.<\/p>\n","protected":false},"excerpt":{"rendered":"<p>Pellegrinaggio dall&#8217;alto valore simbolico nell&#8217;anno del Giubileo. Messa in basilica celebrata dal cardinale Pietro Parolin<\/p>\n","protected":false},"author":28,"featured_media":65950,"comment_status":"closed","ping_status":"closed","sticky":false,"template":"","format":"image","meta":{"dwc-title":[""],"dwc-content":[""],"footnotes":""},"categories":[5],"tags":[349,2688],"class_list":["post-65949","post","type-post","status-publish","format-image","has-post-thumbnail","hentry","category-attualita","tag-aquileia","tag-giubileo","post_format-post-format-image"],"rttpg_featured_image_url":{"full":["https:\/\/imagazine.it\/wp-content\/uploads\/2025\/06\/BasilicauffstReportage.jpg",1366,768,false],"landscape":["https:\/\/imagazine.it\/wp-content\/uploads\/2025\/06\/BasilicauffstReportage.jpg",1366,768,false],"portraits":["https:\/\/imagazine.it\/wp-content\/uploads\/2025\/06\/BasilicauffstReportage.jpg",1366,768,false],"thumbnail":["https:\/\/imagazine.it\/wp-content\/uploads\/2025\/06\/BasilicauffstReportage-150x150.jpg",150,150,true],"medium":["https:\/\/imagazine.it\/wp-content\/uploads\/2025\/06\/BasilicauffstReportage-300x169.jpg",300,169,true],"large":["https:\/\/imagazine.it\/wp-content\/uploads\/2025\/06\/BasilicauffstReportage-1024x576.jpg",640,360,true],"thumblist":["https:\/\/imagazine.it\/wp-content\/uploads\/2025\/06\/BasilicauffstReportage-300x300.jpg",300,300,true],"thumbrelated":["https:\/\/imagazine.it\/wp-content\/uploads\/2025\/06\/BasilicauffstReportage-500x500.jpg",500,500,true],"meccarouselthumb":["https:\/\/imagazine.it\/wp-content\/uploads\/2025\/06\/BasilicauffstReportage-474x324.jpg",474,324,true],"gridsquare":["https:\/\/imagazine.it\/wp-content\/uploads\/2025\/06\/BasilicauffstReportage-391x260.jpg",391,260,true],"tileview":["https:\/\/imagazine.it\/wp-content\/uploads\/2025\/06\/BasilicauffstReportage-300x400.jpg",300,400,true],"1536x1536":["https:\/\/imagazine.it\/wp-content\/uploads\/2025\/06\/BasilicauffstReportage.jpg",1366,768,false],"2048x2048":["https:\/\/imagazine.it\/wp-content\/uploads\/2025\/06\/BasilicauffstReportage.jpg",1366,768,false],"newsup-slider-full":["https:\/\/imagazine.it\/wp-content\/uploads\/2025\/06\/BasilicauffstReportage-1280x720.jpg",1280,720,true],"newsup-featured":["https:\/\/imagazine.it\/wp-content\/uploads\/2025\/06\/BasilicauffstReportage-1024x576.jpg",1024,576,true],"newsup-medium":["https:\/\/imagazine.it\/wp-content\/uploads\/2025\/06\/BasilicauffstReportage-720x380.jpg",720,380,true],"tptn_thumbnail":["https:\/\/imagazine.it\/wp-content\/uploads\/2025\/06\/BasilicauffstReportage-250x210.jpg",250,210,true],"sow-carousel-default":["https:\/\/imagazine.it\/wp-content\/uploads\/2025\/06\/BasilicauffstReportage-272x182.jpg",272,182,true]},"rttpg_author":{"display_name":"redazione","author_link":"https:\/\/imagazine.it\/home_desk\/author\/redazione\/"},"rttpg_comment":0,"rttpg_category":"<a href=\"https:\/\/imagazine.it\/home_desk\/category\/attualita\/\" rel=\"category tag\">ATTUALIT\u00c0<\/a>","rttpg_excerpt":"Pellegrinaggio dall'alto valore simbolico nell'anno del Giubileo. Messa in basilica celebrata dal cardinale Pietro Parolin","_links":{"self":[{"href":"https:\/\/imagazine.it\/home_desk\/wp-json\/wp\/v2\/posts\/65949","targetHints":{"allow":["GET"]}}],"collection":[{"href":"https:\/\/imagazine.it\/home_desk\/wp-json\/wp\/v2\/posts"}],"about":[{"href":"https:\/\/imagazine.it\/home_desk\/wp-json\/wp\/v2\/types\/post"}],"author":[{"embeddable":true,"href":"https:\/\/imagazine.it\/home_desk\/wp-json\/wp\/v2\/users\/28"}],"replies":[{"embeddable":true,"href":"https:\/\/imagazine.it\/home_desk\/wp-json\/wp\/v2\/comments?post=65949"}],"version-history":[{"count":0,"href":"https:\/\/imagazine.it\/home_desk\/wp-json\/wp\/v2\/posts\/65949\/revisions"}],"wp:featuredmedia":[{"embeddable":true,"href":"https:\/\/imagazine.it\/home_desk\/wp-json\/wp\/v2\/media\/65950"}],"wp:attachment":[{"href":"https:\/\/imagazine.it\/home_desk\/wp-json\/wp\/v2\/media?parent=65949"}],"wp:term":[{"taxonomy":"category","embeddable":true,"href":"https:\/\/imagazine.it\/home_desk\/wp-json\/wp\/v2\/categories?post=65949"},{"taxonomy":"post_tag","embeddable":true,"href":"https:\/\/imagazine.it\/home_desk\/wp-json\/wp\/v2\/tags?post=65949"}],"curies":[{"name":"wp","href":"https:\/\/api.w.org\/{rel}","templated":true}]}}