{"id":65940,"date":"2025-06-07T17:04:45","date_gmt":"2025-06-07T15:04:45","guid":{"rendered":"https:\/\/imagazine.it\/home_desk\/?p=65940"},"modified":"2025-06-12T17:10:27","modified_gmt":"2025-06-12T15:10:27","slug":"i-bimbi-dellasilo-narrano-la-natura","status":"publish","type":"post","link":"https:\/\/imagazine.it\/home_desk\/i-bimbi-dellasilo-narrano-la-natura\/","title":{"rendered":"I bimbi dell&#8217;asilo narrano la natura"},"content":{"rendered":"<p><span style=\"font-size: 10pt;\"><em>La Sala Aurora gremita prima dello spettacolo<\/em><\/span><\/p>\n<p>CERVIGNANO DEL FRIULI \u2013 La <strong>festa di fine anno scolastico<\/strong> anche quest&#8217;anno \u00e8 stata celebrata con entusiasmo dai bambini della <strong>Scuola per l&#8217;infanzia parrocchiale paritaria &#8220;Maria Immacolata&#8221;<\/strong>.<\/p>\n<p>Con la partecipazione di <strong>genitori, nonni e fratelli<\/strong>, la scuola ha scelto di chiudere quest&#8217;anno scolastico attraverso la narrazione di una storia.<\/p>\n<p>Tutti i <strong>109 bambini<\/strong>, organizzati in gruppi eterogenei per et\u00e0, in cui i pi\u00f9 grandi si prendevano cura dei pi\u00f9 piccoli, hanno avuto un ruolo significativo nel racconto che per quest&#8217;anno aveva come tema centrale le <strong>stagioni. <\/strong><\/p>\n<p>Hanno interpretato con i gesti e l\u2019abbigliamento i diversi momenti dell&#8217;anno, dalle sfumature dell&#8217;autunno al candore dell&#8217;inverno, dal risveglio della primavera al calore dell&#8217;estate.<\/p>\n<p>Un modo gioioso e toccante per celebrare la loro crescita e le scoperte fatte, proprio come la natura che si rinnova e si trasforma.<\/p>\n","protected":false},"excerpt":{"rendered":"<p>Spettacolo di fine anno per i 109 allievi della Scuola per l&#8217;infanzia parrocchiale paritaria &#8220;Maria Immacolata&#8221; di Cervignano<\/p>\n","protected":false},"author":22,"featured_media":65941,"comment_status":"closed","ping_status":"closed","sticky":false,"template":"","format":"image","meta":{"dwc-title":[""],"dwc-content":[""],"footnotes":""},"categories":[5],"tags":[2298,546,119,198,129],"class_list":["post-65940","post","type-post","status-publish","format-image","has-post-thumbnail","hentry","category-attualita","tag-asilo","tag-bambini","tag-cervignano","tag-educazione","tag-scuola","post_format-post-format-image"],"rttpg_featured_image_url":{"full":["https:\/\/imagazine.it\/wp-content\/uploads\/2025\/06\/finer-anno-scolastico-2025-02.jpg",1366,768,false],"landscape":["https:\/\/imagazine.it\/wp-content\/uploads\/2025\/06\/finer-anno-scolastico-2025-02.jpg",1366,768,false],"portraits":["https:\/\/imagazine.it\/wp-content\/uploads\/2025\/06\/finer-anno-scolastico-2025-02.jpg",1366,768,false],"thumbnail":["https:\/\/imagazine.it\/wp-content\/uploads\/2025\/06\/finer-anno-scolastico-2025-02-150x150.jpg",150,150,true],"medium":["https:\/\/imagazine.it\/wp-content\/uploads\/2025\/06\/finer-anno-scolastico-2025-02-300x169.jpg",300,169,true],"large":["https:\/\/imagazine.it\/wp-content\/uploads\/2025\/06\/finer-anno-scolastico-2025-02-1024x576.jpg",640,360,true],"thumblist":["https:\/\/imagazine.it\/wp-content\/uploads\/2025\/06\/finer-anno-scolastico-2025-02-300x300.jpg",300,300,true],"thumbrelated":["https:\/\/imagazine.it\/wp-content\/uploads\/2025\/06\/finer-anno-scolastico-2025-02-500x500.jpg",500,500,true],"meccarouselthumb":["https:\/\/imagazine.it\/wp-content\/uploads\/2025\/06\/finer-anno-scolastico-2025-02-474x324.jpg",474,324,true],"gridsquare":["https:\/\/imagazine.it\/wp-content\/uploads\/2025\/06\/finer-anno-scolastico-2025-02-391x260.jpg",391,260,true],"tileview":["https:\/\/imagazine.it\/wp-content\/uploads\/2025\/06\/finer-anno-scolastico-2025-02-300x400.jpg",300,400,true],"1536x1536":["https:\/\/imagazine.it\/wp-content\/uploads\/2025\/06\/finer-anno-scolastico-2025-02.jpg",1366,768,false],"2048x2048":["https:\/\/imagazine.it\/wp-content\/uploads\/2025\/06\/finer-anno-scolastico-2025-02.jpg",1366,768,false],"newsup-slider-full":["https:\/\/imagazine.it\/wp-content\/uploads\/2025\/06\/finer-anno-scolastico-2025-02-1280x720.jpg",1280,720,true],"newsup-featured":["https:\/\/imagazine.it\/wp-content\/uploads\/2025\/06\/finer-anno-scolastico-2025-02-1024x576.jpg",1024,576,true],"newsup-medium":["https:\/\/imagazine.it\/wp-content\/uploads\/2025\/06\/finer-anno-scolastico-2025-02-720x380.jpg",720,380,true],"tptn_thumbnail":["https:\/\/imagazine.it\/wp-content\/uploads\/2025\/06\/finer-anno-scolastico-2025-02-250x210.jpg",250,210,true],"sow-carousel-default":["https:\/\/imagazine.it\/wp-content\/uploads\/2025\/06\/finer-anno-scolastico-2025-02-272x182.jpg",272,182,true]},"rttpg_author":{"display_name":"Livio Nonis","author_link":"https:\/\/imagazine.it\/home_desk\/author\/nonis\/"},"rttpg_comment":0,"rttpg_category":"<a href=\"https:\/\/imagazine.it\/home_desk\/category\/attualita\/\" rel=\"category tag\">ATTUALIT\u00c0<\/a>","rttpg_excerpt":"Spettacolo di fine anno per i 109 allievi della Scuola per l'infanzia parrocchiale paritaria \"Maria Immacolata\" di Cervignano","_links":{"self":[{"href":"https:\/\/imagazine.it\/home_desk\/wp-json\/wp\/v2\/posts\/65940","targetHints":{"allow":["GET"]}}],"collection":[{"href":"https:\/\/imagazine.it\/home_desk\/wp-json\/wp\/v2\/posts"}],"about":[{"href":"https:\/\/imagazine.it\/home_desk\/wp-json\/wp\/v2\/types\/post"}],"author":[{"embeddable":true,"href":"https:\/\/imagazine.it\/home_desk\/wp-json\/wp\/v2\/users\/22"}],"replies":[{"embeddable":true,"href":"https:\/\/imagazine.it\/home_desk\/wp-json\/wp\/v2\/comments?post=65940"}],"version-history":[{"count":0,"href":"https:\/\/imagazine.it\/home_desk\/wp-json\/wp\/v2\/posts\/65940\/revisions"}],"wp:featuredmedia":[{"embeddable":true,"href":"https:\/\/imagazine.it\/home_desk\/wp-json\/wp\/v2\/media\/65941"}],"wp:attachment":[{"href":"https:\/\/imagazine.it\/home_desk\/wp-json\/wp\/v2\/media?parent=65940"}],"wp:term":[{"taxonomy":"category","embeddable":true,"href":"https:\/\/imagazine.it\/home_desk\/wp-json\/wp\/v2\/categories?post=65940"},{"taxonomy":"post_tag","embeddable":true,"href":"https:\/\/imagazine.it\/home_desk\/wp-json\/wp\/v2\/tags?post=65940"}],"curies":[{"name":"wp","href":"https:\/\/api.w.org\/{rel}","templated":true}]}}