{"id":65912,"date":"2025-06-12T10:34:36","date_gmt":"2025-06-12T08:34:36","guid":{"rendered":"https:\/\/imagazine.it\/home_desk\/?p=65912"},"modified":"2025-06-12T15:55:27","modified_gmt":"2025-06-12T13:55:27","slug":"trieste-fa-squadra-contro-il-tumore-primitivo-al-fegato","status":"publish","type":"post","link":"https:\/\/imagazine.it\/home_desk\/trieste-fa-squadra-contro-il-tumore-primitivo-al-fegato\/","title":{"rendered":"Trieste fa squadra contro il tumore primitivo al fegato"},"content":{"rendered":"<p><span style=\"font-size: 10pt;\"><em>I partecipanti al seminario nella sede FIF<\/em><\/span><\/p>\n<p>TRIESTE \u2013 Un protocollo operativo per l\u2019attivazione di gruppi di lavoro tematici.<\/p>\n<p><strong>Fondazione Italiana Fegato ONLUS<\/strong> (FIF), <strong>Lega Italiana per la Lotta contro i Tumori<\/strong> (LILT) \u2013 Associazione Provinciale di Trieste, <strong>Azienda Sanitaria Universitaria Giuliano Isontina<\/strong> (ASUGI) e <strong>Universit\u00e0 degli Studi di Trieste<\/strong> hanno espresso l\u2019intenzione di rafforzare la cooperazione in occasione di un seminario multidisciplinare dedicato al carcinoma epatocellulare (HCC), nell\u2019ambito del progetto sull\u2019HCC, finanziato dalla Lega Italiana per la Lotta contro i Tumori (LILT) nel 2024.<\/p>\n<p>L\u2019evento ha riunito nella sede di FIF a Trieste ricercatori, clinici, e studenti, con l\u2019obiettivo di rafforzare la cooperazione tra enti scientifici e sanitari per affrontare in modo sinergico la <strong>sfida rappresentata dal tumore primitivo del fegato<\/strong>, una delle principali cause di mortalit\u00e0 oncologica a livello globale.<\/p>\n<p>\u201cNel corso della giornata \u2013 sottolinea il direttore scientifico della Fondazione Italiana Fegato,\u00a0<strong>Claudio Tiribelli<\/strong>\u00a0\u2013 \u00e8 stata ribadita l\u2019importanza della prevenzione primaria e secondaria, della diagnosi precoce e di una presa in carico multidisciplinare del paziente, nonch\u00e9 la necessit\u00e0 di investire nella formazione e nella divulgazione scientifica per aumentare la consapevolezza pubblica sulle malattie epatiche croniche. L\u2019incontro si \u00e8 concluso con un messaggio chiaro: solo unendo competenze, risorse e visioni sar\u00e0 possibile migliorare la prevenzione e la cura del cancro al fegato, a beneficio dei pazienti e della comunit\u00e0\u201d.<\/p>\n","protected":false},"excerpt":{"rendered":"<p>Quattro enti di eccellenza pronti a siglare un protocollo operativo per affrontare una delle principali cause di mortalit\u00e0 oncologica a livello globale<\/p>\n","protected":false},"author":28,"featured_media":65913,"comment_status":"closed","ping_status":"closed","sticky":false,"template":"","format":"image","meta":{"dwc-title":[""],"dwc-content":[""],"footnotes":""},"categories":[5],"tags":[96,2220,98,95,65,389],"class_list":["post-65912","post","type-post","status-publish","format-image","has-post-thumbnail","hentry","category-attualita","tag-asugi","tag-fif","tag-ricerca","tag-sanita","tag-trieste","tag-units","post_format-post-format-image"],"rttpg_featured_image_url":{"full":["https:\/\/imagazine.it\/wp-content\/uploads\/2025\/06\/I-partecipanti-al-seminario.jpg",1366,703,false],"landscape":["https:\/\/imagazine.it\/wp-content\/uploads\/2025\/06\/I-partecipanti-al-seminario.jpg",1366,703,false],"portraits":["https:\/\/imagazine.it\/wp-content\/uploads\/2025\/06\/I-partecipanti-al-seminario.jpg",1366,703,false],"thumbnail":["https:\/\/imagazine.it\/wp-content\/uploads\/2025\/06\/I-partecipanti-al-seminario-150x150.jpg",150,150,true],"medium":["https:\/\/imagazine.it\/wp-content\/uploads\/2025\/06\/I-partecipanti-al-seminario-300x154.jpg",300,154,true],"large":["https:\/\/imagazine.it\/wp-content\/uploads\/2025\/06\/I-partecipanti-al-seminario-1024x527.jpg",640,329,true],"thumblist":["https:\/\/imagazine.it\/wp-content\/uploads\/2025\/06\/I-partecipanti-al-seminario-300x300.jpg",300,300,true],"thumbrelated":["https:\/\/imagazine.it\/wp-content\/uploads\/2025\/06\/I-partecipanti-al-seminario-500x500.jpg",500,500,true],"meccarouselthumb":["https:\/\/imagazine.it\/wp-content\/uploads\/2025\/06\/I-partecipanti-al-seminario-474x324.jpg",474,324,true],"gridsquare":["https:\/\/imagazine.it\/wp-content\/uploads\/2025\/06\/I-partecipanti-al-seminario-391x260.jpg",391,260,true],"tileview":["https:\/\/imagazine.it\/wp-content\/uploads\/2025\/06\/I-partecipanti-al-seminario-300x400.jpg",300,400,true],"1536x1536":["https:\/\/imagazine.it\/wp-content\/uploads\/2025\/06\/I-partecipanti-al-seminario.jpg",1366,703,false],"2048x2048":["https:\/\/imagazine.it\/wp-content\/uploads\/2025\/06\/I-partecipanti-al-seminario.jpg",1366,703,false],"newsup-slider-full":["https:\/\/imagazine.it\/wp-content\/uploads\/2025\/06\/I-partecipanti-al-seminario-1280x703.jpg",1280,703,true],"newsup-featured":["https:\/\/imagazine.it\/wp-content\/uploads\/2025\/06\/I-partecipanti-al-seminario-1024x527.jpg",1024,527,true],"newsup-medium":["https:\/\/imagazine.it\/wp-content\/uploads\/2025\/06\/I-partecipanti-al-seminario-720x380.jpg",720,380,true],"tptn_thumbnail":["https:\/\/imagazine.it\/wp-content\/uploads\/2025\/06\/I-partecipanti-al-seminario-250x210.jpg",250,210,true],"sow-carousel-default":["https:\/\/imagazine.it\/wp-content\/uploads\/2025\/06\/I-partecipanti-al-seminario-272x182.jpg",272,182,true]},"rttpg_author":{"display_name":"redazione","author_link":"https:\/\/imagazine.it\/home_desk\/author\/redazione\/"},"rttpg_comment":0,"rttpg_category":"<a href=\"https:\/\/imagazine.it\/home_desk\/category\/attualita\/\" rel=\"category tag\">ATTUALIT\u00c0<\/a>","rttpg_excerpt":"Quattro enti di eccellenza pronti a siglare un protocollo operativo per affrontare una delle principali cause di mortalit\u00e0 oncologica a livello globale","_links":{"self":[{"href":"https:\/\/imagazine.it\/home_desk\/wp-json\/wp\/v2\/posts\/65912","targetHints":{"allow":["GET"]}}],"collection":[{"href":"https:\/\/imagazine.it\/home_desk\/wp-json\/wp\/v2\/posts"}],"about":[{"href":"https:\/\/imagazine.it\/home_desk\/wp-json\/wp\/v2\/types\/post"}],"author":[{"embeddable":true,"href":"https:\/\/imagazine.it\/home_desk\/wp-json\/wp\/v2\/users\/28"}],"replies":[{"embeddable":true,"href":"https:\/\/imagazine.it\/home_desk\/wp-json\/wp\/v2\/comments?post=65912"}],"version-history":[{"count":0,"href":"https:\/\/imagazine.it\/home_desk\/wp-json\/wp\/v2\/posts\/65912\/revisions"}],"wp:featuredmedia":[{"embeddable":true,"href":"https:\/\/imagazine.it\/home_desk\/wp-json\/wp\/v2\/media\/65913"}],"wp:attachment":[{"href":"https:\/\/imagazine.it\/home_desk\/wp-json\/wp\/v2\/media?parent=65912"}],"wp:term":[{"taxonomy":"category","embeddable":true,"href":"https:\/\/imagazine.it\/home_desk\/wp-json\/wp\/v2\/categories?post=65912"},{"taxonomy":"post_tag","embeddable":true,"href":"https:\/\/imagazine.it\/home_desk\/wp-json\/wp\/v2\/tags?post=65912"}],"curies":[{"name":"wp","href":"https:\/\/api.w.org\/{rel}","templated":true}]}}