{"id":65902,"date":"2025-06-11T18:55:28","date_gmt":"2025-06-11T16:55:28","guid":{"rendered":"https:\/\/imagazine.it\/home_desk\/?p=65902"},"modified":"2025-06-11T18:55:28","modified_gmt":"2025-06-11T16:55:28","slug":"nozze-di-diamante-per-carlo-perissin-e-piergiacoma-balzi","status":"publish","type":"post","link":"https:\/\/imagazine.it\/home_desk\/nozze-di-diamante-per-carlo-perissin-e-piergiacoma-balzi\/","title":{"rendered":"Nozze di diamante per Carlo Perissin e Piergiacoma Balzi"},"content":{"rendered":"<p><span style=\"font-size: 10pt;\"><em>I due coniugi assieme a don Zuttion<\/em><\/span><\/p>\n<p>RUDA \u2013 Nella chiesetta di Sant\u2019Andrea a Perteole sono state celebrate le <strong>nozze di diamante<\/strong> di <strong>Carlo Perissin<\/strong>, classe 1937, e <strong>Piergiacoma Balzi<\/strong>, classe 1940.<\/p>\n<p>Hanno rinnovato le promesse matrimoniali davanti a <strong>don Paolo Zuttion<\/strong>.<\/p>\n<p>La loro storia \u00e8 iniziata a Milano ed \u00e8 stata benedetta da don Mario Vatta nel 1965.<\/p>\n<p>Carlo, originario di Scodovacca, e Piergiacoma, da Morciano di Romagna, si sono conosciuti proprio nel capoluogo lombardo, uniti non solo dalla citt\u00e0 ma anche dagli ambienti lavorativi. Lui, pioniere nel campo tecnico informatico, lei, abile dattilografa, hanno condiviso i primi anni della loro vita professionale nella medesima ditta.<\/p>\n<p>Ma il loro legame pi\u00f9 profondo \u00e8 fiorito all&#8217;interno della <strong>fraternit\u00e0 di Comunione e Liberazione<\/strong>. Questa appartenenza ha plasmato la loro visione della vita, mettendo al centro l&#8217;educazione e la crescita dei figli.<\/p>\n<p>La loro unione ha infatti dato vita a tre figli: Simone, Francesco e Daniele. Oggi tutti e tre sono sposati, e la famiglia si \u00e8 ulteriormente allargata con l&#8217;arrivo di sette nipoti. Sessant&#8217;anni di matrimonio sono un percorso costellato di sfide superate, gioie condivise e un amore che si \u00e8 rafforzato con il tempo.<\/p>\n<figure id=\"attachment_65904\" aria-describedby=\"caption-attachment-65904\" style=\"width: 1000px\" class=\"wp-caption aligncenter\"><img loading=\"lazy\" decoding=\"async\" class=\"size-full wp-image-65904\" src=\"https:\/\/imagazine.it\/wp-content\/uploads\/2025\/06\/carlo-e-piergiacoma-05.jpg\" alt=\"\" width=\"1000\" height=\"669\" title=\"\" srcset=\"https:\/\/imagazine.it\/wp-content\/uploads\/2025\/06\/carlo-e-piergiacoma-05.jpg 1000w, https:\/\/imagazine.it\/wp-content\/uploads\/2025\/06\/carlo-e-piergiacoma-05-300x201.jpg 300w, https:\/\/imagazine.it\/wp-content\/uploads\/2025\/06\/carlo-e-piergiacoma-05-768x514.jpg 768w, https:\/\/imagazine.it\/wp-content\/uploads\/2025\/06\/carlo-e-piergiacoma-05-272x182.jpg 272w\" sizes=\"auto, (max-width: 1000px) 100vw, 1000px\" \/><figcaption id=\"caption-attachment-65904\" class=\"wp-caption-text\">Foto di gruppo con i parenti<\/figcaption><\/figure>\n","protected":false},"excerpt":{"rendered":"<p>Celebrati a Perteole i 60 anni di matrimonio assieme a figli e nipoti. Con la benedizione di don Paolo Zuttion<\/p>\n","protected":false},"author":22,"featured_media":65903,"comment_status":"closed","ping_status":"closed","sticky":false,"template":"","format":"image","meta":{"dwc-title":[""],"dwc-content":[""],"footnotes":""},"categories":[5],"tags":[2059,1204,212],"class_list":["post-65902","post","type-post","status-publish","format-image","has-post-thumbnail","hentry","category-attualita","tag-anniversari","tag-perteole","tag-ruda","post_format-post-format-image"],"rttpg_featured_image_url":{"full":["https:\/\/imagazine.it\/wp-content\/uploads\/2025\/06\/carlo-e-piergiacoma-04.jpg",1366,837,false],"landscape":["https:\/\/imagazine.it\/wp-content\/uploads\/2025\/06\/carlo-e-piergiacoma-04.jpg",1366,837,false],"portraits":["https:\/\/imagazine.it\/wp-content\/uploads\/2025\/06\/carlo-e-piergiacoma-04.jpg",1366,837,false],"thumbnail":["https:\/\/imagazine.it\/wp-content\/uploads\/2025\/06\/carlo-e-piergiacoma-04-150x150.jpg",150,150,true],"medium":["https:\/\/imagazine.it\/wp-content\/uploads\/2025\/06\/carlo-e-piergiacoma-04-300x184.jpg",300,184,true],"large":["https:\/\/imagazine.it\/wp-content\/uploads\/2025\/06\/carlo-e-piergiacoma-04-1024x627.jpg",640,392,true],"thumblist":["https:\/\/imagazine.it\/wp-content\/uploads\/2025\/06\/carlo-e-piergiacoma-04-300x300.jpg",300,300,true],"thumbrelated":["https:\/\/imagazine.it\/wp-content\/uploads\/2025\/06\/carlo-e-piergiacoma-04-500x500.jpg",500,500,true],"meccarouselthumb":["https:\/\/imagazine.it\/wp-content\/uploads\/2025\/06\/carlo-e-piergiacoma-04-474x324.jpg",474,324,true],"gridsquare":["https:\/\/imagazine.it\/wp-content\/uploads\/2025\/06\/carlo-e-piergiacoma-04-391x260.jpg",391,260,true],"tileview":["https:\/\/imagazine.it\/wp-content\/uploads\/2025\/06\/carlo-e-piergiacoma-04-300x400.jpg",300,400,true],"1536x1536":["https:\/\/imagazine.it\/wp-content\/uploads\/2025\/06\/carlo-e-piergiacoma-04.jpg",1366,837,false],"2048x2048":["https:\/\/imagazine.it\/wp-content\/uploads\/2025\/06\/carlo-e-piergiacoma-04.jpg",1366,837,false],"newsup-slider-full":["https:\/\/imagazine.it\/wp-content\/uploads\/2025\/06\/carlo-e-piergiacoma-04-1280x720.jpg",1280,720,true],"newsup-featured":["https:\/\/imagazine.it\/wp-content\/uploads\/2025\/06\/carlo-e-piergiacoma-04-1024x627.jpg",1024,627,true],"newsup-medium":["https:\/\/imagazine.it\/wp-content\/uploads\/2025\/06\/carlo-e-piergiacoma-04-720x380.jpg",720,380,true],"tptn_thumbnail":["https:\/\/imagazine.it\/wp-content\/uploads\/2025\/06\/carlo-e-piergiacoma-04-250x210.jpg",250,210,true],"sow-carousel-default":["https:\/\/imagazine.it\/wp-content\/uploads\/2025\/06\/carlo-e-piergiacoma-04-272x182.jpg",272,182,true]},"rttpg_author":{"display_name":"Livio Nonis","author_link":"https:\/\/imagazine.it\/home_desk\/author\/nonis\/"},"rttpg_comment":0,"rttpg_category":"<a href=\"https:\/\/imagazine.it\/home_desk\/category\/attualita\/\" rel=\"category tag\">ATTUALIT\u00c0<\/a>","rttpg_excerpt":"Celebrati a Perteole i 60 anni di matrimonio assieme a figli e nipoti. Con la benedizione di don Paolo Zuttion","_links":{"self":[{"href":"https:\/\/imagazine.it\/home_desk\/wp-json\/wp\/v2\/posts\/65902","targetHints":{"allow":["GET"]}}],"collection":[{"href":"https:\/\/imagazine.it\/home_desk\/wp-json\/wp\/v2\/posts"}],"about":[{"href":"https:\/\/imagazine.it\/home_desk\/wp-json\/wp\/v2\/types\/post"}],"author":[{"embeddable":true,"href":"https:\/\/imagazine.it\/home_desk\/wp-json\/wp\/v2\/users\/22"}],"replies":[{"embeddable":true,"href":"https:\/\/imagazine.it\/home_desk\/wp-json\/wp\/v2\/comments?post=65902"}],"version-history":[{"count":0,"href":"https:\/\/imagazine.it\/home_desk\/wp-json\/wp\/v2\/posts\/65902\/revisions"}],"wp:featuredmedia":[{"embeddable":true,"href":"https:\/\/imagazine.it\/home_desk\/wp-json\/wp\/v2\/media\/65903"}],"wp:attachment":[{"href":"https:\/\/imagazine.it\/home_desk\/wp-json\/wp\/v2\/media?parent=65902"}],"wp:term":[{"taxonomy":"category","embeddable":true,"href":"https:\/\/imagazine.it\/home_desk\/wp-json\/wp\/v2\/categories?post=65902"},{"taxonomy":"post_tag","embeddable":true,"href":"https:\/\/imagazine.it\/home_desk\/wp-json\/wp\/v2\/tags?post=65902"}],"curies":[{"name":"wp","href":"https:\/\/api.w.org\/{rel}","templated":true}]}}