{"id":65894,"date":"2025-06-11T15:51:00","date_gmt":"2025-06-11T13:51:00","guid":{"rendered":"https:\/\/imagazine.it\/home_desk\/?p=65894"},"modified":"2025-06-12T13:07:51","modified_gmt":"2025-06-12T11:07:51","slug":"nato-in-friuli-un-allocco-degli-urali","status":"publish","type":"post","link":"https:\/\/imagazine.it\/home_desk\/nato-in-friuli-un-allocco-degli-urali\/","title":{"rendered":"Nato in Friuli un allocco degli Urali"},"content":{"rendered":"<p><span style=\"font-size: 10pt;\"><em>Giovani allocco (ph. Fulvio Genero)<\/em><\/span><\/p>\n<p>FORGARIA NEL FRIULI \u2013 Nascita speciale alla<strong> Riserva naturale regionale del Lago di Cornino<\/strong>, l&#8217;unico sito in Italia ad accogliere \u2013 grazie a programmi di collaborazione internazionale, in particolare con l&#8217;Universit\u00e0 di Vienna \u2013 alcuni esemplari di <strong>allocchi degli Urali<\/strong>.<\/p>\n<p>Una coppia giovane arrivata nel 2023 proprio dalla capitale austriaca si \u00e8 riprodotta, come il direttore scientifico della Riserva, <strong>Fulvio Genero<\/strong>, e gli esperti della Coop Pavees \u2013 che sotto la direzione del presidente <strong>Luca Sicuro<\/strong> gestisce il sito protetto \u2013 avevano dedotto dall&#8217;osservazione dei movimenti dei rapaci.<\/p>\n<p>Dallo scorso 5 aprile, infatti, la femmina (proveniente dalla Polonia, mentre il maschio arriva dalla Repubblica Ceca) era rimasta costantemente nel nido, iniziando a uscire saltuariamente solo all\u2019inizio di giugno.<\/p>\n<p>L\u2019intesa e l\u2019atteggiamento della coppia facevano sperare in un buon esito riproduttivo, ma il personale della Riserva ha preferito attendere per evitare qualsiasi forma di disturbo.<\/p>\n<p>\u00abL\u20198 giugno \u2013 informa Genero \u2013 il primo nato si \u00e8 affacciato sul bordo del nido, a un&#8217;et\u00e0 di circa 20 giorni. Rimarr\u00e0 con i genitori fino alla fine di luglio, per essere poi trasferito in una voliera di acclimatazione nell\u2019area scelta per la liberazione dai ricercatori dell\u2019Universit\u00e0 di Vienna\u00bb.<\/p>\n<p>\u00abLa presenza della specie nelle voliere di Cornino riveste un grande significato proprio perch\u00e9 \u2013 conferma il direttore scientifico \u2013 questo grande rapace notturno in Italia \u00e8 diffuso solo nella nostra regione, fino ai confini con il Veneto, l\u2019estremo margine sudoccidentale del vasto areale di distribuzione degli allocchi degli Urali, che dal Giappone attraversano le regioni settentrionali dell\u2019Asia e dell\u2019Europa fino appunto al Friuli\u00bb. Nell\u2019Europa centrale l&#8217;allocco degli Urali \u00e8 scomparso da vaste zone a seguito delle persecuzioni umane. I progetti di conservazione in atto in Austria e Germania si prefiggono di reintrodurlo in alcune foreste.<\/p>\n<p>La metodologia \u00e8 originale e ha gi\u00e0 prodotto ottimi risultati: si utilizzano le coppie presenti da tempo in centri specializzati e parchi zoologici, facendole riprodurre per liberare poi i giovani nati, in condizioni tali da consentire loro di abituarsi alla vita in natura.<\/p>\n<p>La Riserva di Cornino, intanto, si appresta a vivere il <strong><em>Griffonday<\/em><\/strong>, giornata celebrativa della ricchezza naturale del Friuli Venezia Giulia, in calendario per <strong>domenica 15 giugno<\/strong>.<\/p>\n<p>Momento di punta della programmazione annuale, l&#8217;evento si aprir\u00e0 alle 9.30 e proseguir\u00e0 fino al pomeriggio, offrendo visite guidate, attivit\u00e0 laboratoriali e conferenze a cura di esperti.<\/p>\n<p>Ai saluti introduttivi seguiranno (alle 9.45) visite guidate in Riserva; parallelamente apriranno gli stand, che proporranno varie attivit\u00e0.<\/p>\n<p>Nel pomeriggio, dalle 14.30, spazio poi alla divulgazione scientifica: la prima conferenza didattica sar\u00e0 a cura di Fulvio Genero, direttore scientifico della Riserva (&#8220;<em>Grifoni in Friuli<\/em>&#8221; il titolo del suo intervento); si parler\u00e0 quindi di &#8220;<em>Avvoltoi dal mondo all&#8217;Italia: invertiamo la rotta<\/em>&#8221; (relatore sar\u00e0 <strong>Cesare Avesani<\/strong>, della Fondazione Arca) e de &#8220;<em>Il disegno naturalistico al servizio della conservazione<\/em>&#8220;, con l&#8217;illustratore naturalista <strong>Marco Preziosi<\/strong>.<\/p>\n<p>Infine <strong>Francesco Barberini<\/strong>, gi\u00e0 noto come divulgatore scientifico, spiegher\u00e0 come &#8220;<em>Raccontare i dinosauri di oggi<\/em>&#8220;.<\/p>\n<p>\u00abUn&#8217;occasione davvero preziosa, carica di spunti: ci auguriamo \u2013 \u00a0dichiara il vicesindaco di Forgaria con delega alla Riserva, <strong>Luigino Ingrassi<\/strong> \u2013 che l&#8217;affluenza di pubblico, come da tradizione, sia alta\u00bb.<\/p>\n<p>Le premesse ci sono tutte, a maggior ragione considerato che <strong>alle ore 11 <\/strong>arriver\u00e0 alla<strong> stazione di Cornino il <\/strong>&#8220;<strong><em>Treno Storico del Grifone<\/em><\/strong>&#8220;, con partenza da Udine (info al numero 0432 295972): i passeggeri saranno accolti e accompagni in Riserva, per partecipare al Griffonday.<\/p>\n","protected":false},"excerpt":{"rendered":"<p>Evento rarissimo alla Riserva di Cornino. La specie \u00e8 interessata da un piano internazionale di reintroduzione e conservazione<\/p>\n","protected":false},"author":28,"featured_media":65895,"comment_status":"closed","ping_status":"closed","sticky":false,"template":"","format":"image","meta":{"dwc-title":[""],"dwc-content":[""],"footnotes":""},"categories":[5],"tags":[66,413,1679,1680],"class_list":["post-65894","post","type-post","status-publish","format-image","has-post-thumbnail","hentry","category-attualita","tag-ambiente","tag-animali","tag-cornino","tag-forgaria","post_format-post-format-image"],"rttpg_featured_image_url":{"full":["https:\/\/imagazine.it\/wp-content\/uploads\/2025\/06\/giovane-allocco-Foto-Fulvio-Genero.jpg",1366,984,false],"landscape":["https:\/\/imagazine.it\/wp-content\/uploads\/2025\/06\/giovane-allocco-Foto-Fulvio-Genero.jpg",1366,984,false],"portraits":["https:\/\/imagazine.it\/wp-content\/uploads\/2025\/06\/giovane-allocco-Foto-Fulvio-Genero.jpg",1366,984,false],"thumbnail":["https:\/\/imagazine.it\/wp-content\/uploads\/2025\/06\/giovane-allocco-Foto-Fulvio-Genero-150x150.jpg",150,150,true],"medium":["https:\/\/imagazine.it\/wp-content\/uploads\/2025\/06\/giovane-allocco-Foto-Fulvio-Genero-300x216.jpg",300,216,true],"large":["https:\/\/imagazine.it\/wp-content\/uploads\/2025\/06\/giovane-allocco-Foto-Fulvio-Genero-1024x738.jpg",640,461,true],"thumblist":["https:\/\/imagazine.it\/wp-content\/uploads\/2025\/06\/giovane-allocco-Foto-Fulvio-Genero-300x300.jpg",300,300,true],"thumbrelated":["https:\/\/imagazine.it\/wp-content\/uploads\/2025\/06\/giovane-allocco-Foto-Fulvio-Genero-500x500.jpg",500,500,true],"meccarouselthumb":["https:\/\/imagazine.it\/wp-content\/uploads\/2025\/06\/giovane-allocco-Foto-Fulvio-Genero-474x324.jpg",474,324,true],"gridsquare":["https:\/\/imagazine.it\/wp-content\/uploads\/2025\/06\/giovane-allocco-Foto-Fulvio-Genero-391x260.jpg",391,260,true],"tileview":["https:\/\/imagazine.it\/wp-content\/uploads\/2025\/06\/giovane-allocco-Foto-Fulvio-Genero-300x400.jpg",300,400,true],"1536x1536":["https:\/\/imagazine.it\/wp-content\/uploads\/2025\/06\/giovane-allocco-Foto-Fulvio-Genero.jpg",1366,984,false],"2048x2048":["https:\/\/imagazine.it\/wp-content\/uploads\/2025\/06\/giovane-allocco-Foto-Fulvio-Genero.jpg",1366,984,false],"newsup-slider-full":["https:\/\/imagazine.it\/wp-content\/uploads\/2025\/06\/giovane-allocco-Foto-Fulvio-Genero-1280x720.jpg",1280,720,true],"newsup-featured":["https:\/\/imagazine.it\/wp-content\/uploads\/2025\/06\/giovane-allocco-Foto-Fulvio-Genero-1024x738.jpg",1024,738,true],"newsup-medium":["https:\/\/imagazine.it\/wp-content\/uploads\/2025\/06\/giovane-allocco-Foto-Fulvio-Genero-720x380.jpg",720,380,true],"tptn_thumbnail":["https:\/\/imagazine.it\/wp-content\/uploads\/2025\/06\/giovane-allocco-Foto-Fulvio-Genero-250x210.jpg",250,210,true],"sow-carousel-default":["https:\/\/imagazine.it\/wp-content\/uploads\/2025\/06\/giovane-allocco-Foto-Fulvio-Genero-272x182.jpg",272,182,true]},"rttpg_author":{"display_name":"redazione","author_link":"https:\/\/imagazine.it\/home_desk\/author\/redazione\/"},"rttpg_comment":0,"rttpg_category":"<a href=\"https:\/\/imagazine.it\/home_desk\/category\/attualita\/\" rel=\"category tag\">ATTUALIT\u00c0<\/a>","rttpg_excerpt":"Evento rarissimo alla Riserva di Cornino. La specie \u00e8 interessata da un piano internazionale di reintroduzione e conservazione","_links":{"self":[{"href":"https:\/\/imagazine.it\/home_desk\/wp-json\/wp\/v2\/posts\/65894","targetHints":{"allow":["GET"]}}],"collection":[{"href":"https:\/\/imagazine.it\/home_desk\/wp-json\/wp\/v2\/posts"}],"about":[{"href":"https:\/\/imagazine.it\/home_desk\/wp-json\/wp\/v2\/types\/post"}],"author":[{"embeddable":true,"href":"https:\/\/imagazine.it\/home_desk\/wp-json\/wp\/v2\/users\/28"}],"replies":[{"embeddable":true,"href":"https:\/\/imagazine.it\/home_desk\/wp-json\/wp\/v2\/comments?post=65894"}],"version-history":[{"count":0,"href":"https:\/\/imagazine.it\/home_desk\/wp-json\/wp\/v2\/posts\/65894\/revisions"}],"wp:featuredmedia":[{"embeddable":true,"href":"https:\/\/imagazine.it\/home_desk\/wp-json\/wp\/v2\/media\/65895"}],"wp:attachment":[{"href":"https:\/\/imagazine.it\/home_desk\/wp-json\/wp\/v2\/media?parent=65894"}],"wp:term":[{"taxonomy":"category","embeddable":true,"href":"https:\/\/imagazine.it\/home_desk\/wp-json\/wp\/v2\/categories?post=65894"},{"taxonomy":"post_tag","embeddable":true,"href":"https:\/\/imagazine.it\/home_desk\/wp-json\/wp\/v2\/tags?post=65894"}],"curies":[{"name":"wp","href":"https:\/\/api.w.org\/{rel}","templated":true}]}}