{"id":65890,"date":"2025-06-11T15:22:03","date_gmt":"2025-06-11T13:22:03","guid":{"rendered":"https:\/\/imagazine.it\/home_desk\/?p=65890"},"modified":"2025-06-12T12:31:40","modified_gmt":"2025-06-12T10:31:40","slug":"oltre-350-figuranti-per-la-passione-di-cristo-transfrontaliera","status":"publish","type":"post","link":"https:\/\/imagazine.it\/home_desk\/oltre-350-figuranti-per-la-passione-di-cristo-transfrontaliera\/","title":{"rendered":"Oltre 350 figuranti per la Passione di Cristo transfrontaliera"},"content":{"rendered":"<p><span style=\"font-size: 10pt;\"><em>Al Castello di Gorizia sar\u00e0 ambientata la scena della crocifissione<\/em><\/span><\/p>\n<p>GORIZIA \u2013 L\u2019<strong>Associazione<\/strong> <strong>Europassione per l\u2019Italia<\/strong> insieme alla comunit\u00e0 della Passione di \u0160kofja Loka (Slovenia) Patrimonio UNESCO, presentano l\u2019evento speciale <strong><em>Calvario \/ Kalvarija \u2013 Oltre Il Filo Spinato \/ Onkraj Bode\u010de \u017dice<\/em><\/strong>.<\/p>\n<p>L\u2019appuntamento \u00e8 <strong>sabato 14 giugno <\/strong>con partenza da Piazza della Vittoria.<\/p>\n<p>Evento sul modello della \u201c<em>Passione, i Sassi<\/em>\u201d realizzata nel 2019 per Matera Capitale Europea della Cultura e della Passione di Ancona, nel 2011.<\/p>\n<p>Una rappresentazione itinerante della Passione di Cristo concepita come strumento di pace, riconciliazione e dialogo tra popoli e comunit\u00e0 e attraverser\u00e0 il confine italo-sloveno, coinvolgendo <strong>oltre 350 attori<\/strong> tra figuranti e volontari che arriveranno da tutta Italia e dall\u2019Europa.<\/p>\n<p>Al termine del percorso, che comprende <strong>otto diverse tappe<\/strong>, le comunit\u00e0 di ritroveranno in <strong>Piazza Transalpina<\/strong> con cori, bande, danze popolari e distribuzione di uova rosse, nastri colorati, focacce, Gubana e dolci di Pasqua, come dall\u2019antica tradizione festiva del territorio.<\/p>\n<p>Alla presentazione della manifestazione sono intervenuti <strong>Patrizia Artico<\/strong>, assessore comunale a GO! 2025, <strong>Flavio Sialino<\/strong>, presidente di Europassione per l\u2019Italia, e <strong>Patrizia Nardi<\/strong>, responsabile tecnico-scientifico del progetto Prospettiva UNESCO di Europassione.<\/p>\n<figure id=\"attachment_65891\" aria-describedby=\"caption-attachment-65891\" style=\"width: 800px\" class=\"wp-caption aligncenter\"><img loading=\"lazy\" decoding=\"async\" class=\"size-full wp-image-65891\" src=\"https:\/\/imagazine.it\/wp-content\/uploads\/2025\/06\/Presentazione-Europassione.jpg\" alt=\"\" width=\"800\" height=\"600\" title=\"\" srcset=\"https:\/\/imagazine.it\/wp-content\/uploads\/2025\/06\/Presentazione-Europassione.jpg 800w, https:\/\/imagazine.it\/wp-content\/uploads\/2025\/06\/Presentazione-Europassione-300x225.jpg 300w, https:\/\/imagazine.it\/wp-content\/uploads\/2025\/06\/Presentazione-Europassione-768x576.jpg 768w\" sizes=\"auto, (max-width: 800px) 100vw, 800px\" \/><figcaption id=\"caption-attachment-65891\" class=\"wp-caption-text\">La presentazione alla stampa dell&#8217;evento<\/figcaption><\/figure>\n<p>Sabato 14 giugno alle <strong>ore 18<\/strong>, dopo l\u2019introduzione multilingue (italiano, sloveno, friulano, inglese) in Piazza della Vittoria, inizier\u00e0 la rappresentazione itinerante con le scene dell\u2019Orto degli Ulivi, il processo al Sinedrio, il processo di Pilato, la flagellazione, la Via Crucis con le sette stazioni (incontri con Veronica, Giuda, Simone di Cirene, Pie Donne, angeli, madre di Ges\u00f9), la crocifissione, la deposizione e l\u2019unzione, che si svolger\u00e0 lungo le vie di Gorizia fino a Piazza Transalpina.<\/p>\n<p>Infine alle <strong>ore 21<\/strong>, la <strong>Festa della Pace <\/strong>sempre in<strong> Piazza Transalpina<\/strong>.<\/p>\n<p>Il pubblico potr\u00e0 seguire il corteo a piedi o tramite navette gratuite dal centro citt\u00e0 fino alla tappa finale.<\/p>\n<h3>Il percorso<\/h3>\n<p>La rappresentazione itinerante della Passione di Cristo partir\u00e0 da Piazza della Vittoria (introduzione), per proseguire verso il Palazzo del Governo (con la scena dell\u2019Arresto di Ges\u00f9 &#8211; Pilato), la Chiesa di Sant&#8217;Ignazio (Sinedrio: Processo a Ges\u00f9), via Rastello: Prima Stazione (la salita al Monte Calvario).<\/p>\n<p>Slargo di Via Rastello: Seconda Stazione (incontro con la Veronica); l\u2019incrocio tra via D&#8217;Annunzio e via Rastello: Terza Stazione (Incontro con Giuda).<\/p>\n<p>Via D&#8217;Annunzio con la Quarta Stazione (Incontro con Simone di Cirene); via D&#8217;Annunzio direzione Castello &#8211; Quinta Stazione (Incontro con le Pie Donne); via D&#8217;Annunzio direzione Castello &#8211; Sesta Stazione (Incontro con gli angeli); Piazzale esterno Porta Leopoldina: Settima Stazione (Incontro con la Madre).<\/p>\n<p>In Castello \u00e8 prevista la scena della Crocifissione, accanto alla Cappella di Santo Spirito (Deposizione e Unzione), poi il percorso lungo il sentiero che porta in via Giustiniani fino ad arrivare alla Piazza Transalpina a piedi in processione (Traslazione della Salma).<\/p>\n<p>Qui, per le persone in difficolt\u00e0 di deambulazione, \u00e8 prevista una navetta da piazzale del Castello (porta Leopoldina) alla Transalpina, dove si svolger\u00e0 la Festa della Pace con la scena della Resurrezione.<\/p>\n<p>All\u2019evento parteciperanno attivamente comunit\u00e0 di pratica della Passione, giovani generazioni delle scuole, scuole di musica, gruppi di danze popolari, corali, artigiani, associazioni di volontariato, Croce Rossa, Curie, Parrocchie e cooperative.<\/p>\n<p>Questo evento \u00e8 promosso da Europassione per l\u2019Italia e dalla slovena Ventus Passions &#8211; Pasijonski Veter di Skofja Loka, in collaborazione con le realt\u00e0 locali, istituzioni culturali e religiose nazionali e del territorio. La regia \u00e8 affidata ad <strong>Anna Maria Ponzellini<\/strong>, su testo dell\u2019esperto di teatro sacro Claudio Bernardi.<\/p>\n<p>L\u2019evento \u00e8 gratuito e aperto a tutti. Maggiori informazioni sono disponibili sul sito\u00a0<span style=\"text-decoration: underline;\"><a href=\"http:\/\/www.europassione.org\/\" target=\"_blank\" rel=\"noopener\">www.europassione.org<\/a><\/span><\/p>\n","protected":false},"excerpt":{"rendered":"<p>Tra Gorizia e Nova Gorica otto stazioni con la crocifissione in Castello. In piazza Transalpina la risurrezione e la Festa della Pace <\/p>\n","protected":false},"author":28,"featured_media":65892,"comment_status":"closed","ping_status":"closed","sticky":false,"template":"","format":"image","meta":{"dwc-title":[""],"dwc-content":[""],"footnotes":""},"categories":[5],"tags":[123,43,184,1009],"class_list":["post-65890","post","type-post","status-publish","format-image","has-post-thumbnail","hentry","category-attualita","tag-go2025","tag-gorizia","tag-nova-gorica","tag-rievocazione","post_format-post-format-image"],"rttpg_featured_image_url":{"full":["https:\/\/imagazine.it\/wp-content\/uploads\/2025\/06\/Rievocazione-2.jpeg",1366,834,false],"landscape":["https:\/\/imagazine.it\/wp-content\/uploads\/2025\/06\/Rievocazione-2.jpeg",1366,834,false],"portraits":["https:\/\/imagazine.it\/wp-content\/uploads\/2025\/06\/Rievocazione-2.jpeg",1366,834,false],"thumbnail":["https:\/\/imagazine.it\/wp-content\/uploads\/2025\/06\/Rievocazione-2-150x150.jpeg",150,150,true],"medium":["https:\/\/imagazine.it\/wp-content\/uploads\/2025\/06\/Rievocazione-2-300x183.jpeg",300,183,true],"large":["https:\/\/imagazine.it\/wp-content\/uploads\/2025\/06\/Rievocazione-2-1024x625.jpeg",640,391,true],"thumblist":["https:\/\/imagazine.it\/wp-content\/uploads\/2025\/06\/Rievocazione-2-300x300.jpeg",300,300,true],"thumbrelated":["https:\/\/imagazine.it\/wp-content\/uploads\/2025\/06\/Rievocazione-2-500x500.jpeg",500,500,true],"meccarouselthumb":["https:\/\/imagazine.it\/wp-content\/uploads\/2025\/06\/Rievocazione-2-474x324.jpeg",474,324,true],"gridsquare":["https:\/\/imagazine.it\/wp-content\/uploads\/2025\/06\/Rievocazione-2-391x260.jpeg",391,260,true],"tileview":["https:\/\/imagazine.it\/wp-content\/uploads\/2025\/06\/Rievocazione-2-300x400.jpeg",300,400,true],"1536x1536":["https:\/\/imagazine.it\/wp-content\/uploads\/2025\/06\/Rievocazione-2.jpeg",1366,834,false],"2048x2048":["https:\/\/imagazine.it\/wp-content\/uploads\/2025\/06\/Rievocazione-2.jpeg",1366,834,false],"newsup-slider-full":["https:\/\/imagazine.it\/wp-content\/uploads\/2025\/06\/Rievocazione-2-1280x720.jpeg",1280,720,true],"newsup-featured":["https:\/\/imagazine.it\/wp-content\/uploads\/2025\/06\/Rievocazione-2-1024x625.jpeg",1024,625,true],"newsup-medium":["https:\/\/imagazine.it\/wp-content\/uploads\/2025\/06\/Rievocazione-2-720x380.jpeg",720,380,true],"tptn_thumbnail":["https:\/\/imagazine.it\/wp-content\/uploads\/2025\/06\/Rievocazione-2-250x210.jpeg",250,210,true],"sow-carousel-default":["https:\/\/imagazine.it\/wp-content\/uploads\/2025\/06\/Rievocazione-2-272x182.jpeg",272,182,true]},"rttpg_author":{"display_name":"redazione","author_link":"https:\/\/imagazine.it\/home_desk\/author\/redazione\/"},"rttpg_comment":0,"rttpg_category":"<a href=\"https:\/\/imagazine.it\/home_desk\/category\/attualita\/\" rel=\"category tag\">ATTUALIT\u00c0<\/a>","rttpg_excerpt":"Tra Gorizia e Nova Gorica otto stazioni con la crocifissione in Castello. In piazza Transalpina la risurrezione e la Festa della Pace","_links":{"self":[{"href":"https:\/\/imagazine.it\/home_desk\/wp-json\/wp\/v2\/posts\/65890","targetHints":{"allow":["GET"]}}],"collection":[{"href":"https:\/\/imagazine.it\/home_desk\/wp-json\/wp\/v2\/posts"}],"about":[{"href":"https:\/\/imagazine.it\/home_desk\/wp-json\/wp\/v2\/types\/post"}],"author":[{"embeddable":true,"href":"https:\/\/imagazine.it\/home_desk\/wp-json\/wp\/v2\/users\/28"}],"replies":[{"embeddable":true,"href":"https:\/\/imagazine.it\/home_desk\/wp-json\/wp\/v2\/comments?post=65890"}],"version-history":[{"count":0,"href":"https:\/\/imagazine.it\/home_desk\/wp-json\/wp\/v2\/posts\/65890\/revisions"}],"wp:featuredmedia":[{"embeddable":true,"href":"https:\/\/imagazine.it\/home_desk\/wp-json\/wp\/v2\/media\/65892"}],"wp:attachment":[{"href":"https:\/\/imagazine.it\/home_desk\/wp-json\/wp\/v2\/media?parent=65890"}],"wp:term":[{"taxonomy":"category","embeddable":true,"href":"https:\/\/imagazine.it\/home_desk\/wp-json\/wp\/v2\/categories?post=65890"},{"taxonomy":"post_tag","embeddable":true,"href":"https:\/\/imagazine.it\/home_desk\/wp-json\/wp\/v2\/tags?post=65890"}],"curies":[{"name":"wp","href":"https:\/\/api.w.org\/{rel}","templated":true}]}}