{"id":65827,"date":"2025-06-09T12:59:54","date_gmt":"2025-06-09T10:59:54","guid":{"rendered":"https:\/\/imagazine.it\/home_desk\/?p=65827"},"modified":"2025-06-10T15:13:43","modified_gmt":"2025-06-10T13:13:43","slug":"lomaggio-a-giancarlo-siani-apre-il-festival-del-giornalismo","status":"publish","type":"post","link":"https:\/\/imagazine.it\/home_desk\/lomaggio-a-giancarlo-siani-apre-il-festival-del-giornalismo\/","title":{"rendered":"L&#8217;omaggio a Giancarlo Siani apre il Festival del Giornalismo"},"content":{"rendered":"<p><span style=\"font-size: 10pt;\"><em>Una foto di Giancarlo Siani (\u00a9 Fondazione Siani)<\/em><\/span><\/p>\n<p>RONCHI DEI LEGIONARI \u2013 Tutto pronto per l\u2019avvio dell\u201911\u00aa edizione del <strong>Festival del Giornalismo di Leali delle Notizie<\/strong>.<\/p>\n<p>Da\u00a0<strong>marted\u00ec 10 giugno <\/strong>fino a\u00a0<strong>domenica 15<\/strong>, un calendario ricco di ospiti e appuntamenti per riflettere sul mondo dell\u2019informazione e sui principali temi di attualit\u00e0, ma anche su importanti anniversari, animer\u00e0 Ronchi dei Legionari.<\/p>\n<p>Tutto il programma su\u00a0<span style=\"text-decoration: underline;\"><a href=\"https:\/\/wordpress.us18.list-manage.com\/track\/click?u=cc5e4d3706f5b47cb175d4871&amp;id=cdea8fb160&amp;e=e1420f8d57\" target=\"_blank\" rel=\"noopener\">www.festivaldelgiornalismoronchi.it<\/a><\/span>.<\/p>\n<p>Il momento <em>clou\u00a0<\/em>della prima giornata sar\u00e0\u00a0<strong>alle 20, al Palatenda<\/strong>\u00a0(piazzale Martiri delle Foibe), con l&#8217;<strong>inaugurazione ufficiale<\/strong>\u00a0della manifestazione.<\/p>\n<p>Come da tradizione, il taglio del nastro sar\u00e0 anche l&#8217;occasione per la consegna della\u00a0<strong>quarta edizione del premio Leali Young in memoria di Cristina Visintini<\/strong>, ideato per ricordare la giornalista e vicepresidente di Leali delle Notizie, scomparsa prematuramente nell\u2019agosto 2021.<\/p>\n<p>Il concorso, dedicato agli aspiranti giornalisti tra i 18 e i 35 anni, quest\u2019anno chiedeva di riflettere su\u00a0<em>Guerra e pace<\/em>:\u00a0<strong>Enrico Rossi\u00a0<\/strong>con\u00a0<em>Krajina, 1995\u20132025: la tempesta che non passa<\/em>\u00a0ha vinto nella categoria articoli, mentre\u00a0<strong>Lavinia Nocelli\u00a0<\/strong>con\u00a0<em>Il limbo dei palestinesi nei campi profughi in Giordania<\/em>\u00a0ha conquistato la sezione prodotti multimediali; entrambi, grazie al supporto quinquennale della<strong>\u00a0Cassa rurale e artigiana del Friuli Venezia Giulia<\/strong>, che, con questa iniziativa, vuole ricordare Cristina, per anni membro del Cda dell&#8217;istituto di Turriaco, riceveranno un premio da 2.500 euro e saranno ospiti durante la settimana del Festival, collaborando con l&#8217;ufficio stampa.<\/p>\n<p>Il programma partir\u00e0 gi\u00e0 alle 16, al Palatenda, e vedr\u00e0 protagonisti i ragazzi della Consulta dei Giovani di Ronchi dei Legionari che intervisteranno il <span style=\"text-decoration: underline;\"><a href=\"https:\/\/imagazine.it\/home_desk\/matteo-parenzan-invictus\/\">campione e ambasciatore dello sport paralimpico\u00a0<strong>Matteo Parenzan<\/strong><\/a><\/span>, triestino classe 2003, oro nel tennistavolo ai Giochi di Parigi 2024 e portabandiera dell&#8217;Italia alla cerimonia di chiusura di Tokyo 2020.<\/p>\n<p>Alle 17, nel\u00a0<strong>nuovo \u2018spazio autori\u2019 in piazza Unit\u00e0<\/strong>, la presentazione de\u00a0<strong><em>&#8216;La destra e le donne. Da Mussolini a Giorgia Meloni&#8217;<\/em><\/strong>\u00a0di\u00a0<strong>Sara Lucaroni\u00a0<\/strong>(Compagnia Editoriale Aliberti); con l\u2019autrice, giornalista e scrittrice, dialogher\u00e0 il giornalista\u00a0<strong>Pietro Comelli<\/strong>.<\/p>\n<p>Anche quest\u2019anno, una delle mostre allestite in occasione del Festival sar\u00e0 dedicata a un giornalista ucciso per le sue inchieste. Si tratta di\u00a0<strong>Giancarlo Siani<\/strong>, ammazzato dalla camorra il 23 settembre 1985, a 26 anni, a Napoli.\u00a0<strong><em>Giancarlo, le istantanee di una storia<\/em><\/strong>\u00a0sar\u00e0 inaugurata alle 18, al Palatenda, alla presenza del fratello\u00a0<strong>Paolo\u00a0<\/strong>e della nipote\u00a0<strong>Ludovica<\/strong>, attuale vicepresidente della fondazione Siani, nata nel 2019 per raccogliere le battaglie e le tante iniziative che la famiglia e gli amici hanno portato avanti dalla sera della sua uccisione, e di\u00a0<strong>Giovanni Taranto\u00a0<\/strong>(giornalista, scrittore e sceneggiatore) e\u00a0<strong>Ottavio Lucarelli\u00a0<\/strong>(presidente dell\u2019Ordine dei giornalisti della Campania).<\/p>\n<p>Alle 19, in piazza Unit\u00e0, la presentazione di &#8216;<strong><em>Sangue sulla Resistenza. Storia dell&#8217;eccidio di Porz\u00fbs&#8217;\u00a0<\/em><\/strong>(Mondadori) di\u00a0<strong>Tommaso Piffer<\/strong>, docente di storia contemporanea all\u2019Universit\u00e0 di Udine, in dialogo con il giornalista\u00a0<strong>Fabrizio Brancoli<\/strong>.<\/p>\n<p>Dopo l\u2019inaugurazione del Festival e la consegna del premio Leali Young (alle 20), ci sar\u00e0 spazio \u2013 sempre al Palatenda \u2013 per altri due incontri: alle 20.30 si parler\u00e0 di\u00a0<strong>precariato nel giornalismo<\/strong>\u00a0e delle sue ricadute sulla qualit\u00e0 dell\u2019informazione con il presidente nazionale della Fnsi\u00a0<strong>Vittorio Di Trapani\u00a0<\/strong>e i giornalisti\u00a0<strong>Maurizio Bekar<\/strong>,\u00a0<strong>Sara Lucaroni\u00a0<\/strong>e\u00a0<strong>Fabiana Pacella<\/strong>, moderati da\u00a0<strong>Barbara Schiavulli\u00a0<\/strong>).<\/p>\n<p>Alle 21.45, infine,\u00a0<strong><em>Mafia Spa: come cambia e come ci cambia<\/em><\/strong>\u00a0con\u00a0<strong>Fabiana Pacella<\/strong>,\u00a0<strong>Alfredo Fabbrocini\u00a0<\/strong>(Questore della provincia di Barletta, Andria, Trani) e\u00a0<strong>Lucio Luca\u00a0<\/strong>(giornalista La Repubblica), moderati da\u00a0<strong>Enzo D\u2019Antona<\/strong>\u00a0(giornalista e presidente del Teatro Miela di Trieste).<\/p>\n<p>Il Festival continua a essere un momento di formazione: alcuni appuntamenti daranno diritto all\u2019ottenimento di\u00a0<strong>crediti formativi e deontologici da parte dell\u2019Ordine dei Giornalisti<\/strong>. Sar\u00e0 possibile registrarsi sul sito\u00a0<a href=\"https:\/\/wordpress.us18.list-manage.com\/track\/click?u=cc5e4d3706f5b47cb175d4871&amp;id=73d88a8e00&amp;e=e1420f8d57\" target=\"_blank\" rel=\"noopener\">www.formazionegiornalisti.it\u00a0<\/a>o in loco.<\/p>\n<h3><strong>LE MOSTRE<\/strong><\/h3>\n<p>Accanto agli incontri, ci saranno quattro mostre. Oltra a quella dedicata a\u00a0<strong>Siani<\/strong>, sar\u00e0 visitabile fino al 31 agosto all\u2019Auditorium anche l\u2019esposizione dedicata\u00a0<strong>agli operatori dell\u2019informazione uccisi nel conflitto Israele-Gaza<\/strong>\u00a0grazie ai disegni dell\u2019artista-attivista\u00a0<strong>Gianluca Costantini<\/strong>.<\/p>\n<p>Nella sede di Leali,\u00a0<em>Human Distance\u00a0<\/em>di\u00a0<strong>Paolo Tanze\u00a0<\/strong>far\u00e0 scoprire vari scorci dell\u2019Europa centro-orientale, mentre a\u00a0<strong>Gradisca\u00a0<\/strong><em>Tempi di cronaca, dai giornali ai social\u00a0<\/em>(visitabile fino al 31 agosto nella Corte D\u2019Aviano di palazzo Torriani) far\u00e0 rivivere importanti pagine di storia grazie agli scatti di tre fotoreporter come\u00a0<strong>Luciano del Castillo<\/strong>,<strong> Franco Lannino <\/strong>e<strong> Manuel Silvestri<\/strong>.<\/p>\n","protected":false},"excerpt":{"rendered":"<p>Il fratello e la nipote a Ronchi per inaugurare la mostra dedicata al cronista vittima della Camorra. Al via sei giorni di grandi eventi<\/p>\n","protected":false},"author":28,"featured_media":65828,"comment_status":"closed","ping_status":"closed","sticky":false,"template":"","format":"image","meta":{"dwc-title":[""],"dwc-content":[""],"footnotes":""},"categories":[37],"tags":[261,826,58,404,60,149],"class_list":["post-65827","post","type-post","status-publish","format-image","has-post-thumbnail","hentry","category-cultura-e-spettacolo","tag-eventi","tag-eventi-fvg","tag-festival","tag-giornalismo","tag-mostre","tag-ronchi","post_format-post-format-image"],"rttpg_featured_image_url":{"full":["https:\/\/imagazine.it\/wp-content\/uploads\/2025\/06\/siani_fondazioneSiani.jpg",1366,895,false],"landscape":["https:\/\/imagazine.it\/wp-content\/uploads\/2025\/06\/siani_fondazioneSiani.jpg",1366,895,false],"portraits":["https:\/\/imagazine.it\/wp-content\/uploads\/2025\/06\/siani_fondazioneSiani.jpg",1366,895,false],"thumbnail":["https:\/\/imagazine.it\/wp-content\/uploads\/2025\/06\/siani_fondazioneSiani-150x150.jpg",150,150,true],"medium":["https:\/\/imagazine.it\/wp-content\/uploads\/2025\/06\/siani_fondazioneSiani-300x197.jpg",300,197,true],"large":["https:\/\/imagazine.it\/wp-content\/uploads\/2025\/06\/siani_fondazioneSiani-1024x671.jpg",640,419,true],"thumblist":["https:\/\/imagazine.it\/wp-content\/uploads\/2025\/06\/siani_fondazioneSiani-300x300.jpg",300,300,true],"thumbrelated":["https:\/\/imagazine.it\/wp-content\/uploads\/2025\/06\/siani_fondazioneSiani-500x500.jpg",500,500,true],"meccarouselthumb":["https:\/\/imagazine.it\/wp-content\/uploads\/2025\/06\/siani_fondazioneSiani-474x324.jpg",474,324,true],"gridsquare":["https:\/\/imagazine.it\/wp-content\/uploads\/2025\/06\/siani_fondazioneSiani-391x260.jpg",391,260,true],"tileview":["https:\/\/imagazine.it\/wp-content\/uploads\/2025\/06\/siani_fondazioneSiani-300x400.jpg",300,400,true],"1536x1536":["https:\/\/imagazine.it\/wp-content\/uploads\/2025\/06\/siani_fondazioneSiani.jpg",1366,895,false],"2048x2048":["https:\/\/imagazine.it\/wp-content\/uploads\/2025\/06\/siani_fondazioneSiani.jpg",1366,895,false],"newsup-slider-full":["https:\/\/imagazine.it\/wp-content\/uploads\/2025\/06\/siani_fondazioneSiani-1280x720.jpg",1280,720,true],"newsup-featured":["https:\/\/imagazine.it\/wp-content\/uploads\/2025\/06\/siani_fondazioneSiani-1024x671.jpg",1024,671,true],"newsup-medium":["https:\/\/imagazine.it\/wp-content\/uploads\/2025\/06\/siani_fondazioneSiani-720x380.jpg",720,380,true],"tptn_thumbnail":["https:\/\/imagazine.it\/wp-content\/uploads\/2025\/06\/siani_fondazioneSiani-250x210.jpg",250,210,true],"sow-carousel-default":["https:\/\/imagazine.it\/wp-content\/uploads\/2025\/06\/siani_fondazioneSiani-272x182.jpg",272,182,true]},"rttpg_author":{"display_name":"redazione","author_link":"https:\/\/imagazine.it\/home_desk\/author\/redazione\/"},"rttpg_comment":0,"rttpg_category":"<a href=\"https:\/\/imagazine.it\/home_desk\/category\/cultura-e-spettacolo\/\" rel=\"category tag\">CULTURA&amp;SPETTACOLO<\/a>","rttpg_excerpt":"Il fratello e la nipote a Ronchi per inaugurare la mostra dedicata al cronista vittima della Camorra. Al via sei giorni di grandi eventi","_links":{"self":[{"href":"https:\/\/imagazine.it\/home_desk\/wp-json\/wp\/v2\/posts\/65827","targetHints":{"allow":["GET"]}}],"collection":[{"href":"https:\/\/imagazine.it\/home_desk\/wp-json\/wp\/v2\/posts"}],"about":[{"href":"https:\/\/imagazine.it\/home_desk\/wp-json\/wp\/v2\/types\/post"}],"author":[{"embeddable":true,"href":"https:\/\/imagazine.it\/home_desk\/wp-json\/wp\/v2\/users\/28"}],"replies":[{"embeddable":true,"href":"https:\/\/imagazine.it\/home_desk\/wp-json\/wp\/v2\/comments?post=65827"}],"version-history":[{"count":0,"href":"https:\/\/imagazine.it\/home_desk\/wp-json\/wp\/v2\/posts\/65827\/revisions"}],"wp:featuredmedia":[{"embeddable":true,"href":"https:\/\/imagazine.it\/home_desk\/wp-json\/wp\/v2\/media\/65828"}],"wp:attachment":[{"href":"https:\/\/imagazine.it\/home_desk\/wp-json\/wp\/v2\/media?parent=65827"}],"wp:term":[{"taxonomy":"category","embeddable":true,"href":"https:\/\/imagazine.it\/home_desk\/wp-json\/wp\/v2\/categories?post=65827"},{"taxonomy":"post_tag","embeddable":true,"href":"https:\/\/imagazine.it\/home_desk\/wp-json\/wp\/v2\/tags?post=65827"}],"curies":[{"name":"wp","href":"https:\/\/api.w.org\/{rel}","templated":true}]}}