{"id":65808,"date":"2025-06-09T10:22:21","date_gmt":"2025-06-09T08:22:21","guid":{"rendered":"https:\/\/imagazine.it\/home_desk\/?p=65808"},"modified":"2025-06-09T15:44:05","modified_gmt":"2025-06-09T13:44:05","slug":"non-solo-meridiane-aiello-anche-paese-dei-fiori","status":"publish","type":"post","link":"https:\/\/imagazine.it\/home_desk\/non-solo-meridiane-aiello-anche-paese-dei-fiori\/","title":{"rendered":"Non solo meridiane: Aiello anche paese dei fiori"},"content":{"rendered":"<p><span style=\"font-size: 10pt;\"><em>La premiazione di Jole Giaiot<\/em><\/span><\/p>\n<p>AIELLO DEL FRIULI \u2013 Conclusa la terza edizione del concorso &#8220;<strong><em>Aiello in Fiore<\/em><\/strong>&#8220;, organizzato dal <strong>Consiglio Comunale dei Ragazzi<\/strong> di Aiello del Friuli.<\/p>\n<p>L\u2019iniziativa sta diventando un appuntamento fisso per la comunit\u00e0, con l\u2019intento di <strong>valorizzare il decoro urbano<\/strong> del comune.<\/p>\n<p>Ogni giardino, ogni balcone e ogni vetrina partecipanti al concorso sono stati pensati e realizzati con una passione evidente, rendendo la scelta della giuria ardua.<\/p>\n<h3>I premiati<\/h3>\n<p>All\u2019<strong>Emporio<\/strong> <strong>Malacrea<\/strong> \u00e8 andato il premio <em>Vetrina fiorita<\/em> &#8220;perch\u00e9 continua ogni anno a creare un angolo di colore che, con la sua semplicit\u00e0 e armonia, rende sempre il centro di Aiello ancora pi\u00f9 accogliente&#8221;.<\/p>\n<p>Il premio <em>Balcone Fiorito<\/em> \u00e8 andato alla signora <strong>Valentina Piras<\/strong> &#8220;per l&#8217;amore per la natura e la passione che si tramuta in impegno che ha saputo trasmettere, dal suo balcone emerge tutto l&#8217;immenso amore che ha per le piante e i colori&#8221;.<\/p>\n<div id=\"metaslider-id-65810\" style=\"max-width: 700px;\" class=\"ml-slider-3-108-0 metaslider metaslider-flex metaslider-65810 ml-slider has-dots-nav ms-theme-default-base\" role=\"region\" aria-label=\"Aiello in fiore 2025\" data-height=\"500\" data-width=\"700\">\n    <div id=\"metaslider_container_65810\">\n        <div id=\"metaslider_65810\">\n            <ul class='slides'>\n                <li style=\"display: block; width: 100%;\" class=\"slide-65814 ms-image \" aria-roledescription=\"slide\" data-date=\"2025-06-09 10:21:48\" data-filename=\"aiello-in-fiore-2025-03.jpg\" data-slide-type=\"image\"><img loading=\"lazy\" decoding=\"async\" width=\"800\" height=\"483\" src=\"https:\/\/imagazine.it\/wp-content\/uploads\/2025\/06\/aiello-in-fiore-2025-03.jpg\" class=\"slider-65810 slide-65814 msDefaultImage\" alt=\"\" rel=\"\" title=\"aiello in fiore 2025 03\" srcset=\"https:\/\/imagazine.it\/wp-content\/uploads\/2025\/06\/aiello-in-fiore-2025-03.jpg 800w, https:\/\/imagazine.it\/wp-content\/uploads\/2025\/06\/aiello-in-fiore-2025-03-300x181.jpg 300w, https:\/\/imagazine.it\/wp-content\/uploads\/2025\/06\/aiello-in-fiore-2025-03-768x464.jpg 768w\" sizes=\"auto, (max-width: 800px) 100vw, 800px\"><\/li>\n                <li style=\"display: none; width: 100%;\" class=\"slide-65815 ms-image \" aria-roledescription=\"slide\" data-date=\"2025-06-09 10:21:48\" data-filename=\"aiello-in-fiore-2025-01.jpg\" data-slide-type=\"image\"><img loading=\"lazy\" decoding=\"async\" width=\"800\" height=\"592\" src=\"https:\/\/imagazine.it\/wp-content\/uploads\/2025\/06\/aiello-in-fiore-2025-01.jpg\" class=\"slider-65810 slide-65815 msDefaultImage\" alt=\"\" rel=\"\" title=\"aiello in fiore 2025 01\" srcset=\"https:\/\/imagazine.it\/wp-content\/uploads\/2025\/06\/aiello-in-fiore-2025-01.jpg 800w, https:\/\/imagazine.it\/wp-content\/uploads\/2025\/06\/aiello-in-fiore-2025-01-300x222.jpg 300w, https:\/\/imagazine.it\/wp-content\/uploads\/2025\/06\/aiello-in-fiore-2025-01-768x568.jpg 768w\" sizes=\"auto, (max-width: 800px) 100vw, 800px\"><\/li>\n                <li style=\"display: none; width: 100%;\" class=\"slide-65816 ms-image \" aria-roledescription=\"slide\" data-date=\"2025-06-09 10:21:48\" data-filename=\"aiello-in-fiore-2025-02.jpg\" data-slide-type=\"image\"><img loading=\"lazy\" decoding=\"async\" width=\"800\" height=\"856\" src=\"https:\/\/imagazine.it\/wp-content\/uploads\/2025\/06\/aiello-in-fiore-2025-02.jpg\" class=\"slider-65810 slide-65816 msDefaultImage\" alt=\"\" rel=\"\" title=\"aiello in fiore 2025 02\" srcset=\"https:\/\/imagazine.it\/wp-content\/uploads\/2025\/06\/aiello-in-fiore-2025-02.jpg 800w, https:\/\/imagazine.it\/wp-content\/uploads\/2025\/06\/aiello-in-fiore-2025-02-280x300.jpg 280w, https:\/\/imagazine.it\/wp-content\/uploads\/2025\/06\/aiello-in-fiore-2025-02-768x822.jpg 768w\" sizes=\"auto, (max-width: 800px) 100vw, 800px\"><\/li>\n            <\/ul>\n        <\/div>\n        \n    <\/div>\n<\/div>\n<p>Si riconferma <strong>Jole Giaiot<\/strong> che vince anche quest\u2019anno il <em>Giardino fiorito<\/em> &#8220;per l&#8217;ambiente romantico che ha saputo creare: un giardino curato in ogni angolo, ricco di decorazioni, piante e alberi che sono stati scelti con attenzione&#8221;.<\/p>\n","protected":false},"excerpt":{"rendered":"<p>Conclusa la terza edizione del concorso promosso dal Consiglio comunale dei ragazzi. Ecco tutti i premiati<\/p>\n","protected":false},"author":22,"featured_media":65809,"comment_status":"closed","ping_status":"closed","sticky":false,"template":"","format":"image","meta":{"dwc-title":[""],"dwc-content":[""],"footnotes":""},"categories":[5],"tags":[126,127,1726,83],"class_list":["post-65808","post","type-post","status-publish","format-image","has-post-thumbnail","hentry","category-attualita","tag-aiello","tag-ccr","tag-fiori","tag-giovani","post_format-post-format-image"],"rttpg_featured_image_url":{"full":["https:\/\/imagazine.it\/wp-content\/uploads\/2025\/06\/jole-giaiot-premiata.jpg",1366,808,false],"landscape":["https:\/\/imagazine.it\/wp-content\/uploads\/2025\/06\/jole-giaiot-premiata.jpg",1366,808,false],"portraits":["https:\/\/imagazine.it\/wp-content\/uploads\/2025\/06\/jole-giaiot-premiata.jpg",1366,808,false],"thumbnail":["https:\/\/imagazine.it\/wp-content\/uploads\/2025\/06\/jole-giaiot-premiata-150x150.jpg",150,150,true],"medium":["https:\/\/imagazine.it\/wp-content\/uploads\/2025\/06\/jole-giaiot-premiata-300x177.jpg",300,177,true],"large":["https:\/\/imagazine.it\/wp-content\/uploads\/2025\/06\/jole-giaiot-premiata-1024x606.jpg",640,379,true],"thumblist":["https:\/\/imagazine.it\/wp-content\/uploads\/2025\/06\/jole-giaiot-premiata-300x300.jpg",300,300,true],"thumbrelated":["https:\/\/imagazine.it\/wp-content\/uploads\/2025\/06\/jole-giaiot-premiata-500x500.jpg",500,500,true],"meccarouselthumb":["https:\/\/imagazine.it\/wp-content\/uploads\/2025\/06\/jole-giaiot-premiata-474x324.jpg",474,324,true],"gridsquare":["https:\/\/imagazine.it\/wp-content\/uploads\/2025\/06\/jole-giaiot-premiata-391x260.jpg",391,260,true],"tileview":["https:\/\/imagazine.it\/wp-content\/uploads\/2025\/06\/jole-giaiot-premiata-300x400.jpg",300,400,true],"1536x1536":["https:\/\/imagazine.it\/wp-content\/uploads\/2025\/06\/jole-giaiot-premiata.jpg",1366,808,false],"2048x2048":["https:\/\/imagazine.it\/wp-content\/uploads\/2025\/06\/jole-giaiot-premiata.jpg",1366,808,false],"newsup-slider-full":["https:\/\/imagazine.it\/wp-content\/uploads\/2025\/06\/jole-giaiot-premiata-1280x720.jpg",1280,720,true],"newsup-featured":["https:\/\/imagazine.it\/wp-content\/uploads\/2025\/06\/jole-giaiot-premiata-1024x606.jpg",1024,606,true],"newsup-medium":["https:\/\/imagazine.it\/wp-content\/uploads\/2025\/06\/jole-giaiot-premiata-720x380.jpg",720,380,true],"tptn_thumbnail":["https:\/\/imagazine.it\/wp-content\/uploads\/2025\/06\/jole-giaiot-premiata-250x210.jpg",250,210,true],"sow-carousel-default":["https:\/\/imagazine.it\/wp-content\/uploads\/2025\/06\/jole-giaiot-premiata-272x182.jpg",272,182,true]},"rttpg_author":{"display_name":"Livio Nonis","author_link":"https:\/\/imagazine.it\/home_desk\/author\/nonis\/"},"rttpg_comment":0,"rttpg_category":"<a href=\"https:\/\/imagazine.it\/home_desk\/category\/attualita\/\" rel=\"category tag\">ATTUALIT\u00c0<\/a>","rttpg_excerpt":"Conclusa la terza edizione del concorso promosso dal Consiglio comunale dei ragazzi. Ecco tutti i premiati","_links":{"self":[{"href":"https:\/\/imagazine.it\/home_desk\/wp-json\/wp\/v2\/posts\/65808","targetHints":{"allow":["GET"]}}],"collection":[{"href":"https:\/\/imagazine.it\/home_desk\/wp-json\/wp\/v2\/posts"}],"about":[{"href":"https:\/\/imagazine.it\/home_desk\/wp-json\/wp\/v2\/types\/post"}],"author":[{"embeddable":true,"href":"https:\/\/imagazine.it\/home_desk\/wp-json\/wp\/v2\/users\/22"}],"replies":[{"embeddable":true,"href":"https:\/\/imagazine.it\/home_desk\/wp-json\/wp\/v2\/comments?post=65808"}],"version-history":[{"count":0,"href":"https:\/\/imagazine.it\/home_desk\/wp-json\/wp\/v2\/posts\/65808\/revisions"}],"wp:featuredmedia":[{"embeddable":true,"href":"https:\/\/imagazine.it\/home_desk\/wp-json\/wp\/v2\/media\/65809"}],"wp:attachment":[{"href":"https:\/\/imagazine.it\/home_desk\/wp-json\/wp\/v2\/media?parent=65808"}],"wp:term":[{"taxonomy":"category","embeddable":true,"href":"https:\/\/imagazine.it\/home_desk\/wp-json\/wp\/v2\/categories?post=65808"},{"taxonomy":"post_tag","embeddable":true,"href":"https:\/\/imagazine.it\/home_desk\/wp-json\/wp\/v2\/tags?post=65808"}],"curies":[{"name":"wp","href":"https:\/\/api.w.org\/{rel}","templated":true}]}}